{"id":960,"date":"2013-04-08T10:13:34","date_gmt":"2013-04-08T08:13:34","guid":{"rendered":"http:\/\/www.npsconsulting-avocats.fr\/NPS\/?p=960"},"modified":"2013-12-18T17:15:47","modified_gmt":"2013-12-18T15:15:47","slug":"formation-creer-et-gerer-son-fonds-de-dotation","status":"publish","type":"post","link":"https:\/\/www.npsconsulting-avocats.fr\/NPS\/formation-creer-et-gerer-son-fonds-de-dotation\/","title":{"rendered":"Formation Atelier-d\u00e9bats ISBL CONSULTANTS \u00ab\u00a0Cr\u00e9er et g\u00e9rer son fonds de dotation\u00a0\u00bb (Lyon, 30 mai 2013)"},"content":{"rendered":"<p>Le jeudi 30 mai 2013 aura lieu \u00e0 Lyon une formation sur le th\u00e8me suivant : \u00ab\u00a0<em>Cr\u00e9er et g\u00e9rer son fonds de dotation<\/em>\u00ab\u00a0.<\/p>\n<p>Cette formation sera dispens\u00e9e par Me Colas AMBLARD, docteur en droit, avocat associ\u00e9, Ma\u00eetre de conf\u00e9rences associ\u00e9 \u00e0 l&rsquo;Universit\u00e9 Jean Moulin Lyon III, auteur de l&rsquo;ouvrage intitul\u00e9 : \u00ab\u00a0<em>Fonds de dotation, une r\u00e9volution dans le monde des institutions sans but lucratif<\/em>\u00ab\u00a0, \u00e9d. Lamy, collec. Axe Droit, mars 2010.<\/p>\n<p>Elle est organis\u00e9e par la Soci\u00e9t\u00e9 de formation ISBL CONSULTANTS en partenariat avec la Soci\u00e9t\u00e9 d\u2019\u00e9ditions Wolters-Kluwer Lamy Associations.<\/p>\n<p>Nombre de places limit\u00e9. R\u00e9servez d\u00e8s maintenant.<\/p>\n<p style=\"text-align: center;\">***<\/p>\n<p><strong>Renseignements<\/strong> : Valentina RICCI &#8211; ISBL CONSULTANTS 8 quai Tilsitt &#8211; 69002 Lyon &#8211; contact@isbl-consultants.fr<\/p>\n<p>Nombre de places limit\u00e9.<\/p>\n<p><strong>Horaires<\/strong>\u00a0: 9H30 &#8211; 17H00<\/p>\n<p><strong>Lieu<\/strong>\u00a0: Lyon centre ville<\/p>\n<p>Les Ateliers-D\u00e9bats ISBL CONSULTANTS sont organis\u00e9s en partenariat avec les \u00c9ditions Wolters Kluwer France &#8211; Lamy Associations. Remise gratuite du bulletin Lamy Associations Actualit\u00e9s lors des journ\u00e9es Ateliers &#8211; D\u00e9bats.<\/p>\n<p>Pour plus d&rsquo;informations : <a title=\"cliquez ici\" href=\"http:\/\/www.isbl-consultants.fr\/creer_et_gerer_son_fonds_de_dotation1c0.html?PHPSESSID=b9575c0db517c9848b24c59c9ae0041e\">cliquez ici<\/a><\/p>\n","protected":false},"excerpt":{"rendered":"<p>Le jeudi 30 mai 2013 aura lieu \u00e0 Lyon une formation sur le th\u00e8me suivant : \u00ab\u00a0Cr\u00e9er et g\u00e9rer son fonds de dotation\u00ab\u00a0. Cette formation sera dispens\u00e9e par Me Colas AMBLARD, docteur en droit, avocat associ\u00e9, Ma\u00eetre de conf\u00e9rences associ\u00e9 \u00e0 l&rsquo;Universit\u00e9 Jean Moulin Lyon III, auteur de l&rsquo;ouvrage intitul\u00e9 : \u00ab\u00a0Fonds de dotation, une [&hellip;]<\/p>\n","protected":false},"author":2,"featured_media":0,"comment_status":"open","ping_status":"open","sticky":false,"template":"","format":"standard","meta":{"site-sidebar-layout":"default","site-content-layout":"","ast-site-content-layout":"default","site-content-style":"default","site-sidebar-style":"default","ast-global-header-display":"","ast-banner-title-visibility":"","ast-main-header-display":"","ast-hfb-above-header-display":"","ast-hfb-below-header-display":"","ast-hfb-mobile-header-display":"","site-post-title":"","ast-breadcrumbs-content":"","ast-featured-img":"","footer-sml-layout":"","ast-disable-related-posts":"","theme-transparent-header-meta":"","adv-header-id-meta":"","stick-header-meta":"","header-above-stick-meta":"","header-main-stick-meta":"","header-below-stick-meta":"","astra-migrate-meta-layouts":"default","ast-page-background-enabled":"default","ast-page-background-meta":{"desktop":{"background-color":"var(--ast-global-color-4)","background-image":"","background-repeat":"repeat","background-position":"center center","background-size":"auto","background-attachment":"scroll","background-type":"","background-media":"","overlay-type":"","overlay-color":"","overlay-opacity":"","overlay-gradient":""},"tablet":{"background-color":"","background-image":"","background-repeat":"repeat","background-position":"center center","background-size":"auto","background-attachment":"scroll","background-type":"","background-media":"","overlay-type":"","overlay-color":"","overlay-opacity":"","overlay-gradient":""},"mobile":{"background-color":"","background-image":"","background-repeat":"repeat","background-position":"center center","background-size":"auto","background-attachment":"scroll","background-type":"","background-media":"","overlay-type":"","overlay-color":"","overlay-opacity":"","overlay-gradient":""}},"ast-content-background-meta":{"desktop":{"background-color":"var(--ast-global-color-5)","background-image":"","background-repeat":"repeat","background-position":"center center","background-size":"auto","background-attachment":"scroll","background-type":"","background-media":"","overlay-type":"","overlay-color":"","overlay-opacity":"","overlay-gradient":""},"tablet":{"background-color":"var(--ast-global-color-5)","background-image":"","background-repeat":"repeat","background-position":"center center","background-size":"auto","background-attachment":"scroll","background-type":"","background-media":"","overlay-type":"","overlay-color":"","overlay-opacity":"","overlay-gradient":""},"mobile":{"background-color":"var(--ast-global-color-5)","background-image":"","background-repeat":"repeat","background-position":"center center","background-size":"auto","background-attachment":"scroll","background-type":"","background-media":"","overlay-type":"","overlay-color":"","overlay-opacity":"","overlay-gradient":""}},"footnotes":""},"categories":[105],"tags":[9,43,119,120,138,118,139,140,126,79,42,77,49,68,18,6,76,14,107],"class_list":["post-960","post","type-post","status-publish","format-standard","hentry","category-formation-2","tag-avocat","tag-colas-amblard","tag-docteur-en-droit","tag-droit-des-affaires","tag-droit-des-associations","tag-droit-des-associations-et-des-federations","tag-droit-des-fondations","tag-droit-des-fonds-de-dotation","tag-fiscalite-des-associations","tag-fonds-de-dotation","tag-isbl","tag-isbl-consultants","tag-mecenat","tag-mecenat-culturel","tag-mecenat-sportif","tag-nonprofit-sector","tag-nps-consulting","tag-organisme-sans-but-lucratif","tag-www-isbl-consultants-fr"],"_links":{"self":[{"href":"https:\/\/www.npsconsulting-avocats.fr\/NPS\/wp-json\/wp\/v2\/posts\/960","targetHints":{"allow":["GET"]}}],"collection":[{"href":"https:\/\/www.npsconsulting-avocats.fr\/NPS\/wp-json\/wp\/v2\/posts"}],"about":[{"href":"https:\/\/www.npsconsulting-avocats.fr\/NPS\/wp-json\/wp\/v2\/types\/post"}],"author":[{"embeddable":true,"href":"https:\/\/www.npsconsulting-avocats.fr\/NPS\/wp-json\/wp\/v2\/users\/2"}],"replies":[{"embeddable":true,"href":"https:\/\/www.npsconsulting-avocats.fr\/NPS\/wp-json\/wp\/v2\/comments?post=960"}],"version-history":[{"count":10,"href":"https:\/\/www.npsconsulting-avocats.fr\/NPS\/wp-json\/wp\/v2\/posts\/960\/revisions"}],"predecessor-version":[{"id":962,"href":"https:\/\/www.npsconsulting-avocats.fr\/NPS\/wp-json\/wp\/v2\/posts\/960\/revisions\/962"}],"wp:attachment":[{"href":"https:\/\/www.npsconsulting-avocats.fr\/NPS\/wp-json\/wp\/v2\/media?parent=960"}],"wp:term":[{"taxonomy":"category","embeddable":true,"href":"https:\/\/www.npsconsulting-avocats.fr\/NPS\/wp-json\/wp\/v2\/categories?post=960"},{"taxonomy":"post_tag","embeddable":true,"href":"https:\/\/www.npsconsulting-avocats.fr\/NPS\/wp-json\/wp\/v2\/tags?post=960"}],"curies":[{"name":"wp","href":"https:\/\/api.w.org\/{rel}","templated":true}]}}