{"id":780,"date":"2012-09-11T16:38:50","date_gmt":"2012-09-11T14:38:50","guid":{"rendered":"http:\/\/www.npsconsulting-avocats.fr\/NPS\/?p=780"},"modified":"2013-12-18T17:18:35","modified_gmt":"2013-12-18T15:18:35","slug":"nps-consulting-participe-au-colloque-gouvernance-associative-une-democratie-encadree","status":"publish","type":"post","link":"https:\/\/www.npsconsulting-avocats.fr\/NPS\/nps-consulting-participe-au-colloque-gouvernance-associative-une-democratie-encadree\/","title":{"rendered":"NPS CONSULTING participe au colloque \u00ab\u00a0Gouvernance associative, une d\u00e9mocratie encadr\u00e9e ?"},"content":{"rendered":"<p>&nbsp;<\/p>\n<p>Du fait de la libert\u00e9 d&rsquo;organisation offerte par la loi de 1901, les associations b\u00e9n\u00e9ficient d&rsquo;une grande souplesse d&rsquo;organisation interne, d&rsquo;o\u00f9 une extr\u00eame diversit\u00e9 et des pratiques de gouvernance largement m\u00e9connues.<\/p>\n<p>La gouvernance doit-elle \u00eatre d\u00e9mocratique, ind\u00e9pendante, professionnalis\u00e9e, militante ?<\/p>\n<p>Ce sont ces questions auxquelles vont tenter de r\u00e9pondre les avocats intervenants et leurs invit\u00e9s, lors du colloque du 5 octobre 2012 organis\u00e9 autour d&rsquo;une tribune le matin et d&rsquo;ateliers th\u00e9matiques l&rsquo;apr\u00e8s-midi, au cours desquels les participants pourront poser leurs questions.<!--more--><\/p>\n<p>Voir le programme : <a href=\"http:\/\/cnb.avocat.fr\/agenda\/Gouvernance-des-associations-une-democratie-encadree-Colloque-organise-par-le-barreau-de-Lyon_ae198986.html\">cliquez ici<\/a><\/p>\n<p>Bulletin d&rsquo;inscription : <a href=\"http:\/\/www.npsconsulting-avocats.fr\/NPS\/wp-content\/uploads\/2012\/09\/Gouvernance-des-associations-bulletin-dinscription.pdf\">Gouvernance des associations &#8211; bulletin d&rsquo;inscription<\/a><\/p>\n","protected":false},"excerpt":{"rendered":"<p>&nbsp; Du fait de la libert\u00e9 d&rsquo;organisation offerte par la loi de 1901, les associations b\u00e9n\u00e9ficient d&rsquo;une grande souplesse d&rsquo;organisation interne, d&rsquo;o\u00f9 une extr\u00eame diversit\u00e9 et des pratiques de gouvernance largement m\u00e9connues. La gouvernance doit-elle \u00eatre d\u00e9mocratique, ind\u00e9pendante, professionnalis\u00e9e, militante ? Ce sont ces questions auxquelles vont tenter de r\u00e9pondre les avocats intervenants et leurs [&hellip;]<\/p>\n","protected":false},"author":2,"featured_media":0,"comment_status":"open","ping_status":"open","sticky":false,"template":"","format":"standard","meta":{"site-sidebar-layout":"default","site-content-layout":"","ast-site-content-layout":"default","site-content-style":"default","site-sidebar-style":"default","ast-global-header-display":"","ast-banner-title-visibility":"","ast-main-header-display":"","ast-hfb-above-header-display":"","ast-hfb-below-header-display":"","ast-hfb-mobile-header-display":"","site-post-title":"","ast-breadcrumbs-content":"","ast-featured-img":"","footer-sml-layout":"","ast-disable-related-posts":"","theme-transparent-header-meta":"","adv-header-id-meta":"","stick-header-meta":"","header-above-stick-meta":"","header-main-stick-meta":"","header-below-stick-meta":"","astra-migrate-meta-layouts":"default","ast-page-background-enabled":"default","ast-page-background-meta":{"desktop":{"background-color":"var(--ast-global-color-4)","background-image":"","background-repeat":"repeat","background-position":"center center","background-size":"auto","background-attachment":"scroll","background-type":"","background-media":"","overlay-type":"","overlay-color":"","overlay-opacity":"","overlay-gradient":""},"tablet":{"background-color":"","background-image":"","background-repeat":"repeat","background-position":"center center","background-size":"auto","background-attachment":"scroll","background-type":"","background-media":"","overlay-type":"","overlay-color":"","overlay-opacity":"","overlay-gradient":""},"mobile":{"background-color":"","background-image":"","background-repeat":"repeat","background-position":"center center","background-size":"auto","background-attachment":"scroll","background-type":"","background-media":"","overlay-type":"","overlay-color":"","overlay-opacity":"","overlay-gradient":""}},"ast-content-background-meta":{"desktop":{"background-color":"var(--ast-global-color-5)","background-image":"","background-repeat":"repeat","background-position":"center center","background-size":"auto","background-attachment":"scroll","background-type":"","background-media":"","overlay-type":"","overlay-color":"","overlay-opacity":"","overlay-gradient":""},"tablet":{"background-color":"var(--ast-global-color-5)","background-image":"","background-repeat":"repeat","background-position":"center center","background-size":"auto","background-attachment":"scroll","background-type":"","background-media":"","overlay-type":"","overlay-color":"","overlay-opacity":"","overlay-gradient":""},"mobile":{"background-color":"var(--ast-global-color-5)","background-image":"","background-repeat":"repeat","background-position":"center center","background-size":"auto","background-attachment":"scroll","background-type":"","background-media":"","overlay-type":"","overlay-color":"","overlay-opacity":"","overlay-gradient":""}},"footnotes":""},"categories":[1],"tags":[9,138,139,140,126,31,32,33,34],"class_list":["post-780","post","type-post","status-publish","format-standard","hentry","category-non-classe","tag-avocat","tag-droit-des-associations","tag-droit-des-fondations","tag-droit-des-fonds-de-dotation","tag-fiscalite-des-associations","tag-gouvernance","tag-remuneration-des-dirigeants-associatifs","tag-seuil-des-34-du-smic","tag-transparence-financiere"],"_links":{"self":[{"href":"https:\/\/www.npsconsulting-avocats.fr\/NPS\/wp-json\/wp\/v2\/posts\/780","targetHints":{"allow":["GET"]}}],"collection":[{"href":"https:\/\/www.npsconsulting-avocats.fr\/NPS\/wp-json\/wp\/v2\/posts"}],"about":[{"href":"https:\/\/www.npsconsulting-avocats.fr\/NPS\/wp-json\/wp\/v2\/types\/post"}],"author":[{"embeddable":true,"href":"https:\/\/www.npsconsulting-avocats.fr\/NPS\/wp-json\/wp\/v2\/users\/2"}],"replies":[{"embeddable":true,"href":"https:\/\/www.npsconsulting-avocats.fr\/NPS\/wp-json\/wp\/v2\/comments?post=780"}],"version-history":[{"count":4,"href":"https:\/\/www.npsconsulting-avocats.fr\/NPS\/wp-json\/wp\/v2\/posts\/780\/revisions"}],"predecessor-version":[{"id":821,"href":"https:\/\/www.npsconsulting-avocats.fr\/NPS\/wp-json\/wp\/v2\/posts\/780\/revisions\/821"}],"wp:attachment":[{"href":"https:\/\/www.npsconsulting-avocats.fr\/NPS\/wp-json\/wp\/v2\/media?parent=780"}],"wp:term":[{"taxonomy":"category","embeddable":true,"href":"https:\/\/www.npsconsulting-avocats.fr\/NPS\/wp-json\/wp\/v2\/categories?post=780"},{"taxonomy":"post_tag","embeddable":true,"href":"https:\/\/www.npsconsulting-avocats.fr\/NPS\/wp-json\/wp\/v2\/tags?post=780"}],"curies":[{"name":"wp","href":"https:\/\/api.w.org\/{rel}","templated":true}]}}