{"id":3675,"date":"2026-03-11T14:25:49","date_gmt":"2026-03-11T12:25:49","guid":{"rendered":"https:\/\/www.npsconsulting-avocats.fr\/NPS\/?p=3675"},"modified":"2026-03-11T14:27:31","modified_gmt":"2026-03-11T12:27:31","slug":"elections-municipales-2026-faire-des-centres-de-sante-associatifs-un-levier-operationnel-contre-les-deserts-medicaux","status":"publish","type":"post","link":"https:\/\/www.npsconsulting-avocats.fr\/NPS\/elections-municipales-2026-faire-des-centres-de-sante-associatifs-un-levier-operationnel-contre-les-deserts-medicaux\/","title":{"rendered":"\u00c9lections municipales 2026 : faire des centres de sant\u00e9 associatifs un levier op\u00e9rationnel contre les d\u00e9serts m\u00e9dicaux"},"content":{"rendered":"<section class=\"container-wrap main-title alternate-color border-bottom breadcrumbs-container\">\n<div class=\"container\">\n<p class=\"page-title\"><strong style=\"font-size: 16px;\">La d\u00e9sertification m\u00e9dicale s\u2019est impos\u00e9e comme un enjeu de premi\u00e8re pr\u00e9occupation locale : difficult\u00e9s d\u2019acc\u00e8s au m\u00e9decin traitant, allongement des d\u00e9lais de rendez-vous, renoncements aux soins et report vers les urgences. Dans cette s\u00e9quence pr\u00e9-\u00e9lectorale, une commune (ou une intercommunalit\u00e9) peut inscrire dans son programme une politique structurante, imm\u00e9diatement lisible et juridiquement outill\u00e9e : cr\u00e9er un Centre de sant\u00e9 permettant de salarier des professionnels, d\u2019organiser une offre de soins de premier recours et de pr\u00e9vention, et de stabiliser une r\u00e9ponse territoriale de sant\u00e9 \u00e0 but non lucratif dans la dur\u00e9e. <\/strong><\/p>\n<p class=\"page-title\">Cette contribution propose une lecture juridique et op\u00e9rationnelle du Centre de sant\u00e9, avec un focus sur un choix souvent d\u00e9cisif en pratique : le portage associatif, ses avantages pour les communes et les pr\u00e9cautions \u00e0 prendre.<\/p>\n<\/div>\n<\/section>\n<section class=\"container-wrap main-color\">\n<div id=\"main-container\" class=\"container\">\n<div class=\"row\">\n<div class=\"template-page col-sm-12 tpl-no with-meta\">\n<div class=\"wrap-content\">\n<article id=\"post-901110957\" class=\"clearfix post-901110957 post type-post status-publish format-standard has-post-thumbnail hentry category-actualites category-actualites-2 category-associations-actualites-2 tag-associations tag-collectivite tag-cooperation tag-desert-medical tag-elections-2026 tag-ess\">\n<div class=\"article-content print-only\">\n<div class=\"pf-content\">\n<p>&nbsp;<\/p>\n<h4><strong>I. D\u00e9serts m\u00e9dicaux : objectiver le besoin pour s\u00e9curiser la d\u00e9cision publique<\/strong><\/h4>\n<ol>\n<li><strong>L\u2019accessibilit\u00e9 potentielle localis\u00e9e (APL) : un indicateur robuste pour diagnostiquer l\u2019acc\u00e8s au premier recours<\/strong><\/li>\n<\/ol>\n<p>La DREES (<span class=\"NA6bn BxUVEf ILfuVd\" lang=\"fr\"><span class=\"hgKElc pOOWX\">Direction de la recherche, des \u00e9tudes, de l\u2019\u00e9valuation et des statistiques),\u00a0<\/span><\/span>mesure l\u2019accessibilit\u00e9 via l\u2019accessibilit\u00e9 potentielle localis\u00e9e (APL), exprim\u00e9e en \u00ab\u00a0<em>consultations accessibles par habitant et par an\u00a0<\/em>\u00bb. Pour les m\u00e9decins g\u00e9n\u00e9ralistes, l\u2019accessibilit\u00e9 moyenne 2023 s\u2019\u00e9tablit \u00e0 3,3 consultations\/an\/habitant, en baisse sur un an (effet combin\u00e9 de l\u2019offre disponible, de l\u2019activit\u00e9 et de la dynamique d\u00e9mographique)<span class=\"footnote_referrer\"><a tabindex=\"0\" role=\"button\"><sup id=\"footnote_plugin_tooltip_901110957_1_1\" class=\"footnote_plugin_tooltip_text\">[1]<\/sup><\/a><\/span>. L\u2019APL a un int\u00e9r\u00eat strat\u00e9gique en contexte municipal : elle fournit une base objectivable pour qualifier le besoin, prioriser les sp\u00e9cialit\u00e9s, calibrer l\u2019amplitude horaire d\u2019ouverture du Centre et justifier le projet aupr\u00e8s des partenaires (ARS, Assurance maladie, \u00e9lus, habitants)<span class=\"footnote_referrer\"><a tabindex=\"0\" role=\"button\"><sup id=\"footnote_plugin_tooltip_901110957_1_2\" class=\"footnote_plugin_tooltip_text\">[2]<\/sup><\/a><\/span>.<\/p>\n<ol start=\"2\">\n<li><strong>Un paradoxe seulement apparent : hausse des effectifs, tensions territoriales persistantes<\/strong><\/li>\n<\/ol>\n<p>Au 1er janvier 2025, la France compte 237 200 m\u00e9decins en activit\u00e9, soit +1,6 % en un an ; on d\u00e9nombre 100 000 g\u00e9n\u00e9ralistes et 137 200 sp\u00e9cialistes<span class=\"footnote_referrer\"><a tabindex=\"0\" role=\"button\"><sup id=\"footnote_plugin_tooltip_901110957_1_3\" class=\"footnote_plugin_tooltip_text\">[3]<\/sup><\/a><\/span>. Ces chiffres, issus des donn\u00e9es RPPS diffus\u00e9es par la DREES, confirment une dynamique nationale positive, sans garantir m\u00e9caniquement une am\u00e9lioration locale de l\u2019acc\u00e8s aux soins : la question est moins celle du nombre total que celle de la r\u00e9partition, des conditions d\u2019exercice et de l\u2019organisation territoriale<span class=\"footnote_referrer\"><a tabindex=\"0\" role=\"button\"><sup id=\"footnote_plugin_tooltip_901110957_1_4\" class=\"footnote_plugin_tooltip_text\">[4]<\/sup><\/a><\/span>.<\/p>\n<ol start=\"3\">\n<li><strong>Les in\u00e9galit\u00e9s territoriales : la donn\u00e9e doit guider le \u00ab\u00a0<em>format<\/em>\u00a0\u00bb du Centre<\/strong><\/li>\n<\/ol>\n<p>Les \u00e9carts d\u2019acc\u00e8s sont un point d\u2019attention majeur : en s\u2019appuyant sur les donn\u00e9es DREES, certains travaux de synth\u00e8se mettent en \u00e9vidence un rapport d\u2019environ 1 \u00e0 4 entre les populations les mieux dot\u00e9es et les moins bien dot\u00e9es en acc\u00e8s au g\u00e9n\u00e9raliste (ex. 5,6 vs 1,4 consultations\/an selon des d\u00e9ciles)<span class=\"footnote_referrer\"><a tabindex=\"0\" role=\"button\"><sup id=\"footnote_plugin_tooltip_901110957_1_5\" class=\"footnote_plugin_tooltip_text\">[5]<\/sup><\/a><\/span>. En pratique, cela plaide pour l\u2019\u00e9laboration d\u2019une strat\u00e9gie municipale pr\u00e9cise : cibler (publics et besoins), phasage (ouverture progressive) et pilotage (indicateurs de suivi).<\/p>\n<p><strong>\u00a0<\/strong><\/p>\n<h4><strong>II. Le Centre de sant\u00e9 : un outil l\u00e9galement d\u00e9fini, \u00e0 forte intensit\u00e9 d\u2019organisation<\/strong><\/h4>\n<ol>\n<li><strong>D\u00e9finition et missions : pr\u00e9vention, diagnostic, soins, sans h\u00e9bergement<\/strong><\/li>\n<\/ol>\n<p>Le Code de la sant\u00e9 publique (CSP) qualifie les Centres de sant\u00e9 de structures sanitaires de proximit\u00e9 dispensant des soins de premier recours (et, le cas \u00e9ch\u00e9ant, de second recours), r\u00e9alisant des actions de pr\u00e9vention, diagnostic et soins, sans h\u00e9bergement<span class=\"footnote_referrer\"><a tabindex=\"0\" role=\"button\"><sup id=\"footnote_plugin_tooltip_901110957_1_6\" class=\"footnote_plugin_tooltip_text\">[6]<\/sup><\/a><\/span>. Ils sont ouverts \u00e0 toutes les personnes sollicitant une prise en charge relevant des comp\u00e9tences des professionnels y exer\u00e7ant, et r\u00e9alisent \u00e0 titre principal des prestations remboursables par l\u2019assurance maladie<span class=\"footnote_referrer\"><a tabindex=\"0\" role=\"button\"><sup id=\"footnote_plugin_tooltip_901110957_1_7\" class=\"footnote_plugin_tooltip_text\">[7]<\/sup><\/a><\/span>.<\/p>\n<ol start=\"2\">\n<li><strong>Gestionnaires possibles : la loi ouvre explicitement la voie d\u2019une offre de sant\u00e9 \u00e0 but non-lucratif au sein des communes<\/strong><\/li>\n<\/ol>\n<p>Le CSP pr\u00e9voit que les Centres de sant\u00e9 peuvent \u00eatre cr\u00e9\u00e9s et g\u00e9r\u00e9s notamment par des organismes \u00e0 but non lucratif (CSP, art. 6323-1-4) et par les communes ou leurs groupements (ainsi que d\u2019autres cat\u00e9gories d\u2019op\u00e9rateurs)<span class=\"footnote_referrer\"><a tabindex=\"0\" role=\"button\"><sup id=\"footnote_plugin_tooltip_901110957_1_8\" class=\"footnote_plugin_tooltip_text\">[8]<\/sup><\/a><\/span>. Cette liste est structurante : elle rend juridiquement \u00ab<em>\u00a0naturel<\/em>\u00a0\u00bb le couple commune \u2013 association pour porter un projet de Centre de sant\u00e9, sous r\u00e9serve d\u2019un montage conforme (cf. IV).<\/p>\n<ol start=\"3\">\n<li><strong>Activit\u00e9s sensibles : cas des activit\u00e9s dentaires\/ophtalmologiques<\/strong><\/li>\n<\/ol>\n<p>Le r\u00e9gime juridique des Centres de sant\u00e9 comporte des exigences sp\u00e9cifiques selon les activit\u00e9s. \u00c0 titre d\u2019exemple, certaines activit\u00e9s (dont dentaires \/ ophtalmologiques selon les cas pr\u00e9vus) rel\u00e8vent de m\u00e9canismes d\u2019agr\u00e9ment\/contr\u00f4le par l\u2019ARS<span class=\"footnote_referrer\"><a tabindex=\"0\" role=\"button\"><sup id=\"footnote_plugin_tooltip_901110957_1_9\" class=\"footnote_plugin_tooltip_text\">[9]<\/sup><\/a><\/span>. Cons\u00e9quence op\u00e9rationnelle : le projet municipal doit int\u00e9grer d\u00e8s l\u2019amont une cartographie des activit\u00e9s et une s\u00e9quence de conformit\u00e9, au risque d\u2019un retard d\u2019ouverture ou d\u2019une impossibilit\u00e9 de facturation dans des conditions s\u00e9curis\u00e9es.<\/p>\n<ol start=\"4\">\n<li><strong>Cr\u00e9ation d\u2019emplois non-d\u00e9localisables et revitalisation territoriale<\/strong><\/li>\n<\/ol>\n<p>En application de l\u2019article L 6323-1-5 du CSP, \u00ab\u00a0<em>l<\/em><em>es professionnels qui exercent au sein des centres de sant\u00e9 sont salari\u00e9s\u00a0<\/em>\u00bb et ces organismes priv\u00e9s \u00ab<em>\u00a0peuvent b\u00e9n\u00e9ficier de la participation de b\u00e9n\u00e9voles \u00e0 leurs activit\u00e9s.<\/em>\u00a0\u00bb Ce combo \u00ab\u00a0<em>salari\u00e9s-b\u00e9n\u00e9voles<\/em>\u00a0\u00bb dans le cadre de la gestion d\u2019une offre de sant\u00e9 non-lucrative et adapt\u00e9e aux besoins sp\u00e9cifiques des territoires (m\u00e9decine g\u00e9n\u00e9rale, dentisterie, p\u00e9diatrie, ophtalmologie, sant\u00e9 sexuelle, etc.) participe \u00e0 la revitalisation du territoire. Dans les zones non pourvues de syst\u00e8me de sant\u00e9 ad\u00e9quat, elle permet de lutter contre le renoncement \u00e0 de la population locale \u00e0 b\u00e9n\u00e9ficier de soins.<\/p>\n<h4><\/h4>\n<h4><strong>III. D\u2019une promesse de campagne \u00e0 une politique de mandat : m\u00e9thode et gouvernance<\/strong><\/h4>\n<p>Un Centre de sant\u00e9 est une politique locale de sant\u00e9 qui doit \u00eatre pilot\u00e9e comme un projet public \u00e0 risques (RH, finances, conformit\u00e9, acceptabilit\u00e9). Trois exigences structurent un programme cr\u00e9dible :<\/p>\n<ul>\n<li>Diagnostic objectiv\u00e9 : APL, donn\u00e9es de d\u00e9mographie, file active, d\u00e9lais, articulation avec l\u2019offre existante (CPTS, MSP, cabinets, h\u00f4pital).<\/li>\n<li>Trajectoire r\u00e9aliste : pr\u00e9figuration, ouverture (m\u00eame partielle), mont\u00e9e en charge.<\/li>\n<li>Gouvernance et transparence : comit\u00e9 de suivi, indicateurs, conventions, contr\u00f4le de l\u2019usage des fonds publics si soutien communal.<\/li>\n<\/ul>\n<p>\u00c0 cet \u00e9gard, le levier conventionnel est central : l\u2019Accord national des Centres de sant\u00e9 (sign\u00e9 le 28 ao\u00fbt 2025) organise le cadre de relations avec l\u2019Assurance maladie ; il est publi\u00e9 au Journal officiel et d\u00e9clin\u00e9 par l\u2019Assurance maladie et ses circulaires d\u2019application<span class=\"footnote_referrer\"><a tabindex=\"0\" role=\"button\"><sup id=\"footnote_plugin_tooltip_901110957_1_10\" class=\"footnote_plugin_tooltip_text\">[10]<\/sup><\/a><\/span><span class=\"footnote_referrer\"><a tabindex=\"0\" role=\"button\"><sup id=\"footnote_plugin_tooltip_901110957_1_11\" class=\"footnote_plugin_tooltip_text\">[11]<\/sup><\/a><\/span><span class=\"footnote_referrer\"><a tabindex=\"0\" role=\"button\"><sup id=\"footnote_plugin_tooltip_901110957_1_12\" class=\"footnote_plugin_tooltip_text\">[12]<\/sup><\/a><\/span><span class=\"footnote_referrer\"><a tabindex=\"0\" role=\"button\"><sup id=\"footnote_plugin_tooltip_901110957_1_13\" class=\"footnote_plugin_tooltip_text\">[13]<\/sup><\/a><\/span>.<\/p>\n<p>&nbsp;<\/p>\n<h4><strong>IV. Pourquoi un portage associatif ? Int\u00e9r\u00eats pour les communes et pr\u00e9cautions juridiques<\/strong><\/h4>\n<h5><\/h5>\n<h5><strong>A. Int\u00e9r\u00eats op\u00e9rationnels et politiques du portage associatif<\/strong><\/h5>\n<p>Le portage associatif peut constituer, pour une commune, un compromis robuste entre capacit\u00e9 d\u2019action et ma\u00eetrise du risque, d\u00e8s lors que l\u2019association est un organisme \u00e0 but non lucratif \u00e9ligible \u00e0 la gestion d\u2019un Centre de sant\u00e9 au sens du CSP, art. 6323-1 et suivants.<\/p>\n<ol>\n<li><strong>Souplesse de gestion et attractivit\u00e9 RH<\/strong><\/li>\n<\/ol>\n<p>Le Centre de sant\u00e9 repose souvent sur une organisation de travail salari\u00e9e (planning, secr\u00e9tariat, coordination, protocoles internes). Le portage associatif facilite, en pratique, une gestion RH plus agile (recrutement, modulation, fonctions support), tout en permettant \u00e0 la commune de rester pilote de la politique publique via des conventions et un suivi.<\/p>\n<ol start=\"2\">\n<li><strong>Gouvernance pluripartite et ancrage territorial<\/strong><\/li>\n<\/ol>\n<p>Une association permet d\u2019embarquer, dans la gouvernance, des partenaires de terrain (acteurs de pr\u00e9vention, m\u00e9dico-social, repr\u00e9sentants d\u2019usagers) et de donner au Centre une l\u00e9gitimit\u00e9 d\u2019\u00e9cosyst\u00e8me, ce qui peut \u00eatre d\u00e9terminant pour la coop\u00e9ration locale (parcours, pr\u00e9vention, acc\u00e8s aux droits).<\/p>\n<ol start=\"3\">\n<li><strong>S\u00e9curisation budg\u00e9taire et lisibilit\u00e9 des flux<\/strong><\/li>\n<\/ol>\n<p>Le portage associatif s\u00e9pare les flux (comptes, recettes d\u2019activit\u00e9, subventions, m\u00e9c\u00e9nat \u00e9ventuel), clarifie les co\u00fbts complets et facilite le suivi par objectifs. C\u2019est souvent un avantage en municipalit\u00e9 : la commune peut soutenir le d\u00e9marrage (locaux, investissement, subvention d\u2019amor\u00e7age), tout en gardant une lecture distincte des comptes du Centre (conventions, reporting, indicateurs).<\/p>\n<ol start=\"4\">\n<li><strong>Compatibilit\u00e9 avec les politiques de revitalisation<\/strong><\/li>\n<\/ol>\n<p>Au-del\u00e0 de la sant\u00e9, le Centre de sant\u00e9 peut jouer un r\u00f4le d\u2019\u00ab\u00a0<em>attracteur\u00a0<\/em>\u00bb de fr\u00e9quentation et de services de proximit\u00e9, fr\u00e9quemment mobilis\u00e9 dans les strat\u00e9gies de Centre-ville<span class=\"footnote_referrer\"><a tabindex=\"0\" role=\"button\"><sup id=\"footnote_plugin_tooltip_901110957_1_14\" class=\"footnote_plugin_tooltip_text\">[14]<\/sup><\/a><\/span>.<br \/>\nL\u2019argument politique est alors double : sant\u00e9 pour les habitants, et \u00ab<em>\u00a0service essentiel\u00a0<\/em>\u00bb de maintien de population et d\u2019activit\u00e9.<\/p>\n<p>&nbsp;<\/p>\n<h5><strong>B. Les pr\u00e9cautions juridiques indispensables (commune \u2013 association)<\/strong><\/h5>\n<p>Le portage associatif est efficace\u2026 \u00e0 condition d\u2019\u00e9viter deux \u00e9cueils :<\/p>\n<ul>\n<li>Financer une prestation d\u00e9guis\u00e9e sans le bon v\u00e9hicule juridique ;<\/li>\n<li>Exercer un contr\u00f4le tel que l\u2019association devienne \u00ab\u00a0transparente\u00a0\u00bb et que la commune supporte, de facto, des risques de gestion.<\/li>\n<\/ul>\n<ol>\n<li><strong>Choisir le bon instrument : subvention, march\u00e9 public, concession\/DSP ?<\/strong><\/li>\n<\/ol>\n<p>La question clef est la suivante : la commune finance-t-elle un projet port\u00e9 par l\u2019association (logique de subvention), ou ach\u00e8te-t-elle une prestation r\u00e9pondant \u00e0 ses besoins (logique de commande publique) ? La jurisprudence du Conseil d\u2019\u00c9tat du 06 avril 2007 (Commune d\u2019Aix-en-Provence)<span class=\"footnote_referrer\"><a tabindex=\"0\" role=\"button\"><sup id=\"footnote_plugin_tooltip_901110957_1_15\" class=\"footnote_plugin_tooltip_text\">[15]<\/sup><\/a><\/span>\u00a0rappelle le cadre d\u2019analyse : une association peut g\u00e9rer une activit\u00e9 d\u2019int\u00e9r\u00eat g\u00e9n\u00e9ral et recevoir des subventions sans que cela impose m\u00e9caniquement une d\u00e9l\u00e9gation de service public, mais la qualification d\u00e9pend de l\u2019initiative du projet, des obligations impos\u00e9es, des contreparties et du mode de r\u00e9mun\u00e9ration<span class=\"footnote_referrer\"><a tabindex=\"0\" role=\"button\"><sup id=\"footnote_plugin_tooltip_901110957_1_16\" class=\"footnote_plugin_tooltip_text\">[16]<\/sup><\/a><\/span>.<\/p>\n<p>Cons\u00e9quences pratiques :<\/p>\n<ul>\n<li>Subventions en num\u00e9raire (dispositif \u00ab\u00a0<em>Teulade<\/em>\u00a0\u00bb) ou en nature (mise \u00e0 disposition gratuite de locaux municipaux)<span class=\"footnote_referrer\"><a tabindex=\"0\" role=\"button\"><sup id=\"footnote_plugin_tooltip_901110957_1_17\" class=\"footnote_plugin_tooltip_text\">[17]<\/sup><\/a><\/span>\u00a0possibles, si l\u2019association porte un projet d\u2019int\u00e9r\u00eat g\u00e9n\u00e9ral, avec objectifs, et que la contribution publique ne r\u00e9mun\u00e8re pas une prestation individualis\u00e9e au profit de la commune ;<\/li>\n<li>Cr\u00e9ation d\u2019un fonds de dotation<span class=\"footnote_referrer\"><a tabindex=\"0\" role=\"button\"><sup id=\"footnote_plugin_tooltip_901110957_1_18\" class=\"footnote_plugin_tooltip_text\">[18]<\/sup><\/a><\/span>\u00a0envisageable pour aider au financement du Centre de sant\u00e9 sous forme associative dans un cadre de d\u00e9veloppement territorial au service du plus grand nombre ;<\/li>\n<li>March\u00e9 public\/contrat si la commune est \u00e0 l\u2019origine du projet et d\u00e9finit pr\u00e9cis\u00e9ment son besoin en r\u00e9mun\u00e9rant une prestation ;<\/li>\n<li>Concession\/DSP si la gestion d\u2019un service public municipal est confi\u00e9e avec transfert du risque d\u2019exploitation (analyse au cas par cas) \u00e0 un op\u00e9rateur de sant\u00e9.<\/li>\n<\/ul>\n<ol start=\"2\">\n<li><strong>\u00c9viter l\u2019\u00ab\u00a0<em>association transparente<\/em>\u00bb : pr\u00e9server une autonomie r\u00e9elle<\/strong><\/li>\n<\/ol>\n<p>Sans entrer dans un contentieux d\u2019\u00a0\u00ab\u00a0<em>organisme \u00e9cran<\/em>\u00a0\u00bb, un principe de prudence s\u2019impose : si la commune contr\u00f4le enti\u00e8rement l\u2019association (gouvernance, d\u00e9cisions, finances, personnel, strat\u00e9gie) et que le Centre n\u2019a pas d\u2019autonomie r\u00e9elle, la s\u00e9paration juridique perd de sa substance, et le risque de requalification augmente (responsabilit\u00e9s, contentieux, gestion de fait selon situations, etc.). Le montage doit donc m\u00e9nager une autonomie statutaire et fonctionnelle, tout en garantissant \u00e0 la commune un pilotage par objectifs (convention, indicateurs, clauses de transparence).<\/p>\n<ol start=\"3\">\n<li><strong>Assumer le contr\u00f4le l\u00e9gal des subventions : transparence, comptes, r\u00e9sultats<\/strong><\/li>\n<\/ol>\n<p>Le CGCT (Code g\u00e9n\u00e9ral des collectivit\u00e9s territoriales) permet le contr\u00f4le des associations subventionn\u00e9es par la collectivit\u00e9, notamment via la communication des budgets et comptes, et le suivi de l\u2019emploi des fonds<span class=\"footnote_referrer\"><a tabindex=\"0\" role=\"button\"><sup id=\"footnote_plugin_tooltip_901110957_1_19\" class=\"footnote_plugin_tooltip_text\">[19]<\/sup><\/a><\/span>. \u00a0Le S\u00e9nat rappelle r\u00e9guli\u00e8rement l\u2019outillage juridique de ce contr\u00f4le et l\u2019int\u00e9r\u00eat de conventions pr\u00e9cises<span class=\"footnote_referrer\"><a tabindex=\"0\" role=\"button\"><sup id=\"footnote_plugin_tooltip_901110957_1_20\" class=\"footnote_plugin_tooltip_text\">[20]<\/sup><\/a><\/span>. Traduction op\u00e9rationnelle : convention(s) de subvention d\u00e9taillant l\u2019objet, les objectifs, les indicateurs, la gouvernance, les conditions de reversement \u00e9ventuel, et les obligations de reddition.<\/p>\n<ol start=\"4\">\n<li><strong>Anticiper la fiscalit\u00e9 de l\u2019activit\u00e9 : simplicit\u00e9 sur la TVA, vigilance sur l\u2019\u00e9quilibre global<\/strong><\/li>\n<\/ol>\n<p>Sur la TVA, l\u2019exon\u00e9ration des soins dispens\u00e9s par les professions m\u00e9dicales et param\u00e9dicales est explicit\u00e9e par l\u2019administration fiscale, notamment sur le fondement de l\u2019article 261 du Code g\u00e9n\u00e9ral des imp\u00f4ts<span class=\"footnote_referrer\"><a tabindex=\"0\" role=\"button\"><sup id=\"footnote_plugin_tooltip_901110957_1_21\" class=\"footnote_plugin_tooltip_text\">[21]<\/sup><\/a><\/span>. Pour le reste (imp\u00f4t sur la soci\u00e9t\u00e9 et taxe sur les salaires), l\u2019analyse d\u00e9pendra du portage retenu, de la structuration des recettes et des activit\u00e9s connexes : c\u2019est un point \u00e0 int\u00e9grer d\u00e8s la pr\u00e9figuration, sans attendre l\u2019ouverture.<\/p>\n<p>&nbsp;<\/p>\n<h4><strong>Conclusion<\/strong><\/h4>\n<p>Faire des Centres de sant\u00e9 un marqueur programmatique municipal n\u2019a de port\u00e9e que si l\u2019annonce se traduit en politique de mandat : diagnostic, trajectoire, gouvernance et conformit\u00e9. Le droit offre une base solide : le Centre de sant\u00e9 est d\u00e9fini par le Code de la sant\u00e9 publique, et sa gestion est ouverte aux communes comme aux organismes \u00e0 but non lucratif. Dans ce cadre, le portage associatif peut \u00eatre un levier de d\u00e9veloppement territorial particuli\u00e8rement efficace, \u00e0 condition de s\u00e9curiser le montage : bon instrument juridique (subvention\/commande publique), autonomie r\u00e9elle de l\u2019association, conventions et contr\u00f4le, et anticipation des \u00e9quilibres fiscaux. Ainsi pr\u00e9sent\u00e9, le Centre de sant\u00e9 cesse d\u2019\u00eatre une promesse de campagne incantatoire : il devient un outil op\u00e9rationnel de lutte contre les d\u00e9serts m\u00e9dicaux.<\/p>\n<p>&nbsp;<\/p>\n<p><img loading=\"lazy\" decoding=\"async\" class=\"\" src=\"https:\/\/institut-isbl.fr\/wp-content\/uploads\/sites\/3\/2019\/04\/colas-AMBLARD-300x300.jpg\" alt=\"Colas Amblard\" width=\"189\" height=\"189\" \/><\/p>\n<p><strong>Colas Amblard, docteur en droit, avocat\u00a0<\/strong><\/p>\n<p>&nbsp;<\/p>\n<p>&nbsp;<\/p>\n<p><strong>En savoir plus :<\/strong><\/p>\n<p class=\"page-title\"><a href=\"https:\/\/institut-isbl.fr\/les-centres-de-sante-un-engagement-renforce-de-letat-et-des-ars-en-2025\/\" target=\"_blank\" rel=\"noopener\">Centres de sant\u00e9 : un engagement renforc\u00e9 de l\u2019\u00c9tat et des ARS en 2025, C. Amblard, Institut ISBL avril 2025<\/a><\/p>\n<p class=\"page-title\"><a href=\"https:\/\/institut-isbl.fr\/centres-de-sante-vers-un-renforcement-de-lencadrement\/\" target=\"_blank\" rel=\"noopener\">Centres de sant\u00e9 : vers un renforcement de l\u2019encadrement, C. Amblard, Institut ISBL septembre 2023<\/a><\/p>\n<p class=\"page-title\"><a href=\"https:\/\/institut-isbl.fr\/centres-de-sante-sous-forme-de-scic-pas-dabattement-de-taxe-sur-les-salaires-mais-des-amenagements-possibles\/\" target=\"_blank\" rel=\"noopener\">Centres de sant\u00e9 sous forme de SCIC : pas d\u2019abattement de taxe sur les salaires mais des am\u00e9nagements possibles, C. Amblard, Institut ISBL, septembre 2020<\/a><\/p>\n<p><a href=\"https:\/\/institut-isbl.fr\/centres-de-sante-un-remede-a-la-desertification-medicale\/\">C. Amblard, Centres de sant\u00e9\u00a0: un rem\u00e8de \u00e0 la d\u00e9sertification m\u00e9dicale, Juris associations, 1<sup>er<\/sup> juin 2020, n\u00b0620, pp. 32 \u00e0 35<\/a><\/p>\n<p>&nbsp;<\/p>\n<\/div>\n<div class=\"abh_box abh_box_down abh_box_business\"><\/div>\n<div class=\"speaker-mute footnotes_reference_container\">\n<div id=\"footnote_references_container_901110957_1\">\n<table class=\"footnotes_table footnote-reference-container\">\n<caption class=\"accessibility\">R\u00e9f\u00e9rences<\/caption>\n<tbody>\n<tr class=\"footnotes_plugin_reference_row\">\n<th class=\"footnote_plugin_index_combi pointer\" scope=\"row\"><a id=\"footnote_plugin_reference_901110957_1_1\" class=\"footnote_backlink\"><\/a><span class=\"footnote_index_arrow\">\u2191<\/span>1<\/th>\n<td class=\"footnote_plugin_text\">DREES, Accessibilit\u00e9 aux soins de premier recours en 2023 : d\u00e9gradation de l\u2019accessibilit\u00e9 aux m\u00e9decins g\u00e9n\u00e9ralistes\u2026, jeux de donn\u00e9es, paru le 20\/12\/2024.<\/td>\n<\/tr>\n<tr class=\"footnotes_plugin_reference_row\">\n<th class=\"footnote_plugin_index_combi pointer\" scope=\"row\"><a id=\"footnote_plugin_reference_901110957_1_2\" class=\"footnote_backlink\"><\/a><span class=\"footnote_index_arrow\">\u2191<\/span>2<\/th>\n<td class=\"footnote_plugin_text\">Assembl\u00e9e nationale, Rapport n\u00b0 1180 (commission des affaires sociales), 26\/03\/2025 (passages citant l\u2019APL 2023 et l\u2019\u00e9volution 2022\u20132023).<\/td>\n<\/tr>\n<tr class=\"footnotes_plugin_reference_row\">\n<th class=\"footnote_plugin_index_combi pointer\" scope=\"row\"><a id=\"footnote_plugin_reference_901110957_1_3\" class=\"footnote_backlink\"><\/a><span class=\"footnote_index_arrow\">\u2191<\/span>3<\/th>\n<td class=\"footnote_plugin_text\">DREES, D\u00e9mographie des professionnels de sant\u00e9 au 1er janvier 2025, communiqu\u00e9 de presse, 28\/07\/2025.<\/td>\n<\/tr>\n<tr class=\"footnotes_plugin_reference_row\">\n<th class=\"footnote_plugin_index_combi pointer\" scope=\"row\"><a id=\"footnote_plugin_reference_901110957_1_4\" class=\"footnote_backlink\"><\/a><span class=\"footnote_index_arrow\">\u2191<\/span>4<\/th>\n<td class=\"footnote_plugin_text\">DREES, 237 200 m\u00e9decins sont en activit\u00e9 en France au 1er janvier 2025, jeux de donn\u00e9es, 28\/07\/2025.<\/td>\n<\/tr>\n<tr class=\"footnotes_plugin_reference_row\">\n<th class=\"footnote_plugin_index_combi pointer\" scope=\"row\"><a id=\"footnote_plugin_reference_901110957_1_5\" class=\"footnote_backlink\"><\/a><span class=\"footnote_index_arrow\">\u2191<\/span>5<\/th>\n<td class=\"footnote_plugin_text\">Caisse des D\u00e9p\u00f4ts, Le d\u00e9ficit d\u2019offre de soins de premier recours\u2026, billet (donn\u00e9es DREES reprises), 09\/01\/2026.<\/td>\n<\/tr>\n<tr class=\"footnotes_plugin_reference_row\">\n<th class=\"footnote_plugin_index_combi pointer\" scope=\"row\"><a id=\"footnote_plugin_reference_901110957_1_6\" class=\"footnote_backlink\"><\/a><span class=\"footnote_index_arrow\">\u2191<\/span>6<\/th>\n<td class=\"footnote_plugin_text\">Code de la sant\u00e9 publique, Chapitre III : Centres de sant\u00e9 (dispositions g\u00e9n\u00e9rales).<\/td>\n<\/tr>\n<tr class=\"footnotes_plugin_reference_row\">\n<th class=\"footnote_plugin_index_combi pointer\" scope=\"row\"><a id=\"footnote_plugin_reference_901110957_1_7\" class=\"footnote_backlink\"><\/a><span class=\"footnote_index_arrow\">\u2191<\/span>7<\/th>\n<td class=\"footnote_plugin_text\">Code de la sant\u00e9 publique, art. L6323-1 (extraits sur missions \/ ouverture \u00e0 tous \/ prestations remboursables)<\/td>\n<\/tr>\n<tr class=\"footnotes_plugin_reference_row\">\n<th class=\"footnote_plugin_index_combi pointer\" scope=\"row\"><a id=\"footnote_plugin_reference_901110957_1_8\" class=\"footnote_backlink\"><\/a><span class=\"footnote_index_arrow\">\u2191<\/span>8<\/th>\n<td class=\"footnote_plugin_text\">Code de la sant\u00e9 publique, art. L6323-1-3 (liste des gestionnaires : organismes \u00e0 but non lucratif, communes ou groupements, etc.).<\/td>\n<\/tr>\n<tr class=\"footnotes_plugin_reference_row\">\n<th class=\"footnote_plugin_index_combi pointer\" scope=\"row\"><a id=\"footnote_plugin_reference_901110957_1_9\" class=\"footnote_backlink\"><\/a><span class=\"footnote_index_arrow\">\u2191<\/span>9<\/th>\n<td class=\"footnote_plugin_text\">Code de la sant\u00e9 publique, art. L6323-1-11 (r\u00e9gimes sp\u00e9cifiques selon activit\u00e9s, dont dentaire\/ophtalmologique selon les cas).<\/td>\n<\/tr>\n<tr class=\"footnotes_plugin_reference_row\">\n<th class=\"footnote_plugin_index_combi pointer\" scope=\"row\"><a id=\"footnote_plugin_reference_901110957_1_10\" class=\"footnote_backlink\"><\/a><span class=\"footnote_index_arrow\">\u2191<\/span>10<\/th>\n<td class=\"footnote_plugin_text\">Assurance Maladie (ameli.fr), Accord national des Centres de sant\u00e9 (signature, \u00e9l\u00e9ments de mise en \u0153uvre), 23\/10\/2025.<\/td>\n<\/tr>\n<tr class=\"footnotes_plugin_reference_row\">\n<th class=\"footnote_plugin_index_combi pointer\" scope=\"row\"><a id=\"footnote_plugin_reference_901110957_1_11\" class=\"footnote_backlink\"><\/a><span class=\"footnote_index_arrow\">\u2191<\/span>11<\/th>\n<td class=\"footnote_plugin_text\">L\u00e9gifrance, Avis relatif \u00e0 l\u2019accord national destin\u00e9 \u00e0 organiser les rapports entre les Centres de sant\u00e9 et les caisses d\u2019Assurance maladie, Journal officiel, 15\/10\/2025.<\/td>\n<\/tr>\n<tr class=\"footnotes_plugin_reference_row\">\n<th class=\"footnote_plugin_index_combi pointer\" scope=\"row\"><a id=\"footnote_plugin_reference_901110957_1_12\" class=\"footnote_backlink\"><\/a><span class=\"footnote_index_arrow\">\u2191<\/span>12<\/th>\n<td class=\"footnote_plugin_text\">Assurance Maladie, Communiqu\u00e9 de presse \u2013 Signature d\u2019un nouvel accord national avec les Centres de sant\u00e9, 28\/08\/2025.<\/td>\n<\/tr>\n<tr class=\"footnotes_plugin_reference_row\">\n<th class=\"footnote_plugin_index_combi pointer\" scope=\"row\"><a id=\"footnote_plugin_reference_901110957_1_13\" class=\"footnote_backlink\"><\/a><span class=\"footnote_index_arrow\">\u2191<\/span>13<\/th>\n<td class=\"footnote_plugin_text\">Assurance Maladie, Circulaire CIR-12-2025 (mise \u00e0 jour 09\/12\/2025) relative au nouvel accord national des Centres de sant\u00e9.<\/td>\n<\/tr>\n<tr class=\"footnotes_plugin_reference_row\">\n<th class=\"footnote_plugin_index_combi pointer\" scope=\"row\"><a id=\"footnote_plugin_reference_901110957_1_14\" class=\"footnote_backlink\"><\/a><span class=\"footnote_index_arrow\">\u2191<\/span>14<\/th>\n<td class=\"footnote_plugin_text\">ANCT, Mon Centre-ville 2030 \u2013 Synth\u00e8se de l\u2019exp\u00e9rimentation \/ 2025, PDF dat\u00e9 du 24\/09\/2025.<\/td>\n<\/tr>\n<tr class=\"footnotes_plugin_reference_row\">\n<th class=\"footnote_plugin_index_combi pointer\" scope=\"row\"><a id=\"footnote_plugin_reference_901110957_1_15\" class=\"footnote_backlink\"><\/a><span class=\"footnote_index_arrow\">\u2191<\/span>15<\/th>\n<td class=\"footnote_plugin_text\">Conseil d\u2019\u00c9tat, 6 avril 2007, Commune d\u2019Aix-en-Provence, n\u00b0 284736 (subventions\/gestion de service public : cadre d\u2019analyse).<\/td>\n<\/tr>\n<tr class=\"footnotes_plugin_reference_row\">\n<th class=\"footnote_plugin_index_combi pointer\" scope=\"row\"><a id=\"footnote_plugin_reference_901110957_1_16\" class=\"footnote_backlink\"><\/a><span class=\"footnote_index_arrow\">\u2191<\/span>16<\/th>\n<td class=\"footnote_plugin_text\">Conseil d\u2019\u00c9tat, ArianeWeb,\u00a0<em>d\u00e9cision 284736<\/em>, 06\/04\/2007.<\/td>\n<\/tr>\n<tr class=\"footnotes_plugin_reference_row\">\n<th class=\"footnote_plugin_index_combi pointer\" scope=\"row\"><a id=\"footnote_plugin_reference_901110957_1_17\" class=\"footnote_backlink\"><\/a><span class=\"footnote_index_arrow\">\u2191<\/span>17<\/th>\n<td class=\"footnote_plugin_text\">Code g\u00e9n\u00e9ral de la propri\u00e9t\u00e9 des personnes publiques, art. L. 2125-1, al. 8 ; TA Orl\u00e9ans, 12 nov. 2025, n\u00b02302018<\/td>\n<\/tr>\n<tr class=\"footnotes_plugin_reference_row\">\n<th class=\"footnote_plugin_index_combi pointer\" scope=\"row\"><a id=\"footnote_plugin_reference_901110957_1_18\" class=\"footnote_backlink\"><\/a><span class=\"footnote_index_arrow\">\u2191<\/span>18<\/th>\n<td class=\"footnote_plugin_text\">L. 2008-776 du 04 ao\u00fbt 2008, art. 140\u00a0; v. \u00e9gal. Institut ISBL, Fonds de dotation\u00a0: une opportunit\u00e9 strat\u00e9gique pour les collectivit\u00e9s territoriales, dossier, d\u00e9c. 2025<\/td>\n<\/tr>\n<tr class=\"footnotes_plugin_reference_row\">\n<th class=\"footnote_plugin_index_combi pointer\" scope=\"row\"><a id=\"footnote_plugin_reference_901110957_1_19\" class=\"footnote_backlink\"><\/a><span class=\"footnote_index_arrow\">\u2191<\/span>19<\/th>\n<td class=\"footnote_plugin_text\">Code g\u00e9n\u00e9ral des collectivit\u00e9s territoriales, art. L1611-4 (contr\u00f4le des associations subventionn\u00e9es).<\/td>\n<\/tr>\n<tr class=\"footnotes_plugin_reference_row\">\n<th class=\"footnote_plugin_index_combi pointer\" scope=\"row\"><a id=\"footnote_plugin_reference_901110957_1_20\" class=\"footnote_backlink\"><\/a><span class=\"footnote_index_arrow\">\u2191<\/span>20<\/th>\n<td class=\"footnote_plugin_text\">S\u00e9nat, Question \u00e9crite,\u00a0<em>Modalit\u00e9s de contr\u00f4le par une commune d\u2019une association subventionn\u00e9e\u00a0<\/em>(rappels CGCT L1611-4), 26\/06\/2025.<\/td>\n<\/tr>\n<tr class=\"footnotes_plugin_reference_row\">\n<th class=\"footnote_plugin_index_combi pointer\" scope=\"row\"><a id=\"footnote_plugin_reference_901110957_1_21\" class=\"footnote_backlink\"><\/a><span class=\"footnote_index_arrow\">\u2191<\/span>21<\/th>\n<td class=\"footnote_plugin_text\">BOFiP-Imp\u00f4ts, BOI-TVA-CHAMP-30-10-20-10 (exon\u00e9ration TVA des soins m\u00e9dicaux\/param\u00e9dicaux \u2013 CGI, art. 261), version du 09\/04\/2025.<\/td>\n<\/tr>\n<\/tbody>\n<\/table>\n<\/div>\n<\/div>\n<\/div>\n<\/article>\n<\/div>\n<\/div>\n<\/div>\n<\/div>\n<\/section>\n<p><!--more--><\/p>\n","protected":false},"excerpt":{"rendered":"<p>La d\u00e9sertification m\u00e9dicale s\u2019est impos\u00e9e comme un enjeu de premi\u00e8re pr\u00e9occupation locale : difficult\u00e9s d\u2019acc\u00e8s au m\u00e9decin traitant, allongement des d\u00e9lais de rendez-vous, renoncements aux soins et report vers les urgences. Dans cette s\u00e9quence pr\u00e9-\u00e9lectorale, une commune (ou une intercommunalit\u00e9) peut inscrire dans son programme une politique structurante, imm\u00e9diatement lisible et juridiquement outill\u00e9e : cr\u00e9er [&hellip;]<\/p>\n","protected":false},"author":2,"featured_media":0,"comment_status":"closed","ping_status":"closed","sticky":false,"template":"","format":"standard","meta":{"site-sidebar-layout":"default","site-content-layout":"","ast-site-content-layout":"default","site-content-style":"default","site-sidebar-style":"default","ast-global-header-display":"","ast-banner-title-visibility":"","ast-main-header-display":"","ast-hfb-above-header-display":"","ast-hfb-below-header-display":"","ast-hfb-mobile-header-display":"","site-post-title":"","ast-breadcrumbs-content":"","ast-featured-img":"","footer-sml-layout":"","ast-disable-related-posts":"","theme-transparent-header-meta":"default","adv-header-id-meta":"","stick-header-meta":"default","header-above-stick-meta":"","header-main-stick-meta":"","header-below-stick-meta":"","astra-migrate-meta-layouts":"set","ast-page-background-enabled":"default","ast-page-background-meta":{"desktop":{"background-color":"var(--ast-global-color-4)","background-image":"","background-repeat":"repeat","background-position":"center center","background-size":"auto","background-attachment":"scroll","background-type":"","background-media":"","overlay-type":"","overlay-color":"","overlay-opacity":"","overlay-gradient":""},"tablet":{"background-color":"","background-image":"","background-repeat":"repeat","background-position":"center center","background-size":"auto","background-attachment":"scroll","background-type":"","background-media":"","overlay-type":"","overlay-color":"","overlay-opacity":"","overlay-gradient":""},"mobile":{"background-color":"","background-image":"","background-repeat":"repeat","background-position":"center center","background-size":"auto","background-attachment":"scroll","background-type":"","background-media":"","overlay-type":"","overlay-color":"","overlay-opacity":"","overlay-gradient":""}},"ast-content-background-meta":{"desktop":{"background-color":"var(--ast-global-color-5)","background-image":"","background-repeat":"repeat","background-position":"center center","background-size":"auto","background-attachment":"scroll","background-type":"","background-media":"","overlay-type":"","overlay-color":"","overlay-opacity":"","overlay-gradient":""},"tablet":{"background-color":"var(--ast-global-color-5)","background-image":"","background-repeat":"repeat","background-position":"center center","background-size":"auto","background-attachment":"scroll","background-type":"","background-media":"","overlay-type":"","overlay-color":"","overlay-opacity":"","overlay-gradient":""},"mobile":{"background-color":"var(--ast-global-color-5)","background-image":"","background-repeat":"repeat","background-position":"center center","background-size":"auto","background-attachment":"scroll","background-type":"","background-media":"","overlay-type":"","overlay-color":"","overlay-opacity":"","overlay-gradient":""}},"footnotes":""},"categories":[283],"tags":[10,259,313,171,146,137,478,523,418,138,524,126,79,160,522,14,453],"class_list":["post-3675","post","type-post","status-publish","format-standard","hentry","category-article","tag-association","tag-association-et-avocat","tag-avocat-en-droit-des-associations","tag-avocat-et-droit-des-associations","tag-avocat-et-fonds-de-dotation","tag-avocat-specialise-dans-le-secteur-associatif","tag-centre-dentaire","tag-centre-dentaire-municipal","tag-desert-medical","tag-droit-des-associations","tag-elections-municipales-2026","tag-fiscalite-des-associations","tag-fonds-de-dotation","tag-juris-associations","tag-municipales2026","tag-organisme-sans-but-lucratif","tag-sante"],"_links":{"self":[{"href":"https:\/\/www.npsconsulting-avocats.fr\/NPS\/wp-json\/wp\/v2\/posts\/3675","targetHints":{"allow":["GET"]}}],"collection":[{"href":"https:\/\/www.npsconsulting-avocats.fr\/NPS\/wp-json\/wp\/v2\/posts"}],"about":[{"href":"https:\/\/www.npsconsulting-avocats.fr\/NPS\/wp-json\/wp\/v2\/types\/post"}],"author":[{"embeddable":true,"href":"https:\/\/www.npsconsulting-avocats.fr\/NPS\/wp-json\/wp\/v2\/users\/2"}],"replies":[{"embeddable":true,"href":"https:\/\/www.npsconsulting-avocats.fr\/NPS\/wp-json\/wp\/v2\/comments?post=3675"}],"version-history":[{"count":3,"href":"https:\/\/www.npsconsulting-avocats.fr\/NPS\/wp-json\/wp\/v2\/posts\/3675\/revisions"}],"predecessor-version":[{"id":3679,"href":"https:\/\/www.npsconsulting-avocats.fr\/NPS\/wp-json\/wp\/v2\/posts\/3675\/revisions\/3679"}],"wp:attachment":[{"href":"https:\/\/www.npsconsulting-avocats.fr\/NPS\/wp-json\/wp\/v2\/media?parent=3675"}],"wp:term":[{"taxonomy":"category","embeddable":true,"href":"https:\/\/www.npsconsulting-avocats.fr\/NPS\/wp-json\/wp\/v2\/categories?post=3675"},{"taxonomy":"post_tag","embeddable":true,"href":"https:\/\/www.npsconsulting-avocats.fr\/NPS\/wp-json\/wp\/v2\/tags?post=3675"}],"curies":[{"name":"wp","href":"https:\/\/api.w.org\/{rel}","templated":true}]}}