{"id":3670,"date":"2026-02-20T14:18:15","date_gmt":"2026-02-20T12:18:15","guid":{"rendered":"https:\/\/www.npsconsulting-avocats.fr\/NPS\/?p=3670"},"modified":"2026-03-11T14:29:40","modified_gmt":"2026-03-11T12:29:40","slug":"fonds-de-dotation-une-opportunite-strategique-pour-les-collectivites-territoriales-2","status":"publish","type":"post","link":"https:\/\/www.npsconsulting-avocats.fr\/NPS\/fonds-de-dotation-une-opportunite-strategique-pour-les-collectivites-territoriales-2\/","title":{"rendered":"Fonds de dotation : une opportunit\u00e9 strat\u00e9gique pour les collectivit\u00e9s territoriales"},"content":{"rendered":"<section class=\"container-wrap main-title alternate-color border-bottom breadcrumbs-container\">\n<div class=\"container\">\n<div class=\"breadcrumb-extra\">\n<div class=\"kleo_framework breadcrumb\"><strong style=\"font-size: 16px;\">Dans un contexte de contraintes budg\u00e9taires croissantes, les collectivit\u00e9s territoriales doivent innover et ainsi explorer de nouveaux leviers de financement pour leurs projets d\u2019int\u00e9r\u00eat g\u00e9n\u00e9ral. Le fonds de dotations, outil juridique souple et autonome, cr\u00e9\u00e9 par la loi du 4 aout 2008<\/strong><span class=\"footnote_referrer\" style=\"font-size: 16px;\"><a tabindex=\"0\" role=\"button\"><sup id=\"footnote_plugin_tooltip_901110801_1_1\" class=\"footnote_plugin_tooltip_text\">[1]<\/sup><\/a><\/span><strong style=\"font-size: 16px;\">, leur permet de mobiliser des fonds priv\u00e9s issus du m\u00e9c\u00e9nat tout en renfor\u00e7ant leur action sur le territoire.<\/strong><\/div>\n<\/div>\n<\/div>\n<\/section>\n<section class=\"container-wrap main-color\">\n<div id=\"main-container\" class=\"container\">\n<div class=\"row\">\n<div class=\"template-page col-sm-12 tpl-no with-meta\">\n<div class=\"wrap-content\">\n<article id=\"post-901110801\" class=\"clearfix post-901110801 post type-post status-publish format-standard has-post-thumbnail hentry category-actualites category-actualites-2 category-associations-actualites-2 category-fondations-fonds-de-dotation-et-mecenat-actualites-2\">\n<div class=\"article-content print-only\">\n<div class=\"pf-content\">\n<p>&nbsp;<\/p>\n<p>La cr\u00e9ation d\u2019un fonds de dotation<span class=\"footnote_referrer\"><a tabindex=\"0\" role=\"button\"><sup id=\"footnote_plugin_tooltip_901110801_1_2\" class=\"footnote_plugin_tooltip_text\">[2]<\/sup><\/a><\/span>\u00a0pr\u00e9sente un fort attrait pour l\u2019\u00e9tat, les collectivit\u00e9s territoriales et les \u00e9tablissements publics, au-del\u00e0 de nombreux avantages li\u00e9s au m\u00e9c\u00e9nat<span class=\"footnote_referrer\"><a tabindex=\"0\" role=\"button\"><sup id=\"footnote_plugin_tooltip_901110801_1_3\" class=\"footnote_plugin_tooltip_text\">[3]<\/sup><\/a><\/span>. Lumi\u00e8re sur les b\u00e9n\u00e9fices de la cr\u00e9ation d\u2019un fonds de dotation par une collectivit\u00e9 territoriale, ainsi que sur les points de vigilance \u00e0 respecter.<\/p>\n<h4 class=\"p1\"><strong>1. Attrait politique<\/strong><\/h4>\n<p class=\"p2\">Cr\u00e9er un fonds de dotation permet aux collectivit\u00e9s de renforcer leur attractivit\u00e9 et de moderniser leurs modes de gestion. Sa mise en \u0153uvre :<\/p>\n<ul>\n<li class=\"p2\">t\u00e9moigne de la capacit\u00e9 d\u2019une collectivit\u00e9 \u00e0 s\u2019adapter aux nouveaux enjeux financiers et sociaux ;<\/li>\n<li class=\"p2\">positionne la collectivit\u00e9 comme un acteur proactif dans la recherche de solutions pour maintenir l\u2019investissement public malgr\u00e9 les restrictions budg\u00e9taires ;<\/li>\n<li class=\"p2\">permet \u00e0 une collectivit\u00e9 territoriale de mobiliser des acteurs priv\u00e9s (entreprises, citoyens, fondations) autour de projets d\u2019int\u00e9r\u00eat g\u00e9n\u00e9ral et de m\u00e9c\u00e9nat territorial : la cr\u00e9ation d\u2019un fonds de dotation favorise ainsi une politique de partenariat public-priv\u00e9, renfor\u00e7ant la l\u00e9gitimit\u00e9 et la visibilit\u00e9 des actions men\u00e9es dans chacun des cadres de comp\u00e9tence. Le fonds s\u2019inscrit par cons\u00e9quent dans une logique d\u2019innovation en permettant un renouvellement des mod\u00e8les de gouvernance locale, moins d\u00e9pendants des financements publics traditionnels ;<\/li>\n<li class=\"p2\">il traduit une volont\u00e9 d\u2019explorer des mod\u00e8les innovants de financement pour pr\u00e9server et d\u00e9velopper les services publics locaux ;<\/li>\n<li class=\"p2\">en mobilisant des financements priv\u00e9s, la collectivit\u00e9 d\u00e9montre sa capacit\u00e9 \u00e0 innover en mati\u00e8re de gestion publique ;<\/li>\n<li class=\"p2\">contrairement aux budgets publics soumis \u00e0 des contraintes strictes, un fonds de dotation b\u00e9n\u00e9ficie d\u2019une gestion plus autonome et adapt\u00e9e aux besoins du territoire. Le fonds de dotation constitue un outil de valorisation du territoire en permettant d\u2019attirer des financements ext\u00e9rieurs, notamment via le m\u00e9c\u00e9nat des entreprises locales ;<\/li>\n<li class=\"p2\">il favorise le d\u00e9veloppement d\u2019initiatives locales en mobilisant des fonds pour des projets culturels, environnementaux ou encore sociaux, contribuant ainsi au dynamisme \u00e9conomique et social du territoire ;<\/li>\n<li class=\"p2\">les incitations fiscales offertes aux donateurs (<span class=\"s2\">v. infra<\/span>) rendent l\u2019initiative d\u2019autant plus attractive pour les m\u00e9c\u00e8nes potentiels. En cr\u00e9ant un fonds de dotation, la collectivit\u00e9 encourage la co-construction de projets d\u2019utilit\u00e9 sociale dans les territoires<span class=\"footnote_referrer\"><a tabindex=\"0\" role=\"button\"><sup id=\"footnote_plugin_tooltip_901110801_1_4\" class=\"footnote_plugin_tooltip_text\">[4]<\/sup><\/a><\/span>, facilitant ainsi l\u2019adh\u00e9sion des citoyens et des acteurs \u00e9conomiques autour d\u2019un projet d\u2019int\u00e9r\u00eat g\u00e9n\u00e9ral<span class=\"footnote_referrer\"><a tabindex=\"0\" role=\"button\"><sup id=\"footnote_plugin_tooltip_901110801_1_5\" class=\"footnote_plugin_tooltip_text\">[5]<\/sup><\/a><\/span>. Il permet d\u2019engager la soci\u00e9t\u00e9 civile dans une logique de d\u00e9mocratie participative, renfor\u00e7ant la proximit\u00e9 entre les \u00e9lus et les acteurs locaux. En prenant l\u2019initiative de cr\u00e9er un fonds, la collectivit\u00e9 affirme par ailleurs son leadership et sa capacit\u00e9 \u00e0 mobiliser les diff\u00e9rents acteurs du territoire. Une telle d\u00e9marche peut \u00e9galement avoir un impact positif sur l\u2019image des \u00e9lus en d\u00e9montrant leur engagement en faveur de la solidarit\u00e9 et du d\u00e9veloppement local.<\/li>\n<\/ul>\n<h4 class=\"p1\"><strong>2. Avantages financiers<\/strong><\/h4>\n<p class=\"p2\">Dans un contexte de r\u00e9duction des dotations de l\u2019\u00c9tat, le fonds de dotation offre une autre solution pour soutenir les projets locaux. Il constitue une alternative aux subventions et \u00e0 l\u2019endettement, notamment pour financer des projets culturels, sociaux, \u00e9ducatifs ou encore environnementaux. Gr\u00e2ce aux fonds priv\u00e9s collect\u00e9s, la collectivit\u00e9 peut renforcer ses capacit\u00e9s d\u2019investissement et attirer d\u2019autres cofinancements, notamment europ\u00e9ens (Feder, FSE) ou nationaux (\u00c9tat, Banque des territoires, fondations priv\u00e9es, etc.).<\/p>\n<h4 class=\"p1\"><strong>3. Avantages juridiques et fiscaux<\/strong><\/h4>\n<p class=\"p2\"><strong>3.1 Avantages juridiques : un cadre s\u00e9curis\u00e9 et autonome<\/strong><\/p>\n<p class=\"p3\">Les collectivit\u00e9s territoriales doivent veiller au respect des r\u00e8gles de la commande publique et du contr\u00f4le budg\u00e9taire. Contrairement aux budgets publics soumis \u00e0 des r\u00e8gles strictes d\u2019affectation, un fonds de dotation b\u00e9n\u00e9ficie d\u2019une gestion plus souple et peut constituer une r\u00e9serve financi\u00e8re mobilisable sur plusieurs exercices budg\u00e9taires, rendant possible une meilleure anticipation des besoins \u00e0 long terme. Les fonds collect\u00e9s sont sanctuaris\u00e9s, permettant une stabilit\u00e9 financi\u00e8re et \u00e9vitant les risques de r\u00e9affectation budg\u00e9taire propres aux budgets publics soumis aux cycles \u00e9lectoraux. Bien qu\u2019initi\u00e9s par une collectivit\u00e9, les fonds conservent une autonomie de gestion et peuvent \u00eatre dirig\u00e9s par un conseil d\u2019administration mixte associant des \u00e9lus, des citoyens, des experts, voire des m\u00e9c\u00e8nes.<\/p>\n<p class=\"p1\"><strong>3.2 Avantages fiscaux : incitations et optimisation du m\u00e9c\u00e9nat<\/strong><\/p>\n<p class=\"p2\">Le fonds de dotation est en principe non assujetti aux imp\u00f4ts commerciaux<span class=\"footnote_referrer\"><a tabindex=\"0\" role=\"button\"><sup id=\"footnote_plugin_tooltip_901110801_1_6\" class=\"footnote_plugin_tooltip_text\">[6]<\/sup><\/a><\/span>, \u00e0 savoir l\u2019imp\u00f4t sur les soci\u00e9t\u00e9s (IS)<span class=\"footnote_referrer\"><a tabindex=\"0\" role=\"button\"><sup id=\"footnote_plugin_tooltip_901110801_1_7\" class=\"footnote_plugin_tooltip_text\">[7]<\/sup><\/a><\/span>, la taxe sur la valeur ajout\u00e9e (TVA) ainsi que la contribution \u00e9conomique territoriale (CET). Il peut \u00e9galement b\u00e9n\u00e9ficier de la franchise commerciale pour ses activit\u00e9s lucratives accessoires (80.011 euros pour 2025)<span class=\"footnote_referrer\"><a tabindex=\"0\" role=\"button\"><sup id=\"footnote_plugin_tooltip_901110801_1_8\" class=\"footnote_plugin_tooltip_text\">[8]<\/sup><\/a><\/span>\u00a0et d\u2019une exon\u00e9ration sp\u00e9cifique au titre de l\u2019organisation de manifestations exceptionnelles<span class=\"footnote_referrer\"><a tabindex=\"0\" role=\"button\"><sup id=\"footnote_plugin_tooltip_901110801_1_9\" class=\"footnote_plugin_tooltip_text\">[9]<\/sup><\/a><\/span>.<\/p>\n<p class=\"p2\">Les entreprises et particuliers qui financent un fonds de dotation b\u00e9n\u00e9ficient de r\u00e9ductions d\u2019imp\u00f4t attractives :<\/p>\n<ul>\n<li class=\"p2\">s\u2019agissant des entreprises, elles b\u00e9n\u00e9ficient d\u2019une r\u00e9duction d\u2019imp\u00f4t de 60 % (40 % au-del\u00e0 de 2 millions d\u2019euros) du montant du don dans la limite de 0,5 % du chiffre d\u2019affaires ou 20 000 euros par an \u2013 le solde \u00e9tant automatiquement reportable sur les cinq exercices suivants<span class=\"footnote_referrer\"><a tabindex=\"0\" role=\"button\"><sup id=\"footnote_plugin_tooltip_901110801_1_10\" class=\"footnote_plugin_tooltip_text\">[10]<\/sup><\/a><\/span>\u00a0;<\/li>\n<li class=\"p2\">s\u2019agissant des particuliers, ils b\u00e9n\u00e9ficient d\u2019une r\u00e9duction d\u2019imp\u00f4t de 66 % du don dans la limite de 20 % du revenu annuel imposable<span class=\"footnote_referrer\"><a tabindex=\"0\" role=\"button\"><sup id=\"footnote_plugin_tooltip_901110801_1_11\" class=\"footnote_plugin_tooltip_text\">[11]<\/sup><\/a><\/span>.<\/li>\n<\/ul>\n<p class=\"p1\">Les lib\u00e9ralit\u00e9s effectu\u00e9es au profit du fonds de dotation sont, sous certaines conditions<span class=\"footnote_referrer\"><a tabindex=\"0\" role=\"button\"><sup id=\"footnote_plugin_tooltip_901110801_1_12\" class=\"footnote_plugin_tooltip_text\">[12]<\/sup><\/a><\/span>, exon\u00e9r\u00e9es de droits de mutation<span class=\"footnote_referrer\"><a tabindex=\"0\" role=\"button\"><sup id=\"footnote_plugin_tooltip_901110801_1_13\" class=\"footnote_plugin_tooltip_text\">[13]<\/sup><\/a><\/span>, ce qui constitue un levier efficace pour encourager les transmissions patrimoniales \u00e0 vis\u00e9e philanthropique.<\/p>\n<h4 class=\"p1\"><strong>4. Points de vigilance\u00a0<\/strong><\/h4>\n<p class=\"p2\">La cr\u00e9ation d\u2019un fonds de dotation par une collectivit\u00e9 implique des pr\u00e9cautions \u00e0 prendre pour garantir la conformit\u00e9 juridique et fiscale de la structure. Voici les principaux points de vigilance \u00e0 consid\u00e9rer avant et apr\u00e8s sa mise en place.<\/p>\n<p class=\"p3\"><strong>4.1 Respect du principe de libre administration des collectivit\u00e9s<\/strong><\/p>\n<p class=\"p2\">Une collectivit\u00e9 territoriale peut \u00eatre \u00e0 l\u2019origine de la cr\u00e9ation d\u2019un fonds de dotation, mais il est pr\u00e9f\u00e9rable qu\u2019elle ne soit pas en mesure d\u2019en exercer le contr\u00f4le direct. \u00c0 ce titre, elle ne peut lui apporter de financements publics, sauf autorisation exceptionnelle<span class=\"footnote_referrer\"><a tabindex=\"0\" role=\"button\"><sup id=\"footnote_plugin_tooltip_901110801_1_14\" class=\"footnote_plugin_tooltip_text\">[14]<\/sup><\/a><\/span>.<\/p>\n<p class=\"p3\"><strong>4.2 Gouvernance et ind\u00e9pendance du fonds<\/strong><\/p>\n<p class=\"p2\">Le fonds doit conserver une autonomie de gestion pour \u00e9viter toute requalification en service public, ce qui pourrait entra\u00eener l\u2019application des r\u00e8gles de la comptabilit\u00e9 publique et du droit des march\u00e9s publics tout en rendant applicable le principe de pouvoir adjudicateur<span class=\"footnote_referrer\"><a tabindex=\"0\" role=\"button\"><sup id=\"footnote_plugin_tooltip_901110801_1_15\" class=\"footnote_plugin_tooltip_text\">[15]<\/sup><\/a><\/span>\u00a0:<\/p>\n<ul>\n<li class=\"p2\">la collectivit\u00e9 peut si\u00e9ger au conseil d\u2019administration, mais il est conseill\u00e9 qu\u2019elle ne soit pas pl\u00e9nipotentiaire dans les instances de d\u00e9cision pour \u00e9viter tout risque de conflit d\u2019int\u00e9r\u00eats et de gestion de fait<span class=\"footnote_referrer\"><a tabindex=\"0\" role=\"button\"><sup id=\"footnote_plugin_tooltip_901110801_1_16\" class=\"footnote_plugin_tooltip_text\">[16]<\/sup><\/a><\/span>\u00a0\u2013 c\u2019est-\u00e0-dire une implication trop directe dans la gestion du fonds ;<\/li>\n<li class=\"p2\">si le pr\u00e9sident du fonds peut parfaitement \u00eatre un \u00e9lu, il est au contraire pr\u00e9f\u00e9rable de ne pas int\u00e9grer au conseil d\u2019administration un agent de la collectivit\u00e9 mis gratuitement \u00e0 disposition du fonds<span class=\"footnote_referrer\"><a tabindex=\"0\" role=\"button\"><sup id=\"footnote_plugin_tooltip_901110801_1_17\" class=\"footnote_plugin_tooltip_text\">[17]<\/sup><\/a><\/span>\u00a0pour \u00e9viter d\u2019enfreindre la r\u00e8gle d\u2019interdiction de financements publics<span class=\"footnote_referrer\"><a tabindex=\"0\" role=\"button\"><sup id=\"footnote_plugin_tooltip_901110801_1_18\" class=\"footnote_plugin_tooltip_text\">[18]<\/sup><\/a><\/span>\u00a0et une \u00e9ventuelle fiscalisation de ses activit\u00e9s par la remise en cause du caract\u00e8re d\u00e9sint\u00e9ress\u00e9 de sa gestion<span class=\"footnote_referrer\"><a tabindex=\"0\" role=\"button\"><sup id=\"footnote_plugin_tooltip_901110801_1_19\" class=\"footnote_plugin_tooltip_text\">[19]<\/sup><\/a><\/span>.<\/li>\n<\/ul>\n<p>Il est donc conseill\u00e9 d\u2019int\u00e9grer des membres issus de la soci\u00e9t\u00e9 civile (entreprises, experts, m\u00e9c\u00e8nes) pour renforcer l\u2019ind\u00e9pendance et la repr\u00e9sentativit\u00e9 du fonds de dotation.<\/p>\n<p><strong>4.3 Compatibilit\u00e9 avec le droit des finances publiques<\/strong><\/p>\n<p class=\"p1\">Le fonds ne peut pas \u00eatre un simple outil de contournement des r\u00e8gles budg\u00e9taires applicables aux collectivit\u00e9s. Par cons\u00e9quent, une convention de partenariat peut \u00eatre n\u00e9cessaire pour pr\u00e9ciser les relations entre la collectivit\u00e9 et le fonds.<\/p>\n<p class=\"p1\"><strong>4.4 Transparence et contr\u00f4le<\/strong><\/p>\n<p class=\"p2\">Le fonds doit obligatoirement tenir une comptabilit\u00e9<span class=\"footnote_referrer\"><a tabindex=\"0\" role=\"button\"><sup id=\"footnote_plugin_tooltip_901110801_1_20\" class=\"footnote_plugin_tooltip_text\">[20]<\/sup><\/a><\/span>\u00a0rigoureuse et adresser au pr\u00e9fet un rapport d\u2019activit\u00e9 dans les six mois de la cl\u00f4ture de l\u2019exercice comptable qui pr\u00e9c\u00e8de<span class=\"footnote_referrer\"><a tabindex=\"0\" role=\"button\"><sup id=\"footnote_plugin_tooltip_901110801_1_21\" class=\"footnote_plugin_tooltip_text\">[21]<\/sup><\/a><\/span>.<\/p>\n<p class=\"p2\">Si ses ressources d\u00e9passent 10 000 euros, il doit faire certifier ses comptes par un commissaire aux comptes<span class=\"footnote_referrer\"><a tabindex=\"0\" role=\"button\"><sup id=\"footnote_plugin_tooltip_901110801_1_22\" class=\"footnote_plugin_tooltip_text\">[22]<\/sup><\/a><\/span>.<\/p>\n<p class=\"p1\"><strong>4.5 Exon\u00e9rations fiscales et respect des condition d\u2019int\u00e9r\u00eat g\u00e9n\u00e9ral<\/strong><\/p>\n<p class=\"p1\">Pour permettre aux donateurs de b\u00e9n\u00e9ficier de r\u00e9ductions d\u2019imp\u00f4t, le fonds de dotation doit :<\/p>\n<ul>\n<li class=\"p1\">avoir un objet d\u2019int\u00e9r\u00eat g\u00e9n\u00e9ral (culture, \u00e9ducation, solidarit\u00e9, environnement, sport, etc.) dans l\u2019hypoth\u00e8se d\u2019un fonds dit \u00ab\u00a0<em>op\u00e9rationnel<\/em>\u00a0\u00bb<span class=\"footnote_referrer\"><a tabindex=\"0\" role=\"button\"><sup id=\"footnote_plugin_tooltip_901110801_1_23\" class=\"footnote_plugin_tooltip_text\">[23]<\/sup><\/a><\/span>\u00a0ou financer les activit\u00e9s d\u2019int\u00e9r\u00eat g\u00e9n\u00e9ral d\u2019une collectivit\u00e9 publique \u00e9ligible dans l\u2019hypoth\u00e8se d\u2019un fonds dit \u00ab\u00a0<em>redistributif<\/em>\u00a0\u00bb ou \u00ab\u00a0<em>relais<\/em>\u00a0\u00bb<span class=\"footnote_referrer\"><a tabindex=\"0\" role=\"button\"><sup id=\"footnote_plugin_tooltip_901110801_1_24\" class=\"footnote_plugin_tooltip_text\">[24]<\/sup><\/a><\/span>\u00a0;<\/li>\n<li class=\"p1\">avoir une gestion d\u00e9sint\u00e9ress\u00e9e<span class=\"footnote_referrer\"><a tabindex=\"0\" role=\"button\"><sup id=\"footnote_plugin_tooltip_901110801_1_25\" class=\"footnote_plugin_tooltip_text\">[25]<\/sup><\/a><\/span>, en particulier pour un fonds \u00ab\u00a0<em>op\u00e9rationnel<\/em>\u00a0\u00bb<span class=\"footnote_referrer\"><a tabindex=\"0\" role=\"button\"><sup id=\"footnote_plugin_tooltip_901110801_1_26\" class=\"footnote_plugin_tooltip_text\">[26]<\/sup><\/a><\/span>\u00a0;<\/li>\n<li class=\"p1\">ne pas exercer d\u2019activit\u00e9 lucrative au-del\u00e0 du seuil de franchise commerciale<span class=\"footnote_referrer\"><a tabindex=\"0\" role=\"button\"><sup id=\"footnote_plugin_tooltip_901110801_1_27\" class=\"footnote_plugin_tooltip_text\">[27]<\/sup><\/a><\/span>, voire de mani\u00e8re pr\u00e9pond\u00e9rante pour un fonds \u00ab\u00a0<em>op\u00e9rationnel<\/em>\u00a0\u00bb<span class=\"footnote_referrer\"><a tabindex=\"0\" role=\"button\"><sup id=\"footnote_plugin_tooltip_901110801_1_28\" class=\"footnote_plugin_tooltip_text\">[28]<\/sup><\/a><\/span>\u00a0(en cas de sectorisation comptable)<span class=\"footnote_referrer\"><a tabindex=\"0\" role=\"button\"><sup id=\"footnote_plugin_tooltip_901110801_1_29\" class=\"footnote_plugin_tooltip_text\">[29]<\/sup><\/a><\/span>\u00a0;<\/li>\n<li class=\"p1\">ne pas fonctionner au b\u00e9n\u00e9fice d\u2019un cercle restreint de membres ou d\u2019un groupe de personnes clairement individualisables<span class=\"footnote_referrer\"><a tabindex=\"0\" role=\"button\"><sup id=\"footnote_plugin_tooltip_901110801_1_30\" class=\"footnote_plugin_tooltip_text\">[30]<\/sup><\/a><\/span>\u00a0;<\/li>\n<li class=\"p1\">ne pas accorder d\u2019avantages directs manifestement disproportionn\u00e9s aux donateurs en contrepartie des dons<span class=\"footnote_referrer\"><a tabindex=\"0\" role=\"button\"><sup id=\"footnote_plugin_tooltip_901110801_1_31\" class=\"footnote_plugin_tooltip_text\">[31]<\/sup><\/a><\/span>, sauf \u00e0 tenir compte du seuil de tol\u00e9rance de 25 %<span class=\"footnote_referrer\"><a tabindex=\"0\" role=\"button\"><sup id=\"footnote_plugin_tooltip_901110801_1_32\" class=\"footnote_plugin_tooltip_text\">[32]<\/sup><\/a><\/span>.<\/li>\n<\/ul>\n<p class=\"p1\">En d\u00e9finitive, il est recommand\u00e9 de structurer sa gouvernance et ses activit\u00e9s pour \u00e9viter toute requalification en organisme \u00e0 but lucratif : dans cette hypoth\u00e8se, le fonds perd son droit de b\u00e9n\u00e9ficier du r\u00e9gime de m\u00e9c\u00e9nat. Le fonds doit s\u2019assurer que les dons sont bien affect\u00e9s aux objectifs et missions d\u00e9finis dans ses statuts pour ne pas risquer de perdre cet avantage fiscal.<\/p>\n<h4 class=\"p1\"><strong>5. Une solution de plus en plus privil\u00e9gi\u00e9e par les collectivit\u00e9s territoriales<\/strong><\/h4>\n<p class=\"p2\"><strong>5.1 Pourquoi franchir le cap ?<\/strong><\/p>\n<p class=\"p3\">Rappelons que l\u2019\u00c9tat, ses \u00e9tablissements publics et les collectivit\u00e9s territoriales sont \u00e9ligibles au m\u00e9c\u00e9nat, la Cour de cassation<span class=\"footnote_referrer\"><a tabindex=\"0\" role=\"button\"><sup id=\"footnote_plugin_tooltip_901110801_1_33\" class=\"footnote_plugin_tooltip_text\">[33]<\/sup><\/a><\/span>\u00a0ayant d\u2019ailleurs r\u00e9cemment pr\u00e9cis\u00e9 le r\u00e9gime applicable aux dons manuels consentis \u00e0 des communes. Par cons\u00e9quent, quel que soit le mode op\u00e9ratoire retenu, le b\u00e9n\u00e9ficiaire final pourra \u00eatre soit une association r\u00e9pondant aux crit\u00e8res de s\u00e9lection d\u00e9finis par le fonds de dotation territorial, soit la collectivit\u00e9 territoriale elle-m\u00eame.<\/p>\n<p class=\"p3\">Sur le plan fiscal, la doctrine fiscale du 8 juin 2022 en mati\u00e8re de m\u00e9c\u00e9nat<span class=\"footnote_referrer\"><a tabindex=\"0\" role=\"button\"><sup id=\"footnote_plugin_tooltip_901110801_1_34\" class=\"footnote_plugin_tooltip_text\">[34]<\/sup><\/a><\/span>\u00a0est venue rappeler que \u00ab\u00a0<em>sont concern\u00e9s [\u2026] les organismes publics (\u00c9tat, collectivit\u00e9s territoriales, \u00e9tablissements publics et g\u00e9n\u00e9ralement toutes les personnes morales de droit public, tels les groupements d\u2019int\u00e9r\u00eat public), toutes autres conditions \u00e9tant par ailleurs remplies<\/em>\u00a0\u00bb. Aussi, nombreuses sont d\u00e9sormais les collectivit\u00e9s territoriales qui misent sur le m\u00e9c\u00e9nat dans le but d\u2019all\u00e9ger leurs d\u00e9penses publiques.<\/p>\n<p class=\"p3\">Deux modes op\u00e9ratoires peuvent \u00eatre recens\u00e9s : soit la collectivit\u00e9 locale cr\u00e9e, en interne, un service \u00ab\u00a0<em>m\u00e9c\u00e9nat<\/em>\u00a0\u00bb dans le but de trouver des financements priv\u00e9s au soutien des besoins de la collectivit\u00e9 elle-m\u00eame, soit elle impulse la cr\u00e9ation d\u2019un fonds de dotation territorial d\u00e9di\u00e9 \u00e0 la recherche de fonds priv\u00e9s destin\u00e9s au financement de la vie associative locale ou de ses propres activit\u00e9s d\u2019int\u00e9r\u00eat g\u00e9n\u00e9ral.<\/p>\n<p class=\"p1\"><strong>5.2 Vision de terrain<\/strong><\/p>\n<p class=\"p2\">La cr\u00e9ation de fonds de dotation par des collectivit\u00e9s territoriales est une pratique de plus en plus courante en France. Voici quelques exemples illustrant cette tendance :<\/p>\n<ul>\n<li class=\"p2\">s\u2019agissant du fonds de dotation \u00ab\u00a0<em>Cannes \u2013 Agir pour les Cannois<\/em>\u00a0\u00bb, le conseil d\u2019administration est pr\u00e9sid\u00e9 par le maire de Cannes et int\u00e8gre un certain nombre de m\u00e9c\u00e8nes fondateurs. Les projets soutenus sont vari\u00e9s : soutien du programme de lutte contre l\u2019illettrisme port\u00e9 par une association, de l\u2019orchestre de Cannes PACA, participation \u00e0 la construction d\u2019une r\u00e9sidence d\u2019accueil et de logement pour les personnes \u00e2g\u00e9es vuln\u00e9rables, etc. ;<\/li>\n<li class=\"p2\">par ailleurs, le fonds de dotation \u00ab\u00a0<em>M\u00e9rignac M\u00e9c\u00e9nat<\/em>\u00a0\u00bb cr\u00e9\u00e9 par la Ville de M\u00e9rignac accompagne des initiatives innovantes dans les domaines de la culture, des solidarit\u00e9s, du d\u00e9veloppement durable et du sport ;<\/li>\n<li class=\"p2\">de son c\u00f4t\u00e9, la Ville de Montreuil justifie la cr\u00e9ation du fonds de dotation territorial \u00ab\u00a0<em>Montreuil Solidaire<\/em>\u00a0\u00bb par une baisse des dotations de l\u2019\u00c9tat de 12,5 millions d\u2019euros sur trois ans ;<\/li>\n<li class=\"p2\">la Ville de Paris a cr\u00e9\u00e9 le fonds de dotation \u00ab\u00a0<em>Paris Mus\u00e9es<\/em>\u00a0\u00bb pour soutenir ses mus\u00e9es municipaux. Il permet de financer des expositions, des acquisitions d\u2019\u0153uvres et des projets \u00e9ducatifs en attirant des m\u00e9c\u00e8nes et des donateurs priv\u00e9s ;<\/li>\n<li class=\"p2\">les fonds de dotation initi\u00e9s par la Ville de Marseille (\u00ab Marseille Patrimoine 2013-2020 \u00bb et \u00ab Marseille Art contemporain 2013-2020 \u00bb) ont imm\u00e9diatement r\u00e9uni de grands m\u00e9c\u00e8nes (Suez environnement, EDF, Fondation Total) pour la constitution d\u2019une dotation importante (4 millions d\u2019euros pour ces quatre premiers m\u00e9c\u00e8nes) en vue de la restauration de lieux d\u2019exposition d\u2019exception : le futur p\u00f4le de loisirs du Palais Longchamp, le mus\u00e9e Bor\u00e9ly, la Friche la Belle de Mai, etc.<\/li>\n<\/ul>\n<p>Ces nombreux exemples illustrent la diversit\u00e9 des initiatives men\u00e9es par les collectivit\u00e9s territoriales pour cr\u00e9er des fonds de dotation, r\u00e9pondant ainsi \u00e0 des enjeux locaux sp\u00e9cifiques tout en encourageant la coop\u00e9ration entre acteurs du territoire. Face aux d\u00e9fis financiers et aux attentes croissantes des citoyens en mati\u00e8re de participation et d\u2019innovation territoriale, le fonds de dotation devient un \u00e9l\u00e9ment cl\u00e9 pour moderniser la gestion publique des collectivit\u00e9s territoriales.<\/p>\n<p>&nbsp;<\/p>\n<p><a class=\"url\" title=\"Colas Amblard\" href=\"https:\/\/institut-isbl.fr\/author\/colasamblard\/\"><img loading=\"lazy\" decoding=\"async\" class=\"avatar pp-user-avatar avatar-250 photo \" src=\"https:\/\/institut-isbl.fr\/wp-content\/uploads\/sites\/3\/2019\/04\/colas-AMBLARD-300x300.jpg\" alt=\"Colas Amblard\" width=\"171\" height=\"171\" data-del=\"avatar\" \/><\/a><\/p>\n<p><strong>Colas Amblard, docteur en droit, avocat<\/strong><\/p>\n<p>&nbsp;<\/p>\n<p><strong>En savoir plus :<\/strong><\/p>\n<p class=\"p1\"><a href=\"https:\/\/institut-isbl.fr\/wp-content\/uploads\/sites\/3\/2025\/12\/JA728_juridique_fonds_dotation_collectivites.pdf\" target=\"_blank\" rel=\"noopener\">Jurisassociations 728 \u2013 15 novembre 2025<\/a><\/p>\n<p><a href=\"https:\/\/institut-isbl.fr\/wp-content\/uploads\/sites\/3\/2025\/10\/JA724_fiscal_fonds_dotation.pdf\" target=\"_blank\" rel=\"noopener\">Juris associations du 15 sept. 2025, n\u00b0724, p. 37-39<\/a><\/p>\n<p><a href=\"https:\/\/institut-isbl.fr\/dossier-juris-associations-utilite-sociale-et-territoires-zone-dinfluence\/\" target=\"_blank\" rel=\"noopener\">V. JA 2025, n\u00b0 724, p. 16 et s., dossier \u00ab Utilit\u00e9 sociale et territoires \u2013 Zones d\u2019influence \u00bb<\/a>.<\/p>\n<p><a href=\"https:\/\/institut-isbl.fr\/fonds-de-dotation-un-outil-au-service-de-linteret-general-nouvel-ouvrage-de-colas-amblard\/\" target=\"_blank\" rel=\"noopener\">C. Amblard, Fonds de dotation \u2013 Un outil au service de l\u2019int\u00e9r\u00eat g\u00e9n\u00e9ral, Lefebvre Dalloz, coll. \u00ab Hors-s\u00e9rie \u00bb, 2024<\/a>.<\/p>\n<p><a href=\"https:\/\/institut-isbl.fr\/collectivites-territoriales-nouveaux-acteurs-mecenat\/\" target=\"_blank\" rel=\"noopener\">C. Amblard, \u00ab Collectivit\u00e9s territoriales : les nouveaux acteurs du m\u00e9c\u00e9nat \u00bb, Institut ISBL, \u00e9dito, 28 juill. 2016.<\/a><\/p>\n<p><a href=\"https:\/\/institut-isbl.fr\/wp-content\/uploads\/sites\/3\/2023\/05\/32_35_article_JA678.pdf\" target=\"_blank\" rel=\"noopener\">Juris associations n\u00b0678 1 mai 2023<\/a><\/p>\n<p><a href=\"https:\/\/institut-isbl.fr\/mecenat-les-controles-administratifs-vont-commencer\/\" target=\"_blank\" rel=\"noopener\">JA 2022, n\u00b0 669, p. 35, C. Amblard<\/a>.<\/p>\n<p><a href=\"https:\/\/institut-isbl.fr\/biens-recus-par-les-associations-quels-droits-denregistrement\/\" target=\"_blank\" rel=\"noopener\">JA 2022, n\u00b0 664, p. 19, \u00e9tude C. Amblard<\/a><\/p>\n<\/div>\n<div class=\"speaker-mute footnotes_reference_container\">\n<div class=\"footnote_container_prepare\">\n<p>&nbsp;<\/p>\n<\/div>\n<div id=\"footnote_references_container_901110801_1\">\n<table class=\"footnotes_table footnote-reference-container\">\n<caption class=\"accessibility\">R\u00e9f\u00e9rences<\/caption>\n<tbody>\n<tr class=\"footnotes_plugin_reference_row\">\n<th class=\"footnote_plugin_index_combi pointer\" scope=\"row\"><a id=\"footnote_plugin_reference_901110801_1_1\" class=\"footnote_backlink\"><\/a><span class=\"footnote_index_arrow\">\u2191<\/span>1<\/th>\n<td class=\"footnote_plugin_text\">L. n\u00b0 2008-776 du 4 ao\u00fbt 2008, JO du 5, art. 140 : \u00ab Le fonds de dotation est une personne morale de droit priv\u00e9 \u00e0 but non lucratif qui re\u00e7oit et g\u00e8re, en les capitalisant, des biens et droits de toute nature qui lui sont apport\u00e9s \u00e0 titre gratuit et irr\u00e9vocable et utilise les revenus de la capitalisation en vue de la r\u00e9alisation d\u2019une \u0153uvre ou d\u2019une mission d\u2019int\u00e9r\u00eat g\u00e9n\u00e9ral ou les redistribue pour assister une personne morale \u00e0 but non lucratif dans l\u2019accomplissement de ses \u0153uvres et de ses missions d\u2019int\u00e9r\u00eat g\u00e9n\u00e9ral. \u00bb V. not. JA 2023, n\u00b0 681, p. 16 et s., dossier \u00ab Fonds de dotation \u2013 15 ans : l\u2019\u00e2ge de faire \u00bb ; JA 2018, n\u00b0 583, p. 15 et s., dossier \u00ab Fonds de dotation \u2013 10 ans, \u00e7a se f\u00eate ! \u00bb ; JA 2015, n\u00b0 521, p. 16 et s., dossier \u00ab Fonds de dotation \u2013 Le fonds et la forme \u00bb ; v. \u00e9gal. JA 2017, n\u00b0 569, p.16 et s., dossier \u00ab Collectivit\u00e9s territoriales \u2013 Les \u00e9lues du m\u00e9c\u00e9nat \u00bb.<\/td>\n<\/tr>\n<tr class=\"footnotes_plugin_reference_row\">\n<th class=\"footnote_plugin_index_combi pointer\" scope=\"row\"><a id=\"footnote_plugin_reference_901110801_1_2\" class=\"footnote_backlink\"><\/a><span class=\"footnote_index_arrow\">\u2191<\/span>2<\/th>\n<td class=\"footnote_plugin_text\"><a href=\"https:\/\/institut-isbl.fr\/fonds-de-dotation-un-outil-au-service-de-linteret-general-nouvel-ouvrage-de-colas-amblard\/\" target=\"_blank\" rel=\"noopener\">C. Amblard, Fonds de dotation \u2013 Un outil au service de l\u2019int\u00e9r\u00eat g\u00e9n\u00e9ral, Lefebvre Dalloz, coll. \u00ab Hors-s\u00e9rie \u00bb, 2024<\/a>.<\/td>\n<\/tr>\n<tr class=\"footnotes_plugin_reference_row\">\n<th class=\"footnote_plugin_index_combi pointer\" scope=\"row\"><a id=\"footnote_plugin_reference_901110801_1_3\" class=\"footnote_backlink\"><\/a><span class=\"footnote_index_arrow\">\u2191<\/span>3<\/th>\n<td class=\"footnote_plugin_text\">L. n\u00b0 2003-709 du 1<span class=\"s1\">er\u00a0<\/span>ao\u00fbt 2003, JO du 2.<\/td>\n<\/tr>\n<tr class=\"footnotes_plugin_reference_row\">\n<th class=\"footnote_plugin_index_combi pointer\" scope=\"row\"><a id=\"footnote_plugin_reference_901110801_1_4\" class=\"footnote_backlink\"><\/a><span class=\"footnote_index_arrow\">\u2191<\/span>4<\/th>\n<td class=\"footnote_plugin_text\"><a href=\"https:\/\/institut-isbl.fr\/dossier-juris-associations-utilite-sociale-et-territoires-zone-dinfluence\/\" target=\"_blank\" rel=\"noopener\">V. JA 2025, n\u00b0 724, p. 16 et s., dossier \u00ab Utilit\u00e9 sociale et territoires \u2013 Zones d\u2019influence \u00bb<\/a>.<\/td>\n<\/tr>\n<tr class=\"footnotes_plugin_reference_row\">\n<th class=\"footnote_plugin_index_combi pointer\" scope=\"row\"><a id=\"footnote_plugin_reference_901110801_1_5\" class=\"footnote_backlink\"><\/a><span class=\"footnote_index_arrow\">\u2191<\/span>5<\/th>\n<td class=\"footnote_plugin_text\"><a href=\"https:\/\/institut-isbl.fr\/collectivites-territoriales-nouveaux-acteurs-mecenat\/\" target=\"_blank\" rel=\"noopener\">C. Amblard, \u00ab Collectivit\u00e9s territoriales : les nouveaux acteurs du m\u00e9c\u00e9nat \u00bb, Institut ISBL, \u00e9dito, 28 juill. 2016.<\/a><\/td>\n<\/tr>\n<tr class=\"footnotes_plugin_reference_row\">\n<th class=\"footnote_plugin_index_combi pointer\" scope=\"row\"><a id=\"footnote_plugin_reference_901110801_1_6\" class=\"footnote_backlink\"><\/a><span class=\"footnote_index_arrow\">\u2191<\/span>6<\/th>\n<td class=\"footnote_plugin_text\">BOFiP-Imp\u00f4ts, BOI-IS-CHAMP-10-50-30-50 du 18 d\u00e9c. 2024, \u00a7 90 et s.<\/td>\n<\/tr>\n<tr class=\"footnotes_plugin_reference_row\">\n<th class=\"footnote_plugin_index_combi pointer\" scope=\"row\"><a id=\"footnote_plugin_reference_901110801_1_7\" class=\"footnote_backlink\"><\/a><span class=\"footnote_index_arrow\">\u2191<\/span>7<\/th>\n<td class=\"footnote_plugin_text\">CGI, art. 206, 1.<\/td>\n<\/tr>\n<tr class=\"footnotes_plugin_reference_row\">\n<th class=\"footnote_plugin_index_combi pointer\" scope=\"row\"><a id=\"footnote_plugin_reference_901110801_1_8\" class=\"footnote_backlink\"><\/a><span class=\"footnote_index_arrow\">\u2191<\/span>8<\/th>\n<td class=\"footnote_plugin_text\">BOFiP-Imp\u00f4ts, BOI-IS-CHAMP-10-50-10-10 du 16 avr. 2025, \u00a7 140 ; BOI-IS-CHAMP-10-50-20-20 du 16 avr. 2025 ; v. \u00e9gal. BOI-TVA-CHAMP-30-10-30-10 du 16 avr. 2025.<\/td>\n<\/tr>\n<tr class=\"footnotes_plugin_reference_row\">\n<th class=\"footnote_plugin_index_combi pointer\" scope=\"row\"><a id=\"footnote_plugin_reference_901110801_1_9\" class=\"footnote_backlink\"><\/a><span class=\"footnote_index_arrow\">\u2191<\/span>9<\/th>\n<td class=\"footnote_plugin_text\">CGI, art. 261, 7, 1<span class=\"s1\">o<\/span>, c) ; BOFiP-Imp\u00f4ts, BOI-TVA-CHAMP-30-10-30-10, pr\u00e9c., \u00a7 460 \u00e0 630.<\/td>\n<\/tr>\n<tr class=\"footnotes_plugin_reference_row\">\n<th class=\"footnote_plugin_index_combi pointer\" scope=\"row\"><a id=\"footnote_plugin_reference_901110801_1_10\" class=\"footnote_backlink\"><\/a><span class=\"footnote_index_arrow\">\u2191<\/span>10<\/th>\n<td class=\"footnote_plugin_text\">CGI, art. 238 bis.<\/td>\n<\/tr>\n<tr class=\"footnotes_plugin_reference_row\">\n<th class=\"footnote_plugin_index_combi pointer\" scope=\"row\"><a id=\"footnote_plugin_reference_901110801_1_11\" class=\"footnote_backlink\"><\/a><span class=\"footnote_index_arrow\">\u2191<\/span>11<\/th>\n<td class=\"footnote_plugin_text\">CGI, art. 200.<\/td>\n<\/tr>\n<tr class=\"footnotes_plugin_reference_row\">\n<th class=\"footnote_plugin_index_combi pointer\" scope=\"row\"><a id=\"footnote_plugin_reference_901110801_1_12\" class=\"footnote_backlink\"><\/a><span class=\"footnote_index_arrow\">\u2191<\/span>12<\/th>\n<td class=\"footnote_plugin_text\"><a href=\"https:\/\/institut-isbl.fr\/fonds-de-dotation-la-zone-grise-des-avantages-fiscaux\/\" target=\"_blank\" rel=\"noopener\">V. JA 2025, n\u00b0 724, p. 37, \u00e9tude C. Amblard.<\/a><\/td>\n<\/tr>\n<tr class=\"footnotes_plugin_reference_row\">\n<th class=\"footnote_plugin_index_combi pointer\" scope=\"row\"><a id=\"footnote_plugin_reference_901110801_1_13\" class=\"footnote_backlink\"><\/a><span class=\"footnote_index_arrow\">\u2191<\/span>13<\/th>\n<td class=\"footnote_plugin_text\">CGI, art. 795, 14<span class=\"s1\">o<\/span><\/td>\n<\/tr>\n<tr class=\"footnotes_plugin_reference_row\">\n<th class=\"footnote_plugin_index_combi\" scope=\"row\"><a id=\"footnote_plugin_reference_901110801_1_14\" class=\"footnote_backlink\"><\/a><span class=\"footnote_index_arrow\">\u2191<\/span>14,\u00a0<a id=\"footnote_plugin_reference_901110801_1_18\" class=\"footnote_backlink\"><\/a><span class=\"footnote_index_arrow\">\u2191<\/span>18<\/th>\n<td class=\"footnote_plugin_text\">L. n\u00b0 2008-776, pr\u00e9c., art. 140, III, al. 3.<\/td>\n<\/tr>\n<tr class=\"footnotes_plugin_reference_row\">\n<th class=\"footnote_plugin_index_combi pointer\" scope=\"row\"><a id=\"footnote_plugin_reference_901110801_1_15\" class=\"footnote_backlink\"><\/a><span class=\"footnote_index_arrow\">\u2191<\/span>15<\/th>\n<td class=\"footnote_plugin_text\">En application de CCP, art. L. 1211-1 (transposant dir. 2014\/24\/UE, art. 2)<\/td>\n<\/tr>\n<tr class=\"footnotes_plugin_reference_row\">\n<th class=\"footnote_plugin_index_combi pointer\" scope=\"row\"><a id=\"footnote_plugin_reference_901110801_1_16\" class=\"footnote_backlink\"><\/a><span class=\"footnote_index_arrow\">\u2191<\/span>16<\/th>\n<td class=\"footnote_plugin_text\">L. n\u00b0 63-156 du 23 f\u00e9vr. 1963, JO du 24, art. 60-XI.<\/td>\n<\/tr>\n<tr class=\"footnotes_plugin_reference_row\">\n<th class=\"footnote_plugin_index_combi pointer\" scope=\"row\"><a id=\"footnote_plugin_reference_901110801_1_17\" class=\"footnote_backlink\"><\/a><span class=\"footnote_index_arrow\">\u2191<\/span>17<\/th>\n<td class=\"footnote_plugin_text\">BOFiP-Imp\u00f4ts, BOI-IS-CHAMP-10-50-10-20 du 7 juin 2017, \u00a7 330 \u00e0 350.<\/td>\n<\/tr>\n<tr class=\"footnotes_plugin_reference_row\">\n<th class=\"footnote_plugin_index_combi pointer\" scope=\"row\"><a id=\"footnote_plugin_reference_901110801_1_19\" class=\"footnote_backlink\"><\/a><span class=\"footnote_index_arrow\">\u2191<\/span>19<\/th>\n<td class=\"footnote_plugin_text\">BOFiP-Imp\u00f4ts, BOI-IS-CHAMP-10-50-10-20, pr\u00e9c., \u00a7 50 et s.<\/td>\n<\/tr>\n<tr class=\"footnotes_plugin_reference_row\">\n<th class=\"footnote_plugin_index_combi pointer\" scope=\"row\"><a id=\"footnote_plugin_reference_901110801_1_20\" class=\"footnote_backlink\"><\/a><span class=\"footnote_index_arrow\">\u2191<\/span>20<\/th>\n<td class=\"footnote_plugin_text\">L. n\u00b0 2008-776, pr\u00e9c., art. 140, VI<\/td>\n<\/tr>\n<tr class=\"footnotes_plugin_reference_row\">\n<th class=\"footnote_plugin_index_combi pointer\" scope=\"row\"><a id=\"footnote_plugin_reference_901110801_1_21\" class=\"footnote_backlink\"><\/a><span class=\"footnote_index_arrow\">\u2191<\/span>21<\/th>\n<td class=\"footnote_plugin_text\">Ibid., V bis.<\/td>\n<\/tr>\n<tr class=\"footnotes_plugin_reference_row\">\n<th class=\"footnote_plugin_index_combi pointer\" scope=\"row\"><a id=\"footnote_plugin_reference_901110801_1_22\" class=\"footnote_backlink\"><\/a><span class=\"footnote_index_arrow\">\u2191<\/span>22<\/th>\n<td class=\"footnote_plugin_text\">Ibid., VI.<\/td>\n<\/tr>\n<tr class=\"footnotes_plugin_reference_row\">\n<th class=\"footnote_plugin_index_combi pointer\" scope=\"row\"><a id=\"footnote_plugin_reference_901110801_1_23\" class=\"footnote_backlink\"><\/a><span class=\"footnote_index_arrow\">\u2191<\/span>23<\/th>\n<td class=\"footnote_plugin_text\">CGI, art. 200, 1<span class=\"s1\">o, b) et 238 bis.<br \/>\n<\/span><\/td>\n<\/tr>\n<tr class=\"footnotes_plugin_reference_row\">\n<th class=\"footnote_plugin_index_combi pointer\" scope=\"row\"><a id=\"footnote_plugin_reference_901110801_1_24\" class=\"footnote_backlink\"><\/a><span class=\"footnote_index_arrow\">\u2191<\/span>24<\/th>\n<td class=\"footnote_plugin_text\">BOFiP-Imp\u00f4ts, BOI-BIC-RICI-20-30-10-10 du 24 avr. 2024, \u00a7 60, al. 3.<\/td>\n<\/tr>\n<tr class=\"footnotes_plugin_reference_row\">\n<th class=\"footnote_plugin_index_combi pointer\" scope=\"row\"><a id=\"footnote_plugin_reference_901110801_1_25\" class=\"footnote_backlink\"><\/a><span class=\"footnote_index_arrow\">\u2191<\/span>25<\/th>\n<td class=\"footnote_plugin_text\">BOFiP-Imp\u00f4ts, BOI-IR-RICI-250-10-10 du 10 mai 2017, \u00a7 130 et s.<\/td>\n<\/tr>\n<tr class=\"footnotes_plugin_reference_row\">\n<th class=\"footnote_plugin_index_combi pointer\" scope=\"row\"><a id=\"footnote_plugin_reference_901110801_1_26\" class=\"footnote_backlink\"><\/a><span class=\"footnote_index_arrow\">\u2191<\/span>26<\/th>\n<td class=\"footnote_plugin_text\">Pour un fonds \u00ab\u00a0<em>redistributif<\/em>\u00a0\u00bb, v. BOFiP-Imp\u00f4ts, BOI-BIC-RICI-20-30-10-10, pr\u00e9c., \u00a7 150.<\/td>\n<\/tr>\n<tr class=\"footnotes_plugin_reference_row\">\n<th class=\"footnote_plugin_index_combi pointer\" scope=\"row\"><a id=\"footnote_plugin_reference_901110801_1_27\" class=\"footnote_backlink\"><\/a><span class=\"footnote_index_arrow\">\u2191<\/span>27<\/th>\n<td class=\"footnote_plugin_text\">V. note 8.<\/td>\n<\/tr>\n<tr class=\"footnotes_plugin_reference_row\">\n<th class=\"footnote_plugin_index_combi pointer\" scope=\"row\"><a id=\"footnote_plugin_reference_901110801_1_28\" class=\"footnote_backlink\"><\/a><span class=\"footnote_index_arrow\">\u2191<\/span>28<\/th>\n<td class=\"footnote_plugin_text\">BOFiP-Imp\u00f4ts, BOI-IS-CHAMP-10-50-10-10, pr\u00e9c., \u00a7 160.<\/td>\n<\/tr>\n<tr class=\"footnotes_plugin_reference_row\">\n<th class=\"footnote_plugin_index_combi pointer\" scope=\"row\"><a id=\"footnote_plugin_reference_901110801_1_29\" class=\"footnote_backlink\"><\/a><span class=\"footnote_index_arrow\">\u2191<\/span>29<\/th>\n<td class=\"footnote_plugin_text\">Pour un fonds \u00ab\u00a0<em>redistributif<\/em>\u00a0\u00bb, v. BOFiP-Imp\u00f4ts, BOI-BIC-RICI-20-30-10-10, pr\u00e9c., \u00a7 120.<\/td>\n<\/tr>\n<tr class=\"footnotes_plugin_reference_row\">\n<th class=\"footnote_plugin_index_combi pointer\" scope=\"row\"><a id=\"footnote_plugin_reference_901110801_1_30\" class=\"footnote_backlink\"><\/a><span class=\"footnote_index_arrow\">\u2191<\/span>30<\/th>\n<td class=\"footnote_plugin_text\">CGI, art. 238 bis ; BOFiP-Imp\u00f4ts, BOI-IR-RICI-250-10-10 du 8 janv. 2025, \u00a7 130 et s.<\/td>\n<\/tr>\n<tr class=\"footnotes_plugin_reference_row\">\n<th class=\"footnote_plugin_index_combi pointer\" scope=\"row\"><a id=\"footnote_plugin_reference_901110801_1_31\" class=\"footnote_backlink\"><\/a><span class=\"footnote_index_arrow\">\u2191<\/span>31<\/th>\n<td class=\"footnote_plugin_text\">BOFiP-Imp\u00f4ts, BOI-BIC-RICI-20-30-10-20 du 8 janv. 2025, \u00a7 120 et s.<\/td>\n<\/tr>\n<tr class=\"footnotes_plugin_reference_row\">\n<th class=\"footnote_plugin_index_combi pointer\" scope=\"row\"><a id=\"footnote_plugin_reference_901110801_1_32\" class=\"footnote_backlink\"><\/a><span class=\"footnote_index_arrow\">\u2191<\/span>32<\/th>\n<td class=\"footnote_plugin_text\">Site du minist\u00e8re de la Culture.<\/td>\n<\/tr>\n<tr class=\"footnotes_plugin_reference_row\">\n<th class=\"footnote_plugin_index_combi pointer\" scope=\"row\"><a id=\"footnote_plugin_reference_901110801_1_33\" class=\"footnote_backlink\"><\/a><span class=\"footnote_index_arrow\">\u2191<\/span>33<\/th>\n<td class=\"footnote_plugin_text\">Civ. 1<span class=\"s1\">re<\/span>, 13 janv. 2016, n\u00b0<span class=\"s1\">\u00a0<\/span>14-28.297.<\/td>\n<\/tr>\n<tr class=\"footnotes_plugin_reference_row\">\n<th class=\"footnote_plugin_index_combi pointer\" scope=\"row\"><a id=\"footnote_plugin_reference_901110801_1_34\" class=\"footnote_backlink\"><\/a><span class=\"footnote_index_arrow\">\u2191<\/span>34<\/th>\n<td class=\"footnote_plugin_text\">BOFiP-Imp\u00f4ts, BOI-BIC-RICI-20-30-10-10 du 24 avr. 2024, \u00a7 60.<\/td>\n<\/tr>\n<\/tbody>\n<\/table>\n<\/div>\n<\/div>\n<\/div>\n<\/article>\n<\/div>\n<\/div>\n<\/div>\n<\/div>\n<\/section>\n","protected":false},"excerpt":{"rendered":"<p>Dans un contexte de contraintes budg\u00e9taires croissantes, les collectivit\u00e9s territoriales doivent innover et ainsi explorer de nouveaux leviers de financement pour leurs projets d\u2019int\u00e9r\u00eat g\u00e9n\u00e9ral. Le fonds de dotations, outil juridique souple et autonome, cr\u00e9\u00e9 par la loi du 4 aout 2008[1], leur permet de mobiliser des fonds priv\u00e9s issus du m\u00e9c\u00e9nat tout en renfor\u00e7ant [&hellip;]<\/p>\n","protected":false},"author":2,"featured_media":0,"comment_status":"closed","ping_status":"closed","sticky":false,"template":"","format":"standard","meta":{"site-sidebar-layout":"default","site-content-layout":"","ast-site-content-layout":"default","site-content-style":"default","site-sidebar-style":"default","ast-global-header-display":"","ast-banner-title-visibility":"","ast-main-header-display":"","ast-hfb-above-header-display":"","ast-hfb-below-header-display":"","ast-hfb-mobile-header-display":"","site-post-title":"","ast-breadcrumbs-content":"","ast-featured-img":"","footer-sml-layout":"","ast-disable-related-posts":"","theme-transparent-header-meta":"default","adv-header-id-meta":"","stick-header-meta":"default","header-above-stick-meta":"","header-main-stick-meta":"","header-below-stick-meta":"","astra-migrate-meta-layouts":"set","ast-page-background-enabled":"default","ast-page-background-meta":{"desktop":{"background-color":"var(--ast-global-color-4)","background-image":"","background-repeat":"repeat","background-position":"center center","background-size":"auto","background-attachment":"scroll","background-type":"","background-media":"","overlay-type":"","overlay-color":"","overlay-opacity":"","overlay-gradient":""},"tablet":{"background-color":"","background-image":"","background-repeat":"repeat","background-position":"center center","background-size":"auto","background-attachment":"scroll","background-type":"","background-media":"","overlay-type":"","overlay-color":"","overlay-opacity":"","overlay-gradient":""},"mobile":{"background-color":"","background-image":"","background-repeat":"repeat","background-position":"center center","background-size":"auto","background-attachment":"scroll","background-type":"","background-media":"","overlay-type":"","overlay-color":"","overlay-opacity":"","overlay-gradient":""}},"ast-content-background-meta":{"desktop":{"background-color":"var(--ast-global-color-5)","background-image":"","background-repeat":"repeat","background-position":"center center","background-size":"auto","background-attachment":"scroll","background-type":"","background-media":"","overlay-type":"","overlay-color":"","overlay-opacity":"","overlay-gradient":""},"tablet":{"background-color":"var(--ast-global-color-5)","background-image":"","background-repeat":"repeat","background-position":"center center","background-size":"auto","background-attachment":"scroll","background-type":"","background-media":"","overlay-type":"","overlay-color":"","overlay-opacity":"","overlay-gradient":""},"mobile":{"background-color":"var(--ast-global-color-5)","background-image":"","background-repeat":"repeat","background-position":"center center","background-size":"auto","background-attachment":"scroll","background-type":"","background-media":"","overlay-type":"","overlay-color":"","overlay-opacity":"","overlay-gradient":""}},"footnotes":""},"categories":[3,283],"tags":[259,313,271,146,521,140,79,520,121,49],"class_list":["post-3670","post","type-post","status-publish","format-standard","hentry","category-actualites","category-article","tag-association-et-avocat","tag-avocat-en-droit-des-associations","tag-avocat-et-association","tag-avocat-et-fonds-de-dotation","tag-developpement-territorial","tag-droit-des-fonds-de-dotation","tag-fonds-de-dotation","tag-fonds-territorial","tag-loi-deconomie-sociale-et-solidaire","tag-mecenat"],"_links":{"self":[{"href":"https:\/\/www.npsconsulting-avocats.fr\/NPS\/wp-json\/wp\/v2\/posts\/3670","targetHints":{"allow":["GET"]}}],"collection":[{"href":"https:\/\/www.npsconsulting-avocats.fr\/NPS\/wp-json\/wp\/v2\/posts"}],"about":[{"href":"https:\/\/www.npsconsulting-avocats.fr\/NPS\/wp-json\/wp\/v2\/types\/post"}],"author":[{"embeddable":true,"href":"https:\/\/www.npsconsulting-avocats.fr\/NPS\/wp-json\/wp\/v2\/users\/2"}],"replies":[{"embeddable":true,"href":"https:\/\/www.npsconsulting-avocats.fr\/NPS\/wp-json\/wp\/v2\/comments?post=3670"}],"version-history":[{"count":2,"href":"https:\/\/www.npsconsulting-avocats.fr\/NPS\/wp-json\/wp\/v2\/posts\/3670\/revisions"}],"predecessor-version":[{"id":3673,"href":"https:\/\/www.npsconsulting-avocats.fr\/NPS\/wp-json\/wp\/v2\/posts\/3670\/revisions\/3673"}],"wp:attachment":[{"href":"https:\/\/www.npsconsulting-avocats.fr\/NPS\/wp-json\/wp\/v2\/media?parent=3670"}],"wp:term":[{"taxonomy":"category","embeddable":true,"href":"https:\/\/www.npsconsulting-avocats.fr\/NPS\/wp-json\/wp\/v2\/categories?post=3670"},{"taxonomy":"post_tag","embeddable":true,"href":"https:\/\/www.npsconsulting-avocats.fr\/NPS\/wp-json\/wp\/v2\/tags?post=3670"}],"curies":[{"name":"wp","href":"https:\/\/api.w.org\/{rel}","templated":true}]}}