{"id":3499,"date":"2025-02-14T07:38:03","date_gmt":"2025-02-14T05:38:03","guid":{"rendered":"https:\/\/www.npsconsulting-avocats.fr\/NPS\/?p=3499"},"modified":"2025-02-21T16:56:17","modified_gmt":"2025-02-21T14:56:17","slug":"presider-une-association-la-vigilance-est-de-mise","status":"publish","type":"post","link":"https:\/\/www.npsconsulting-avocats.fr\/NPS\/presider-une-association-la-vigilance-est-de-mise\/","title":{"rendered":"Pr\u00e9sider une association : la vigilance est de mise"},"content":{"rendered":"<section class=\"container-wrap main-title alternate-color border-bottom breadcrumbs-container\">\n<div class=\"container\">\n<h1 class=\"page-title\"><\/h1>\n<\/div>\n<\/section>\n<section class=\"container-wrap main-color\">\n<div id=\"main-container\" class=\"container\">\n<div class=\"row\">\n<div class=\"template-page col-sm-12 tpl-no with-meta\">\n<div class=\"wrap-content\">\n<article id=\"post-901108891\" class=\"clearfix post-901108891 post type-post status-publish format-standard has-post-thumbnail hentry category-actualites category-actualites-2 category-associations-actualites-2 tag-droits tag-obligations tag-president-association tag-recours-possibles tag-revocation-ad-nutum\">\n<div class=\"article-meta\"><span class=\"post-meta\"><small class=\"meta-author author vcard\"><a class=\"url fn n\" title=\"Afficher tous les messages de Colas Amblard\" href=\"https:\/\/institut-isbl.fr\/author\/colasamblard\/\" rel=\"author\"><img loading=\"lazy\" decoding=\"async\" class=\"avatar pp-user-avatar avatar-50 photo \" src=\"https:\/\/institut-isbl.fr\/wp-content\/uploads\/sites\/3\/2019\/04\/colas-AMBLARD-150x150.jpg\" width=\"50\" height=\"50\" data-del=\"avatar\" \/><span class=\"author-name\">Colas Amblard<\/span><\/a><\/small>\u00a0|\u00a0<small><\/small><\/span><\/div>\n<div class=\"article-content print-only\">\n<div class=\"pf-content\">\n<p>&nbsp;<\/p>\n<p><strong>Les droits et obligations du pr\u00e9sident d\u2019une association sont encadr\u00e9s par plusieurs dispositions l\u00e9gales et statutaires. Celui-ci doit donc demeurer vigilant et rester strictement dans la sph\u00e8re de pouvoir qu\u2019il lui est statutairement d\u00e9volue. A d\u00e9faut, il s\u2019expose \u00e0 ce que les membres exercent leur droit \u00e0 contestation voire engage ce qui s\u2019appelle une \u00ab\u00a0<em>r\u00e9vocation ad nutum.<\/em>\u00a0\u00bb Voici une analyse bas\u00e9e sur des situations r\u00e9centes qui font aujourd\u2019hui encore jurisprudence.<\/strong><\/p>\n<ol>\n<li>\n<h5><strong>Droits et obligations du pr\u00e9sident d\u2019une association<\/strong><\/h5>\n<\/li>\n<\/ol>\n<p><strong>1.1 Droits du pr\u00e9sident d\u2019association<\/strong><\/p>\n<ul>\n<li><strong>Repr\u00e9sentation l\u00e9gale<\/strong>\u00a0: Le pr\u00e9sident d\u2019une association a g\u00e9n\u00e9ralement le droit de repr\u00e9senter l\u2019association dans tous les actes de la vie civile, y compris en justice. Cela est souvent stipul\u00e9 dans les statuts de l\u2019association. Par exemple, selon la Cour d\u2019appel de Versailles du 30 septembre 2004<span class=\"footnote_referrer\"><a tabindex=\"0\" role=\"button\"><sup id=\"footnote_plugin_tooltip_901108891_1_1\" class=\"footnote_plugin_tooltip_text\">[1]<\/sup><\/a><\/span>\u00a0\u00ab<em>\u00a0le pr\u00e9sident, qui repr\u00e9sente l\u2019association, est le chef de maison\u00a0<\/em>\u00bb et \u00ab\u00a0<em>il a donc qualit\u00e9 pour repr\u00e9senter l\u2019association en justice.\u00a0<\/em>\u00bb Toutefois, cette r\u00e8gle est de mise lorsque le droit de repr\u00e9senter l\u2019association est express\u00e9ment stipul\u00e9 par les statuts voire lorsque ceux-ci restent silencieux sur ce point. Dans le cas contraire, la Cour administrative d\u2019appel de Lyon a rejet\u00e9 une requ\u00eate au motif que le pr\u00e9sident n\u2019avait pas \u00e9t\u00e9 autoris\u00e9 par les statuts \u00e0 agir en justice au nom de l\u2019association<span class=\"footnote_referrer\"><a tabindex=\"0\" role=\"button\"><sup id=\"footnote_plugin_tooltip_901108891_1_2\" class=\"footnote_plugin_tooltip_text\">[2]<\/sup><\/a><\/span>.<\/li>\n<li><strong>Convocation et pr\u00e9sidence des assembl\u00e9es<\/strong>\u00a0: Le pr\u00e9sident a le droit de convoquer et de pr\u00e9sider les assembl\u00e9es g\u00e9n\u00e9rales et les r\u00e9unions du conseil d\u2019administration ou du conseil paroissial, comme indiqu\u00e9 dans la d\u00e9cision de la Cour d\u2019appel de Pau le 12 f\u00e9vrier 2008<span class=\"footnote_referrer\"><a tabindex=\"0\" role=\"button\"><sup id=\"footnote_plugin_tooltip_901108891_1_3\" class=\"footnote_plugin_tooltip_text\">[3]<\/sup><\/a><\/span>.<\/li>\n<\/ul>\n<p><strong>1.2 Obligations du pr\u00e9sident d\u2019une association<\/strong>\u00a0:<\/p>\n<ul>\n<li><strong>Respect des statuts<\/strong>\u00a0: Le pr\u00e9sident doit agir conform\u00e9ment aux statuts de l\u2019association. Par exemple, dans la Cour administrative d\u2019appel de Lyon en date du 1<sup>er<\/sup>\u00a0f\u00e9vrier 1994<span class=\"footnote_referrer\"><a tabindex=\"0\" role=\"button\"><sup id=\"footnote_plugin_tooltip_901108891_1_4\" class=\"footnote_plugin_tooltip_text\">[4]<\/sup><\/a><\/span>, il est pr\u00e9cis\u00e9 que \u00ab\u00a0<em>aucune disposition des statuts de cette association ne conf\u00e8re au bureau ni au pr\u00e9sident du conseil d\u2019administration le pouvoir d\u2019agir en justice au nom de ladite association.<\/em>\u00a0\u00bb<\/li>\n<li><strong>Gestion d\u00e9sint\u00e9ress\u00e9e<\/strong>\u00a0: Le pr\u00e9sident doit veiller \u00e0 ce que la gestion de l\u2019association soit d\u00e9sint\u00e9ress\u00e9e<span class=\"footnote_referrer\"><a tabindex=\"0\" role=\"button\"><sup id=\"footnote_plugin_tooltip_901108891_1_5\" class=\"footnote_plugin_tooltip_text\">[5]<\/sup><\/a><\/span>. \u00a0Toujours selon la Cour administrative d\u2019appel de Lyon le 18 mars 2021<span class=\"footnote_referrer\"><a tabindex=\"0\" role=\"button\"><sup id=\"footnote_plugin_tooltip_901108891_1_6\" class=\"footnote_plugin_tooltip_text\">[6]<\/sup><\/a><\/span>, \u00ab\u00a0<em>les r\u00e9mun\u00e9rations vers\u00e9es doivent \u00eatre proportionn\u00e9es aux ressources de l\u2019association et constituer la contrepartie des suj\u00e9tions effectivement impos\u00e9es \u00e0 ses dirigeants dans l\u2019exercice de leur mandat.<\/em>\u00a0\u00bb Or, en l\u2019esp\u00e8ce, la CAA de Lyon a jug\u00e9 que la gestion d\u2019une association n\u2019\u00e9tait pas d\u00e9sint\u00e9ress\u00e9e lorsque des avantages excessifs \u00e9taient accord\u00e9s aux dirigeants sans justification ad\u00e9quate.<\/li>\n<li><strong>D\u00e9claration des modifications<\/strong>\u00a0: Le pr\u00e9sident doit s\u2019assurer que toutes les modifications apport\u00e9es aux statuts et les changements dans l\u2019administration de l\u2019association soient d\u00e9clar\u00e9s dans les trois mois, comme le dispose\u00a0<a href=\"https:\/\/www.doctrine.fr\/l\/texts\/lois\/JORFTEXT000000497458\/articles\/LEGIARTI000006294255?version=LEGIARTI000030930137&amp;sourcePage=LegalResearchChatbot&amp;source=legal-research-answer\">l\u2019article 5 de la Loi du 1er juillet 1901 relative au contrat d\u2019association<\/a>.<\/li>\n<\/ul>\n<p>En conclusion, le pr\u00e9sident (ou les copr\u00e9sidents) d\u2019une association a le droit de repr\u00e9senter l\u2019association dans les actes de la vie civile et de convoquer et pr\u00e9sider les assembl\u00e9es. Cependant, il doit respecter les statuts de l\u2019association (ce qui suppose qu\u2019ils soient correctement r\u00e9dig\u00e9s), veiller \u00e0 une gestion d\u00e9sint\u00e9ress\u00e9e et d\u00e9clarer toutes les modifications statutaires et administratives dans les d\u00e9lais l\u00e9gaux.<\/p>\n<p>&nbsp;<\/p>\n<ol start=\"2\">\n<li>\n<h5><strong>Quels sont les recours possibles pour les membres de l\u2019association si le pr\u00e9sident ne respecte pas les statuts de l\u2019association ?<\/strong><\/h5>\n<\/li>\n<\/ol>\n<p>La jurisprudence offre plusieurs exemples de recours possibles pour les membres d\u2019une association en cas de non-respect des statuts par le pr\u00e9sident :<\/p>\n<ul>\n<li><strong>Convocation et r\u00e9vocation<\/strong><\/li>\n<\/ul>\n<p>Dans une affaire jug\u00e9e par le Tribunal Judiciaire de Nanterre, il a \u00e9t\u00e9 \u00e9tabli que la r\u00e9vocation d\u2019un dirigeant d\u2019association doit \u00eatre pr\u00e9vue \u00e0 l\u2019ordre du jour de l\u2019assembl\u00e9e g\u00e9n\u00e9rale, sauf en cas d\u2019incident pendant l\u2019assembl\u00e9e. Les membres peuvent donc demander la convocation d\u2019une assembl\u00e9e g\u00e9n\u00e9rale pour discuter de la \u00ab\u00a0<em>r\u00e9vocation ad nutum<\/em>\u00a0\u00bb du pr\u00e9sident si celui-ci ne respecte pas les statuts<span class=\"footnote_referrer\"><a tabindex=\"0\" role=\"button\"><sup id=\"footnote_plugin_tooltip_901108891_1_7\" class=\"footnote_plugin_tooltip_text\">[7]<\/sup><\/a><\/span>.<\/p>\n<p>Concernant la mise en \u0153uvre de proc\u00e9dure \u00ab<em>\u00a0ad nutum<\/em>\u00a0\u00bb dans les associations, les proc\u00e9dures de contestation judiciaire sont l\u00e9gion. Sur ce point, la d\u00e9cision de la Cour d\u2019appel de Paris en date du 2 d\u00e9cembre 2020<span class=\"footnote_referrer\"><a tabindex=\"0\" role=\"button\"><sup id=\"footnote_plugin_tooltip_901108891_1_8\" class=\"footnote_plugin_tooltip_text\">[8]<\/sup><\/a><\/span>\u00a0est un classique du genre : la Cour a infirm\u00e9 partiellement le jugement du Tribunal de Grande Instance d\u2019Evry qui avait d\u00e9clar\u00e9 irrecevables les demandes de M. C X contre l\u2019association Union internationale des sciences biologiques (IUBS) concernant la nullit\u00e9 de la 31e assembl\u00e9e g\u00e9n\u00e9rale de l\u2019association et sa r\u00e9vocation en tant que pr\u00e9sident. La question juridique principale \u00e9tait de savoir si M. X avait qualit\u00e9 et int\u00e9r\u00eat \u00e0 agir en contestation de la d\u00e9lib\u00e9ration de r\u00e9vocation et en demande de remboursement de frais avanc\u00e9s pour l\u2019association. La Cour a jug\u00e9 que M. X \u00e9tait recevable \u00e0 agir en nullit\u00e9 de la seule d\u00e9lib\u00e9ration ayant prononc\u00e9 sa r\u00e9vocation et en r\u00e9paration de son pr\u00e9judice au titre de la r\u00e9vocation abusive, ainsi qu\u2019en paiement des avances expos\u00e9es dans le cadre de son mandat de pr\u00e9sident, mais irrecevable pour le surplus de ses demandes. La Cour a \u00e9galement confirm\u00e9 la prescription des demandes de remboursement de frais ant\u00e9rieurs au 5 juin 2010. Sur le fond, la Cour a jug\u00e9 que la r\u00e9vocation de M. X \u00e9tait intervenue dans des formes r\u00e9guli\u00e8res et n\u2019\u00e9tait pas abusive, et a donc d\u00e9bout\u00e9 M. X de l\u2019ensemble de ses demandes. Par ailleurs, la Cour a condamn\u00e9 M. X \u00e0 rembourser \u00e0 l\u2019IUBS une somme de 9.467 euros pour des sommes non employ\u00e9es et \u00e0 payer 3.000 euros en r\u00e9paration du pr\u00e9judice subi par l\u2019association en raison de ses agissements pr\u00e9judiciables. Enfin, M. X a \u00e9t\u00e9 condamn\u00e9 \u00e0 payer 4.000 euros au titre de l\u2019article 700 du code de proc\u00e9dure civile ainsi qu\u2019aux d\u00e9pens d\u2019appel.<\/p>\n<ul>\n<li><strong>Capacit\u00e9 pour agir en justice<\/strong><\/li>\n<\/ul>\n<p>La Cour d\u2019appel de Papeete du 24 ao\u00fbt 2023 a confirm\u00e9 que le pr\u00e9sident d\u2019une association a la qualit\u00e9 pour agir en justice et vis-\u00e0-vis des tiers, ce qui inclut la possibilit\u00e9 pour les membres de contester les actions du pr\u00e9sident en justice si elles sont contraires aux statuts de l\u2019association<span class=\"footnote_referrer\"><a tabindex=\"0\" role=\"button\"><sup id=\"footnote_plugin_tooltip_901108891_1_9\" class=\"footnote_plugin_tooltip_text\">[9]<\/sup><\/a><\/span>.<\/p>\n<ul>\n<li><strong>Radiation et R\u00e9int\u00e9gration<\/strong><\/li>\n<\/ul>\n<p>La Cour d\u2019appel de Toulouse le 07 f\u00e9vrier 2023 a trait\u00e9 un cas o\u00f9 un membre d\u2019une association a contest\u00e9 sa radiation, arguant qu\u2019il n\u2019avait pas \u00e9t\u00e9 r\u00e9guli\u00e8rement convoqu\u00e9 et qu\u2019aucun motif grave ne justifiait sa radiation. La cour a ordonn\u00e9 la r\u00e9int\u00e9gration du membre, ce qui montre que les membres peuvent contester les d\u00e9cisions du pr\u00e9sident en justice si elles ne respectent pas les statuts<span class=\"footnote_referrer\"><a tabindex=\"0\" role=\"button\"><sup id=\"footnote_plugin_tooltip_901108891_1_10\" class=\"footnote_plugin_tooltip_text\">[10]<\/sup><\/a><\/span>.<\/p>\n<p>&nbsp;<\/p>\n<p><strong>Conclusion<\/strong><br \/>\nLes membres d\u2019une association disposent de plusieurs recours si le pr\u00e9sident (ou les copr\u00e9sidents), ne respecte pas les statuts de l\u2019association :<\/p>\n<ul>\n<li>Demander la convocation d\u2019une assembl\u00e9e g\u00e9n\u00e9rale pour discuter de la r\u00e9vocation du pr\u00e9sident, si les statuts pr\u00e9voient cette possibilit\u00e9.<\/li>\n<li>Contester les actions du pr\u00e9sident en justice, en se basant sur leur qualit\u00e9 de membres et les statuts de l\u2019association.<\/li>\n<li>Contester les d\u00e9cisions du pr\u00e9sident, telles que les radiations, en justice pour non-respect des statuts.<\/li>\n<\/ul>\n<p>Ces recours permettent aux membres de s\u2019assurer que les actions du pr\u00e9sident sont conformes aux statuts de l\u2019association et de prot\u00e9ger leurs droits au sein de l\u2019association.<\/p>\n<p><strong>Colas Amblard <\/strong><\/p>\n<p><strong>Docteur en droit<\/strong><\/p>\n<p><strong>Avocat associ\u00e9<\/strong><\/p>\n<p>&nbsp;<\/p>\n<p><strong>En savoir plus :<\/strong><\/p>\n<p class=\"page-title\"><a href=\"https:\/\/institut-isbl.fr\/association-et-dirigeant-de-fait-attention-au-retour-de-baton\/\" target=\"_blank\" rel=\"noopener\">Association et dirigeant de fait : attention au retour de b\u00e2ton !, Colas Amblard, Institut ISBL octobre 2024<\/a><\/p>\n<p><a href=\"https:\/\/institut-isbl.fr\/president-un-ecrit-sinon-rien\/\" target=\"_blank\" rel=\"noopener\">Pr\u00e9sident : un \u00e9crit sinon rien !, Institut ISBL, octobre 2023<\/a><\/p>\n<p class=\"page-title\"><a href=\"https:\/\/institut-isbl.fr\/faute-detachable-des-fonctions-de-dirigeant\/\" target=\"_blank\" rel=\"noopener\">Faute d\u00e9tachable des fonctions de dirigeant, Institut ISBL, novembre 2023<\/a><\/p>\n<p class=\"page-title\"><a href=\"https:\/\/institut-isbl.fr\/la-revocation-du-dirigeant-dassociation\/\" target=\"_blank\" rel=\"noopener\">La r\u00e9vocation du dirigeant d\u2019association, Institut ISBL, novembre 2023<\/a><\/p>\n<p><a href=\"https:\/\/institut-isbl.fr\/action-en-comblement-dinsuffisance-dactif-un-risque-pour-les-dirigeants-associatifs\/\">Colas Amblard, \u00ab\u00a0Action en comblement d\u2019insuffisance d\u2019actif : un risque pour les dirigeants associatifs !\u00a0\u00bb, Institut ISBL juin 2021<\/a><\/p>\n<p><a href=\"https:\/\/institut-isbl.fr\/un-directeur-salarie-peut-etre-reconnu-dirigeant-de-fait-dune-association\/\" target=\"_blank\" rel=\"noopener\">Un directeur salari\u00e9 peut \u00eatre reconnu dirigeant de fait d\u2019une association, Colas Amblard, \u00a0Institut ISBL avril 2020<\/a><\/p>\n<p><a href=\"applewebdata:\/\/22D5E06E-3ECB-4A7C-A4BC-7243276F667D#_ftnref5\" name=\"_ftn5\"><\/a><\/p>\n<div class=\"printfriendly pf-button pf-button-content pf-alignright\"><a title=\"Printer Friendly, PDF &amp; Email\" href=\"https:\/\/institut-isbl.fr\/presider-une-association-la-vigilance-est-de-mise\/#\" rel=\"nofollow\"><img decoding=\"async\" class=\"pf-button-img\" src=\"https:\/\/cdn.printfriendly.com\/buttons\/printfriendly-pdf-email-button-notext.png\" alt=\"Print Friendly, PDF &amp; Email\" \/><\/a><\/div>\n<\/div>\n<div class=\"abh_box abh_box_down abh_box_business\"><\/div>\n<\/div>\n<\/article>\n<\/div>\n<\/div>\n<\/div>\n<\/div>\n<\/section>\n","protected":false},"excerpt":{"rendered":"<p>Colas Amblard\u00a0|\u00a0 &nbsp; Les droits et obligations du pr\u00e9sident d\u2019une association sont encadr\u00e9s par plusieurs dispositions l\u00e9gales et statutaires. Celui-ci doit donc demeurer vigilant et rester strictement dans la sph\u00e8re de pouvoir qu\u2019il lui est statutairement d\u00e9volue. A d\u00e9faut, il s\u2019expose \u00e0 ce que les membres exercent leur droit \u00e0 contestation voire engage ce qui [&hellip;]<\/p>\n","protected":false},"author":2,"featured_media":0,"comment_status":"closed","ping_status":"closed","sticky":false,"template":"","format":"standard","meta":{"site-sidebar-layout":"default","site-content-layout":"","ast-site-content-layout":"default","site-content-style":"default","site-sidebar-style":"default","ast-global-header-display":"","ast-banner-title-visibility":"","ast-main-header-display":"","ast-hfb-above-header-display":"","ast-hfb-below-header-display":"","ast-hfb-mobile-header-display":"","site-post-title":"","ast-breadcrumbs-content":"","ast-featured-img":"","footer-sml-layout":"","ast-disable-related-posts":"","theme-transparent-header-meta":"default","adv-header-id-meta":"","stick-header-meta":"default","header-above-stick-meta":"","header-main-stick-meta":"","header-below-stick-meta":"","astra-migrate-meta-layouts":"set","ast-page-background-enabled":"default","ast-page-background-meta":{"desktop":{"background-color":"var(--ast-global-color-4)","background-image":"","background-repeat":"repeat","background-position":"center center","background-size":"auto","background-attachment":"scroll","background-type":"","background-media":"","overlay-type":"","overlay-color":"","overlay-opacity":"","overlay-gradient":""},"tablet":{"background-color":"","background-image":"","background-repeat":"repeat","background-position":"center center","background-size":"auto","background-attachment":"scroll","background-type":"","background-media":"","overlay-type":"","overlay-color":"","overlay-opacity":"","overlay-gradient":""},"mobile":{"background-color":"","background-image":"","background-repeat":"repeat","background-position":"center center","background-size":"auto","background-attachment":"scroll","background-type":"","background-media":"","overlay-type":"","overlay-color":"","overlay-opacity":"","overlay-gradient":""}},"ast-content-background-meta":{"desktop":{"background-color":"var(--ast-global-color-5)","background-image":"","background-repeat":"repeat","background-position":"center center","background-size":"auto","background-attachment":"scroll","background-type":"","background-media":"","overlay-type":"","overlay-color":"","overlay-opacity":"","overlay-gradient":""},"tablet":{"background-color":"var(--ast-global-color-5)","background-image":"","background-repeat":"repeat","background-position":"center center","background-size":"auto","background-attachment":"scroll","background-type":"","background-media":"","overlay-type":"","overlay-color":"","overlay-opacity":"","overlay-gradient":""},"mobile":{"background-color":"var(--ast-global-color-5)","background-image":"","background-repeat":"repeat","background-position":"center center","background-size":"auto","background-attachment":"scroll","background-type":"","background-media":"","overlay-type":"","overlay-color":"","overlay-opacity":"","overlay-gradient":""}},"footnotes":""},"categories":[283,386],"tags":[10,259,313,271,171,137,43,109,138,76,492,493],"class_list":["post-3499","post","type-post","status-publish","format-standard","hentry","category-article","category-avocat-specialise-en-droit-des-associations","tag-association","tag-association-et-avocat","tag-avocat-en-droit-des-associations","tag-avocat-et-association","tag-avocat-et-droit-des-associations","tag-avocat-specialise-dans-le-secteur-associatif","tag-colas-amblard","tag-dirigeants-associatifs","tag-droit-des-associations","tag-nps-consulting","tag-president-dassociation","tag-responsabilite-du-president-dassociation"],"_links":{"self":[{"href":"https:\/\/www.npsconsulting-avocats.fr\/NPS\/wp-json\/wp\/v2\/posts\/3499","targetHints":{"allow":["GET"]}}],"collection":[{"href":"https:\/\/www.npsconsulting-avocats.fr\/NPS\/wp-json\/wp\/v2\/posts"}],"about":[{"href":"https:\/\/www.npsconsulting-avocats.fr\/NPS\/wp-json\/wp\/v2\/types\/post"}],"author":[{"embeddable":true,"href":"https:\/\/www.npsconsulting-avocats.fr\/NPS\/wp-json\/wp\/v2\/users\/2"}],"replies":[{"embeddable":true,"href":"https:\/\/www.npsconsulting-avocats.fr\/NPS\/wp-json\/wp\/v2\/comments?post=3499"}],"version-history":[{"count":2,"href":"https:\/\/www.npsconsulting-avocats.fr\/NPS\/wp-json\/wp\/v2\/posts\/3499\/revisions"}],"predecessor-version":[{"id":3533,"href":"https:\/\/www.npsconsulting-avocats.fr\/NPS\/wp-json\/wp\/v2\/posts\/3499\/revisions\/3533"}],"wp:attachment":[{"href":"https:\/\/www.npsconsulting-avocats.fr\/NPS\/wp-json\/wp\/v2\/media?parent=3499"}],"wp:term":[{"taxonomy":"category","embeddable":true,"href":"https:\/\/www.npsconsulting-avocats.fr\/NPS\/wp-json\/wp\/v2\/categories?post=3499"},{"taxonomy":"post_tag","embeddable":true,"href":"https:\/\/www.npsconsulting-avocats.fr\/NPS\/wp-json\/wp\/v2\/tags?post=3499"}],"curies":[{"name":"wp","href":"https:\/\/api.w.org\/{rel}","templated":true}]}}