{"id":3485,"date":"2024-06-25T07:15:50","date_gmt":"2024-06-25T05:15:50","guid":{"rendered":"https:\/\/www.npsconsulting-avocats.fr\/NPS\/?p=3485"},"modified":"2025-02-14T07:21:11","modified_gmt":"2025-02-14T05:21:11","slug":"ess-on-est-trop-gentils","status":"publish","type":"post","link":"https:\/\/www.npsconsulting-avocats.fr\/NPS\/ess-on-est-trop-gentils\/","title":{"rendered":"ESS : \u00ab On est trop gentils ! \u00bb"},"content":{"rendered":"<section class=\"container-wrap main-title alternate-color border-bottom breadcrumbs-container\">\n<div class=\"container\"><\/div>\n<\/section>\n<section class=\"container-wrap main-color\">\n<div id=\"main-container\" class=\"container\">\n<div class=\"row\">\n<div class=\"template-page col-sm-12 tpl-no with-meta\">\n<div class=\"wrap-content\">\n<article id=\"post-901108409\" class=\"clearfix post-901108409 post type-post status-publish format-standard has-post-thumbnail hentry category-actualites category-edito\">\n<div class=\"article-meta\"><\/div>\n<div class=\"article-content print-only\">\n<div class=\"pf-content\">\n<p><strong>Pr\u00e9sent lors du Congr\u00e8s des 10 ans de la loi ESS, organis\u00e9 par\u00a0<a href=\"https:\/\/www.ess-france.org\/retour-sur-le-congres-des-10-ans-de-la-loi-ess\" target=\"_blank\" rel=\"noopener\">ESS France les 12 et 13 juin derniers<\/a>, l\u2019Institut ISBL a particip\u00e9 \u00e0 l\u2019atelier \u00ab\u00a0<a href=\"https:\/\/www.ess-france.org\/contributions-ecrites-recues-imagin-ere-de-l-ess\" target=\"_blank\" rel=\"noopener\">Dans 10 ans\u2026 l\u2019ESS sera la norme de l\u2019entreprise de demain<\/a> \u00bb.\u00a0<\/strong><strong>Plusieurs observateurs ont relev\u00e9 durant ces deux jours extr\u00eamement riches, une antienne r\u00e9p\u00e9t\u00e9e \u00e0 l\u2019envi par les intervenants : \u00ab On est trop gentils ! \u00bb.<\/strong><\/p>\n<p>&nbsp;<\/p>\n<p>Cela faisait \u00e9videmment r\u00e9f\u00e9rence \u00e0 cette volont\u00e9 ind\u00e9fectible de vouloir \u00ab\u00a0<em>faire soci\u00e9t\u00e9<\/em>\u00a0\u00bb, malgr\u00e9 la fatigue pour les \u00ab\u00a0<em>premiers de cord\u00e9es<\/em>\u00a0\u00bb, le manque de moyens, le peu de reconnaissance ou de r\u00e9sultats obtenus pour les b\u00e9n\u00e9voles.<\/p>\n<p>La situation politique a tout boulevers\u00e9 en quelques jours. Il s\u2019agit d\u00e9sormais de lutter contre l\u2019arriv\u00e9e au pouvoir de l\u2019extr\u00eame droite.<\/p>\n<p>Le\u00a0<a href=\"https:\/\/users\/colasamblard\/Downloads\/Manifeste%20suite%20au%20congr%C3%A8s_0-2.pdf\" target=\"_blank\" rel=\"noopener\">manifeste ESS France<\/a>\u00a0publi\u00e9 le 14 juin \u00e9tait pr\u00e9c\u00e9d\u00e9 de la diffusion la veille d\u2019une r\u00e9solution forte : \u00ab<a href=\"https:\/\/users\/colasamblard\/Downloads\/R%C3%A9solution%20congr%C3%A8s%20des%2010%20ans%20de%20loi%20ESS_0.pdf\" target=\"_blank\" rel=\"noopener\">\u00a0Face \u00e0 l\u2019extr\u00eame droite, les acteurs de l\u2019ESS appellent \u00e0 l\u2019engagement.<\/a>\u00a0\u00bb<\/p>\n<p>Fin mars 2024 d\u00e9j\u00e0, le\u00a0<a href=\"https:\/\/www.vie-publique.fr\/files\/rapport\/pdf\/293486.pdf\" target=\"_blank\" rel=\"noopener\">HCVA indiquait dans son rapport sur la transition \u00e9cologique<\/a>, qu\u2019au-del\u00e0 du r\u00f4le \u00e9ducatif des associations, il importe d\u00e9sormais de d\u00e9velopper d\u2019autres \u00ab\u00a0<em>formes vari\u00e9es<\/em>\u00a0\u00bb d\u2019engagement associatif \u00ab\u00a0<em>telles que la r\u00e9sistance civile ou le contentieux<\/em>\u00a0\u00bb, notant au passage l\u2019existence de \u00ab\u00a0<em>plusieurs obstacles au d\u00e9ploiement du plaidoyer associatif<\/em>\u00a0\u00bb.<\/p>\n<p>L\u2019ESS est-elle en train de se politiser par urgence face \u00e0 la mont\u00e9e des extr\u00e9mismes ou par n\u00e9cessit\u00e9 afin de devenir l\u2019\u00e9conomie de droit commun ?<span class=\"Apple-converted-space\">\u00a0<\/span><\/p>\n<p>Certainement les deux mon G\u00e9n\u00e9ral !<span class=\"Apple-converted-space\">\u00a0<\/span><\/p>\n<p>Toujours est-il que nous sommes satisfaits de voir que l\u2019ESS souhaite continuer \u00e0 \u00eatre \u00ab bienveillante \u00bb car cela est consubstantielle \u00e0 sa d\u00e9marche en \u00e9conomie et entend d\u00e9sormais \u00ab\u00a0<a href=\"https:\/\/institut-isbl.fr\/economie-sociale-et-solidaire-sortir-de-limpuissance-politique\/\" target=\"_blank\" rel=\"noopener\">sortir de l\u2019impuissance politique<\/a>\u00a0\u00bb dans laquelle est rest\u00e9e trop longtemps clo\u00eetr\u00e9e.<\/p>\n<p>D\u00e9j\u00e0 en 2020, nous \u00e9crivions : \u00ab\u00a0<em>Op\u00e9rer un tournant dans sa pens\u00e9e politique, c\u2019est convaincre les tenants de l\u2019ESS que la confrontation politique est in\u00e9vitable\u00a0si elle veut v\u00e9ritablement r\u00e9ussir les ruptures paradigmatiques qu\u2019elle appelle de ses v\u0153ux depuis plusieurs d\u00e9cennies maintenant. Pour rompre avec ce fatalisme de l\u2019\u00e9chec. Elle devra instaurer sa propre temporalit\u00e9 politique qui ne soit plus d\u00e9pendante des actions de l\u2019Etat, essayer de surprendre et d\u2019imposer son propre rythme politique et non pas simplement r\u00e9agir \u00e0 chaque annonce gouvernementale qui lui est d\u00e9favorable. Elle doit investir les cercles du pouvoir, infiltrer l\u2019appareil d\u2019Etat, conqu\u00e9rir les institutions l\u00e0 o\u00f9 les v\u00e9ritables d\u00e9cisions de changement sont possibles.\u00a0Ce n\u2019est qu\u2019\u00e0 ce prix qu\u2019elle peut esp\u00e9rer devenir puissante politiquement et ainsi pr\u00e9server toutes chances d\u2019inverser le cours des \u00e9v\u00e8nements qu\u2019elle d\u00e9nonce.<\/em>\u00a0\u00bb<span class=\"footnote_referrer\"><a tabindex=\"0\" role=\"button\"><sup id=\"footnote_plugin_tooltip_901108409_1_1\" class=\"footnote_plugin_tooltip_text\">[1]<\/sup><\/a><\/span><\/p>\n<p><span class=\"break-words tvm-parent-container\"><span dir=\"ltr\">Ne c\u00e9dons pas au pessimisme car ce \u00ab\u00a0<em>scrutin provoqu\u00e9<\/em>\u00a0\u00bb constitue une opportunit\u00e9 inesp\u00e9r\u00e9e pour l\u00a0\u00bbESS de \u00ab\u00a0<a href=\"https:\/\/institut-isbl.fr\/relever-le-defi-de-la-meconnaissance\/\" target=\"_blank\" rel=\"noopener\">relever le d\u00e9fi de la m\u00e9connaissance<\/a>.\u00a0\u00bb<\/span><\/span><\/p>\n<p>La France compte 13 000 000 de b\u00e9n\u00e9voles regroup\u00e9s dans 1 500 000 associations actives, 22.000 coop\u00e9ratives, 500 mutuelles plus de 6 000 fondations et fonds de dotation, l\u2019ESS r\u00e9unit 2 600 000 de salari\u00e9s.<\/p>\n<p><span class=\"break-words tvm-parent-container\">L\u2019augmentation du nombre de ces structures a capitalistes et des emplois induits ne cessent de progresser (plus de 70 000 cr\u00e9ations d\u2019associations par an depuis 10 ans ; plus de 28 000 emplois cr\u00e9\u00e9s fin juin 2023).<\/span><\/p>\n<p>En r\u00e9alit\u00e9, \u00e0 quoi assistons-nous ? Non pas au grand soir mais \u00e0 une v\u00e9ritable \u00ab\u00a0<a href=\"https:\/\/www.librairie-sciencespo.fr\/livre\/9782350960616-la-revolution-moleculaire-felix-guattari\/\" target=\"_blank\" rel=\"noopener\">r\u00e9volution mol\u00e9culaire\u00a0\u00bb (F. Guattari)<\/a>\u00a0pour peu qu\u2019un r\u00e9cit commun s\u2019en d\u00e9gage et r\u00e9ussisse \u00e0 se faire entendre \u00e0 ce moment pr\u00e9cis de notre Histoire.<\/p>\n<p>Dans de pr\u00e9c\u00e9dentes publications \u00ab\u00a0<a href=\"https:\/\/institut-isbl.fr\/economie-sociale-et-solidaire-sortir-de-limpuissance-politique\/\" target=\"_blank\" rel=\"noopener\">ESS : sortir de l\u2019impuissance politique\u00a0\u00bb (20 oct. 2020)<\/a>\u00a0ou encore\u00a0<a href=\"https:\/\/institut-isbl.fr\/signaux-forts-de-la-politique-macron-less-doit-elle-se-mobiliser\/\" target=\"_blank\" rel=\"noopener\">\u00ab\u00a0Signaux forts de la politique Macron : l\u2019ESS doit-elle se mobiliser ?\u00a0\u00bb (30 nov. 2023)<\/a>, nous exhortions les acteurs de l\u2019ESS de rompre avec l\u2019impuissance politique.<\/p>\n<p>Aujourd\u2019hui, nous les invitons \u00e0 revendiquer les principaux crit\u00e8res d\u2019appartenance \u00e0 l\u2019ESS pour devenir l&rsquo;\u00a0\u00bb<em>\u00e9conomie de droit commun<\/em>\u00a0\u00bb :<\/p>\n<ul>\n<li><span class=\"break-words tvm-parent-container\">Refus des in\u00e9galit\u00e9s pour un mieux \u00ab\u00a0<em>vivre ensemble<\/em>\u00a0\u00bb (<a href=\"https:\/\/institut-isbl.fr\/et-si-less-profitait-aussi-de-la-bourse\/\" target=\"_blank\" rel=\"noopener\">taxation des superprofits<\/a>) et une gestion plus \u00e9galitaire des\u00a0<a href=\"https:\/\/institut-isbl.fr\/leconomie-sociale-et-solidaire-absorbe-t-elle-lintuition-des-communs\/\" target=\"_blank\" rel=\"noopener\">biens communs<\/a>\u00a0(pr\u00e9servation de l\u2019eau, l\u2019air, biodiversit\u00e9, etc.)<\/span><\/li>\n<li><span class=\"break-words tvm-parent-container\">Sens de la solidarit\u00e9, du collectif et du partage (interdiction de toute appropriation privative des b\u00e9n\u00e9fices et moyens de propri\u00e9t\u00e9s collectifs)<br \/>\n<\/span><\/li>\n<li><span class=\"break-words tvm-parent-container\">Pouvoir entreprendre autrement (\u00ab\u00a0<a href=\"https:\/\/institut-isbl.fr\/but-non-lucratif-un-concept-incontournable-et-encore-mal-apprehende-par-les-associations\/\" target=\"_blank\" rel=\"noopener\"><em>but non lucratif<\/em><\/a>\u00a0\u00bb ou \u00ab\u00a0<a href=\"https:\/\/institut-isbl.fr\/lucratif-ou-non-lucratif-telle-est-la-question\/\" target=\"_blank\" rel=\"noopener\"><em>lucrativit\u00e9 limit\u00e9<\/em><\/a>\u00a0\u00bb ; \u00ab\u00a0<em>d\u00e9mocratie<\/em>\u00a0\u00bb ou \u00ab\u00a0<em>multi soci\u00e9tariat<\/em>\u00ab\u00a0)<\/span><\/li>\n<li><span class=\"break-words tvm-parent-container\">Capacit\u00e9 de faire coexister au sein l\u2019ESS\u00a0<a href=\"https:\/\/institut-isbl.fr\/wp-content\/uploads\/sites\/3\/2024\/06\/Institut-ISBL-contribution-Congres-ESS-FRANCE-juin-2024.pdf\" target=\"_blank\" rel=\"noopener\">utilit\u00e9 sociale et performance \u00e9conomique<\/a><\/span><\/li>\n<li><span class=\"break-words tvm-parent-container\">Besoin de\u00a0<a href=\"https:\/\/institut-isbl.fr\/territoires-zero-chomeur-longue-duree-une-experimentation-sociale-au-service-dune-autre-politique-sociale\/\" target=\"_blank\" rel=\"noopener\">conventionnement des entreprises ESS<\/a>\u00a0dont l\u2019<a href=\"https:\/\/institut-isbl.fr\/responsabilite-territoriale-associative-utilite-sociale-lelement-pivot\/\" target=\"_blank\" rel=\"noopener\">implantation territoriales<\/a>\u00a0g\u00e9n\u00e8rent des comportements plus innovants et responsables<\/span><\/li>\n<li><a href=\"https:\/\/institut-isbl.fr\/leconomie-circulaire-solidaire-en-questions\/\" target=\"_blank\" rel=\"noopener\">Relocalisation de la production<\/a>\u00a0\u00e0 partir des circuits-courts et du commerce de proximit\u00e9.<\/li>\n<\/ul>\n<p>A partir de ces quelques fondamentaux partag\u00e9s, l\u2019occasion est inesp\u00e9r\u00e9e pour l\u2019ESS de peser de tout son poids dans cette bataille l\u00e9gislative d\u00e9j\u00e0 engag\u00e9e.<\/p>\n<p>Faisons valoir notre engagement commun, construisons et\u00a0<a href=\"https:\/\/www.cressoccitanie.org\/IMG\/pdf\/tract_ess_-_legislatives_vf.pdf\" target=\"_blank\" rel=\"noopener\">mobilisons nous pour l\u2019ESS<\/a>\u00a0!<\/p>\n<p><strong>Colas Amblard,<br \/>\n<\/strong><\/p>\n<p>Docteur en droit<\/p>\n<p>Avocat associ\u00e9<\/p>\n<p>&nbsp;<\/p>\n<p><strong>En savoir plus :<\/strong><\/p>\n<p class=\"page-title\"><a href=\"https:\/\/institut-isbl.fr\/lentreprise-socialement-interessee\/\" target=\"_blank\" rel=\"noopener\"><strong>L\u2019Entreprise Socialement Int\u00e9ress\u00e9e : comment allier performance \u00e9conomique et utilit\u00e9 sociale\u00a0<\/strong><\/a><\/p>\n<p>&nbsp;<\/p>\n<div class=\"printfriendly pf-button pf-button-content pf-alignright\"><a title=\"Printer Friendly, PDF &amp; Email\" href=\"https:\/\/institut-isbl.fr\/ess-on-est-trop-gentils\/#\" rel=\"nofollow\"><img decoding=\"async\" class=\"pf-button-img\" src=\"https:\/\/cdn.printfriendly.com\/buttons\/printfriendly-pdf-email-button-notext.png\" alt=\"Print Friendly, PDF &amp; Email\" \/><\/a><\/div>\n<\/div>\n<div class=\"abh_box abh_box_down abh_box_business\">\n<p>&nbsp;<\/p>\n<div class=\"abh_tab_content\"><\/div>\n<\/div>\n<div class=\"speaker-mute footnotes_reference_container\">\n<div class=\"footnote_container_prepare\">\n<p>&nbsp;<\/p>\n<\/div>\n<div id=\"footnote_references_container_901108409_1\">\n<table class=\"footnotes_table footnote-reference-container\">\n<caption class=\"accessibility\">R\u00e9f\u00e9rences<\/caption>\n<tbody>\n<tr class=\"footnotes_plugin_reference_row\">\n<th class=\"footnote_plugin_index_combi pointer\" scope=\"row\"><a id=\"footnote_plugin_reference_901108409_1_1\" class=\"footnote_backlink\"><\/a><span class=\"footnote_index_arrow\">\u2191<\/span>1<\/th>\n<td class=\"footnote_plugin_text\"><a href=\"https:\/\/institut-isbl.fr\/economie-sociale-et-solidaire-sortir-de-limpuissance-politique\/\" target=\"_blank\" rel=\"noopener\">Economie sociale et solidaire : sortir de l\u2019impuissance politique !, Colas Amblard, \u00e9ditorial ISBL magazine octobre 2020<\/a><\/td>\n<\/tr>\n<\/tbody>\n<\/table>\n<\/div>\n<\/div>\n<div class=\"entry-content wrapper contenugenerique\"><\/div>\n<\/div>\n<\/article>\n<\/div>\n<\/div>\n<\/div>\n<\/div>\n<\/section>\n","protected":false},"excerpt":{"rendered":"<p>Pr\u00e9sent lors du Congr\u00e8s des 10 ans de la loi ESS, organis\u00e9 par\u00a0ESS France les 12 et 13 juin derniers, l\u2019Institut ISBL a particip\u00e9 \u00e0 l\u2019atelier \u00ab\u00a0Dans 10 ans\u2026 l\u2019ESS sera la norme de l\u2019entreprise de demain \u00bb.\u00a0Plusieurs observateurs ont relev\u00e9 durant ces deux jours extr\u00eamement riches, une antienne r\u00e9p\u00e9t\u00e9e \u00e0 l\u2019envi par les intervenants [&hellip;]<\/p>\n","protected":false},"author":2,"featured_media":0,"comment_status":"closed","ping_status":"closed","sticky":false,"template":"","format":"standard","meta":{"site-sidebar-layout":"default","site-content-layout":"","ast-site-content-layout":"default","site-content-style":"default","site-sidebar-style":"default","ast-global-header-display":"","ast-banner-title-visibility":"","ast-main-header-display":"","ast-hfb-above-header-display":"","ast-hfb-below-header-display":"","ast-hfb-mobile-header-display":"","site-post-title":"","ast-breadcrumbs-content":"","ast-featured-img":"","footer-sml-layout":"","ast-disable-related-posts":"","theme-transparent-header-meta":"default","adv-header-id-meta":"","stick-header-meta":"default","header-above-stick-meta":"","header-main-stick-meta":"","header-below-stick-meta":"","astra-migrate-meta-layouts":"set","ast-page-background-enabled":"default","ast-page-background-meta":{"desktop":{"background-color":"var(--ast-global-color-4)","background-image":"","background-repeat":"repeat","background-position":"center center","background-size":"auto","background-attachment":"scroll","background-type":"","background-media":"","overlay-type":"","overlay-color":"","overlay-opacity":"","overlay-gradient":""},"tablet":{"background-color":"","background-image":"","background-repeat":"repeat","background-position":"center center","background-size":"auto","background-attachment":"scroll","background-type":"","background-media":"","overlay-type":"","overlay-color":"","overlay-opacity":"","overlay-gradient":""},"mobile":{"background-color":"","background-image":"","background-repeat":"repeat","background-position":"center center","background-size":"auto","background-attachment":"scroll","background-type":"","background-media":"","overlay-type":"","overlay-color":"","overlay-opacity":"","overlay-gradient":""}},"ast-content-background-meta":{"desktop":{"background-color":"var(--ast-global-color-5)","background-image":"","background-repeat":"repeat","background-position":"center center","background-size":"auto","background-attachment":"scroll","background-type":"","background-media":"","overlay-type":"","overlay-color":"","overlay-opacity":"","overlay-gradient":""},"tablet":{"background-color":"var(--ast-global-color-5)","background-image":"","background-repeat":"repeat","background-position":"center center","background-size":"auto","background-attachment":"scroll","background-type":"","background-media":"","overlay-type":"","overlay-color":"","overlay-opacity":"","overlay-gradient":""},"mobile":{"background-color":"var(--ast-global-color-5)","background-image":"","background-repeat":"repeat","background-position":"center center","background-size":"auto","background-attachment":"scroll","background-type":"","background-media":"","overlay-type":"","overlay-color":"","overlay-opacity":"","overlay-gradient":""}},"footnotes":""},"categories":[3,386],"tags":[313,235],"class_list":["post-3485","post","type-post","status-publish","format-standard","hentry","category-actualites","category-avocat-specialise-en-droit-des-associations","tag-avocat-en-droit-des-associations","tag-ess"],"_links":{"self":[{"href":"https:\/\/www.npsconsulting-avocats.fr\/NPS\/wp-json\/wp\/v2\/posts\/3485","targetHints":{"allow":["GET"]}}],"collection":[{"href":"https:\/\/www.npsconsulting-avocats.fr\/NPS\/wp-json\/wp\/v2\/posts"}],"about":[{"href":"https:\/\/www.npsconsulting-avocats.fr\/NPS\/wp-json\/wp\/v2\/types\/post"}],"author":[{"embeddable":true,"href":"https:\/\/www.npsconsulting-avocats.fr\/NPS\/wp-json\/wp\/v2\/users\/2"}],"replies":[{"embeddable":true,"href":"https:\/\/www.npsconsulting-avocats.fr\/NPS\/wp-json\/wp\/v2\/comments?post=3485"}],"version-history":[{"count":2,"href":"https:\/\/www.npsconsulting-avocats.fr\/NPS\/wp-json\/wp\/v2\/posts\/3485\/revisions"}],"predecessor-version":[{"id":3487,"href":"https:\/\/www.npsconsulting-avocats.fr\/NPS\/wp-json\/wp\/v2\/posts\/3485\/revisions\/3487"}],"wp:attachment":[{"href":"https:\/\/www.npsconsulting-avocats.fr\/NPS\/wp-json\/wp\/v2\/media?parent=3485"}],"wp:term":[{"taxonomy":"category","embeddable":true,"href":"https:\/\/www.npsconsulting-avocats.fr\/NPS\/wp-json\/wp\/v2\/categories?post=3485"},{"taxonomy":"post_tag","embeddable":true,"href":"https:\/\/www.npsconsulting-avocats.fr\/NPS\/wp-json\/wp\/v2\/tags?post=3485"}],"curies":[{"name":"wp","href":"https:\/\/api.w.org\/{rel}","templated":true}]}}