{"id":3437,"date":"2024-08-27T17:27:12","date_gmt":"2024-08-27T15:27:12","guid":{"rendered":"https:\/\/www.npsconsulting-avocats.fr\/NPS\/?p=3437"},"modified":"2025-02-14T07:06:37","modified_gmt":"2025-02-14T05:06:37","slug":"fiscalite-elements-strategiques-des-modeles-socio-economiques-associatifs","status":"publish","type":"post","link":"https:\/\/www.npsconsulting-avocats.fr\/NPS\/fiscalite-elements-strategiques-des-modeles-socio-economiques-associatifs\/","title":{"rendered":"Fiscalit\u00e9 : \u00e9l\u00e9ments strat\u00e9giques des mod\u00e8les socio-\u00e9conomiques associatifs"},"content":{"rendered":"<section class=\"container-wrap main-title alternate-color border-bottom breadcrumbs-container\">\n<div class=\"container\"><\/div>\n<\/section>\n<section class=\"container-wrap main-color\">\n<div id=\"main-container\" class=\"container\">\n<div class=\"row\">\n<div class=\"template-page col-sm-12 tpl-no with-meta\">\n<div class=\"wrap-content\">\n<article id=\"post-901107921\" class=\"clearfix post-901107921 post type-post status-publish format-standard has-post-thumbnail hentry category-actualites category-actualites-2 category-associations-actualites-2 tag-associations tag-but-non-lucratif tag-desinteressee tag-entreprise-socialement-interessee tag-fonds-de-dotation tag-franchise tag-interet-general tag-modele-social-economique tag-mse tag-utilite-sociale\">\n<div class=\"article-meta\"><strong style=\"font-size: 16px;\">Aborder la question des mode\u0300les socio-e\u0301conomiques des associations permet de souligner le ro\u0302le fondamental du droit fiscal dans la construction et l\u2019optimisation de nouveaux mode\u0300les d\u2019entreprises.<\/strong><\/div>\n<div><\/div>\n<div class=\"article-content print-only\">\n<div class=\"pf-content\">\n<div class=\"page\" title=\"Page 1\">\n<div class=\"section\">\n<div class=\"layoutArea\">\n<div class=\"column\">\n<p>Souvent approche\u0301s comme objets d\u2019e\u0301tude<span class=\"footnote_referrer\"><a tabindex=\"0\" role=\"button\"><sup id=\"footnote_plugin_tooltip_901107921_1_1\" class=\"footnote_plugin_tooltip_text\">[1]<\/sup><\/a><\/span>, les mode\u0300les socio-e\u0301conomiques associatifs proce\u0300dent avant tout de la pratique professionnelle dans une perspective dynamique et imme\u0301diatement ope\u0301rationnelle. Ils peuvent donc difficilement e\u0302tre cate\u0301gorise\u0301s tant ils sont prote\u0301iformes et sujets a\u0300 e\u0301volution durant tout le parcours de vie des organismes concerne\u0301s. Pour les associations, la loi 1901<span class=\"footnote_referrer\"><a tabindex=\"0\" role=\"button\"><sup id=\"footnote_plugin_tooltip_901107921_1_2\" class=\"footnote_plugin_tooltip_text\">[2]<\/sup><\/a><\/span>, le droit des contrats et le re\u0301gime fiscal des OSBL<span class=\"footnote_referrer\"><a tabindex=\"0\" role=\"button\"><sup id=\"footnote_plugin_tooltip_901107921_1_3\" class=\"footnote_plugin_tooltip_text\">[3]<\/sup><\/a><\/span>, offrent de multiples possibilite\u0301s d\u2019e\u0301volution strate\u0301gique, tandis que la promulgation plus re\u0301cente de la loi du 31 juillet 2014<span class=\"footnote_referrer\"><a tabindex=\"0\" role=\"button\"><sup id=\"footnote_plugin_tooltip_901107921_1_4\" class=\"footnote_plugin_tooltip_text\">[4]<\/sup><\/a><\/span>\u00a0relative a\u0300 l\u2019e\u0301conomie sociale et solidaire (ESS) permet d\u2019appre\u0301hender ces organismes en tant que mode\u0300le d\u2019entreprise d\u2019un genre nouveau<span class=\"footnote_referrer\"><a tabindex=\"0\" role=\"button\"><sup id=\"footnote_plugin_tooltip_901107921_1_5\" class=\"footnote_plugin_tooltip_text\">[5]<\/sup><\/a><\/span>.<\/p>\n<p>&nbsp;<\/p>\n<h6><strong>ASSOCIATION : DES MODE\u0300LES SOCIO-E\u0301CONOMIQUES D\u2019ENTREPRISE ?<\/strong><\/h6>\n<p>&nbsp;<\/p>\n<\/div>\n<div class=\"page\" title=\"Page 1\">\n<div class=\"section\">\n<div class=\"layoutArea\">\n<div class=\"column\">\n<p><strong>1. Devenir une entreprise associative n\u2019est pas une fatalite\u0301.<\/strong><\/p>\n<p>&nbsp;<\/p>\n<p>Nous ne le re\u0301pe\u0301terons jamais assez : les associations ne sont pas toutes assimilables a\u0300 des entreprises. Et c\u2019est heureux ! Toutefois, selon la jurisprudence constante, une association se confond juridiquement avec la notion d\u2019entreprise quand elle s\u2019immisce dans la circulation des richesses, notamment lorsqu\u2019elle re\u0301alise une ou plusieurs activite\u0301s e\u0301conomiques<span class=\"footnote_referrer\"><a tabindex=\"0\" role=\"button\"><sup id=\"footnote_plugin_tooltip_901107921_1_6\" class=\"footnote_plugin_tooltip_text\">[6]<\/sup><\/a><\/span>\u00a0(vente de biens ou de services a\u0300 titre habituel) et\/ou lorsqu\u2019elle emploie des salarie\u0301s<span class=\"footnote_referrer\"><a tabindex=\"0\" role=\"button\"><sup id=\"footnote_plugin_tooltip_901107921_1_7\" class=\"footnote_plugin_tooltip_text\">[7]<\/sup><\/a><\/span>, ce qui, en de\u0301finitive, ne concerne que 365 000 entite\u0301s associatives sur les 1,5 million recense\u0301es en France<span class=\"footnote_referrer\"><a tabindex=\"0\" role=\"button\"><sup id=\"footnote_plugin_tooltip_901107921_1_8\" class=\"footnote_plugin_tooltip_text\">[8]<\/sup><\/a><\/span>. Peu importe leur statut juridique ou encore le fait qu\u2019elles poursuivent un but non lucratif<span class=\"footnote_referrer\"><a tabindex=\"0\" role=\"button\"><sup id=\"footnote_plugin_tooltip_901107921_1_9\" class=\"footnote_plugin_tooltip_text\">[9]<\/sup><\/a><\/span>, cette approche du concept d\u2019association en qualite\u0301 d\u2019entreprise est depuis longtemps confirme\u0301e par le droit tant interne que communautaire<span class=\"footnote_referrer\"><a tabindex=\"0\" role=\"button\"><sup id=\"footnote_plugin_tooltip_901107921_1_10\" class=\"footnote_plugin_tooltip_text\">[10]<\/sup><\/a><\/span>.<\/p>\n<div class=\"page\" title=\"Page 1\">\n<div class=\"section\">\n<div class=\"layoutArea\">\n<div class=\"column\">\n<div class=\"page\" title=\"Page 1\">\n<div class=\"section\">\n<div class=\"layoutArea\">\n<div class=\"column\">\n<p>Depuis la loi du 31 juillet 2014, les associations entrent automatiquement dans le pe\u0301rime\u0300tre des entreprises de l\u2019ESS si elles remplissent trois crite\u0300res principaux :<\/p>\n<ul>\n<li>leur raison d\u2019agir re\u0301side principalement dans la mise en \u0153uvre d\u2019activite\u0301s de production, de transformation, de distribution, d\u2019e\u0301change et de consommation de biens et de services ;<\/li>\n<li>le but poursuivi est autre que le seul partage de be\u0301ne\u0301fices ;<\/li>\n<li>leur gouvernance respecte le principe de de\u0301mocratie organise\u0301 par les statuts, ce qui suppose la participation des membres, des salarie\u0301s et d\u2019un ensemble de parties prenantes.<\/li>\n<\/ul>\n<\/div>\n<\/div>\n<\/div>\n<\/div>\n<\/div>\n<\/div>\n<\/div>\n<\/div>\n<p><strong style=\"font-size: 16px;\">2. Mode\u0300les socio-e\u0301conomiques des associations hors champ entrepreneurial.<\/strong><\/p>\n<p>La plupart des associations ne figurent donc pas dans la de\u0301finition juridique de l\u2019entreprise. Pour autant, les mode\u0300les socio-e\u0301conomiques de ces associations se de\u0301finissent quasi exclusivement a\u0300 partir du statut fiscal qui leur est spe\u0301cifiquement applicable<span class=\"footnote_referrer\" style=\"font-size: 16px;\"><a tabindex=\"0\" role=\"button\"><sup id=\"footnote_plugin_tooltip_901107921_1_11\" class=\"footnote_plugin_tooltip_text\">[11]<\/sup><\/a><\/span><span style=\"font-size: 16px;\">\u00a0: la plupart d\u2019entre elles \u2013 souvent parmi les plus \u00ab petites \u00bb associations \u2013 disposent de ressources essentiellement base\u0301es sur les cotisations de leurs membres be\u0301ne\u0301voles, voire, e\u0301ventuellement, sur le be\u0301ne\u0301fice de subventions publiques<\/span><span class=\"footnote_referrer\" style=\"font-size: 16px;\"><a tabindex=\"0\" role=\"button\"><sup id=\"footnote_plugin_tooltip_901107921_1_12\" class=\"footnote_plugin_tooltip_text\">[12]<\/sup><\/a><\/span><span style=\"font-size: 16px;\">.<\/span><\/p>\n<div class=\"page\" title=\"Page 1\">\n<div class=\"section\">\n<div class=\"layoutArea\">\n<div class=\"column\">\n<div class=\"page\" title=\"Page 1\">\n<div class=\"section\">\n<div class=\"layoutArea\">\n<div class=\"column\">\n<div class=\"page\" title=\"Page 1\">\n<div class=\"section\">\n<div class=\"layoutArea\">\n<div class=\"column\">\n<div class=\"page\" title=\"Page 2\">\n<div class=\"section\">\n<div class=\"layoutArea\">\n<div class=\"column\">\n<p>Pour ces structures, leur ressource principale est non mone\u0301taire et repose prioritairement sur des apports en industrie (be\u0301ne\u0301volat) re\u0301alise\u0301s par leurs socie\u0301taires. Ce premier mode\u0300le socio-e\u0301conomique associatif pre\u0301sente donc une caracte\u0301ristique fondamentale : ces organisations sont automatiquement non assujetties aux impo\u0302ts commerciaux (impo\u0302t sur les socie\u0301te\u0301s, TVA et contribution e\u0301conomique territoriale). En effet, double\u0301 du fait que leur objet est non lucratif et que leur gestion est le plus ge\u0301ne\u0301ralement de\u0301sinte\u0301resse\u0301e<span class=\"footnote_referrer\"><a tabindex=\"0\" role=\"button\"><sup id=\"footnote_plugin_tooltip_901107921_1_13\" class=\"footnote_plugin_tooltip_text\">[13]<\/sup><\/a><\/span>, c\u2019est pre\u0301cise\u0301ment gra\u0302ce a\u0300 ce re\u0301gime fiscal spe\u0301cifiquement applicable aux OSBL que les associations, mais aussi les fondations et fonds de dotation, vont pouvoir exercer leurs activite\u0301s hors champ concurrentiel (sante\u0301, culture, social, sport, loisirs, citoyennete\u0301, etc.).<\/p>\n<p>Ce re\u0301gime leur permettra, en outre, de be\u0301ne\u0301ficier du re\u0301gime du me\u0301ce\u0301nat<span class=\"footnote_referrer\"><a tabindex=\"0\" role=\"button\"><sup id=\"footnote_plugin_tooltip_901107921_1_14\" class=\"footnote_plugin_tooltip_text\">[14]<\/sup><\/a><\/span>\u00a0si leurs activite\u0301s principales sont d\u2019inte\u0301re\u0302t ge\u0301ne\u0301ral<span class=\"footnote_referrer\"><a tabindex=\"0\" role=\"button\"><sup id=\"footnote_plugin_tooltip_901107921_1_15\" class=\"footnote_plugin_tooltip_text\">[15]<\/sup><\/a><\/span>.<\/p>\n<div class=\"page\" title=\"Page 2\">\n<div class=\"section\">\n<div class=\"layoutArea\">\n<div class=\"column\">\n<p>&nbsp;<\/p>\n<h6><strong>ENTREPRISE ASSOCIATIVE : LA FISCALITE\u0301 COMME E\u0301LE\u0301MENT DIFFE\u0301RENCIANT<\/strong><\/h6>\n<p>&nbsp;<\/p>\n<p><strong>1.Fiscalite\u0301 associative : un re\u0301gime fiscal d\u2019exception \u2013 et non de faveur.<\/strong><\/p>\n<p>Toute association, de\u0300s lors qu\u2019elle exerce une ou plusieurs activite\u0301s e\u0301conomiques habituelles, a\u0300 titre accessoire<span class=\"footnote_referrer\"><a tabindex=\"0\" role=\"button\"><sup id=\"footnote_plugin_tooltip_901107921_1_16\" class=\"footnote_plugin_tooltip_text\">[16]<\/sup><\/a><\/span>\u00a0ou pre\u0301ponde\u0301rant, doit e\u0302tre appre\u0301hende\u0301e comme une entreprise au sens juridique du terme<span class=\"footnote_referrer\"><a tabindex=\"0\" role=\"button\"><sup id=\"footnote_plugin_tooltip_901107921_1_17\" class=\"footnote_plugin_tooltip_text\">[17]<\/sup><\/a><\/span>. En effet, \u00ab aucune association ou coope\u0301rative d\u2019entreprise ou d\u2019administration ne peut, de fac\u0327on habituelle, offrir des produits a\u0300 la vente, les vendre ou fournir des services si ces activite\u0301s ne sont pas pre\u0301vues par ses statuts \u00bb, en application de l\u2019article L. 442-7 du code de commerce. Pour autant, il est parfaitement possible de conserver le statut \u00ab de droit commun \u00bb en qualite\u0301 d\u2019OSBL globalement non assujetti.<\/p>\n<p>Par ailleurs, a\u0300 ce stade, l\u2019autre facteur diffe\u0301renciant \u2013 et pas des moindres \u2013 avec une socie\u0301te\u0301 capitalistique traditionnelle, voire avec une entreprise solidaire d\u2019utilite\u0301 sociale (ESUS)<span class=\"footnote_referrer\"><a tabindex=\"0\" role=\"button\"><sup id=\"footnote_plugin_tooltip_901107921_1_18\" class=\"footnote_plugin_tooltip_text\">[18]<\/sup><\/a><\/span>\u00a0ou a\u0300 mission<span class=\"footnote_referrer\"><a tabindex=\"0\" role=\"button\"><sup id=\"footnote_plugin_tooltip_901107921_1_19\" class=\"footnote_plugin_tooltip_text\">[19]<\/sup><\/a><\/span>, re\u0301side dans l\u2019interdiction de partage des be\u0301ne\u0301fices et d\u2019appropriation des moyens de production (et autres actifs) par les membres, que ce soit en cours ou en fin de vie de l\u2019OSBL<span class=\"footnote_referrer\"><a tabindex=\"0\" role=\"button\"><sup id=\"footnote_plugin_tooltip_901107921_1_20\" class=\"footnote_plugin_tooltip_text\">[20]<\/sup><\/a><\/span>. Mais, la\u0300 encore, une bonne mai\u0302trise de la technique fiscale permet d\u2019aller plus loin dans cette approche distinctive et la recherche d\u2019optimisation des mode\u0300les socio-e\u0301conomiques associatifs.<\/p>\n<div class=\"page\" title=\"Page 2\">\n<div class=\"section\">\n<div class=\"layoutArea\">\n<div class=\"column\">\n<p><strong>2.Mode\u0300les socio-e\u0301conomiques des associations \u00ab socialement inte\u0301resse\u0301es \u00bb.<\/strong><\/p>\n<p>Certaines associations, outre les ressources pre\u0301ce\u0301demment cite\u0301es, s\u2019engagent dans la sphe\u0300re e\u0301conomique. Or, a\u0300 ce stade, tout l\u2019enjeu consiste \u2013 par le recours a\u0300 la technique fiscale \u2013 a\u0300 de\u0301terminer si les activite\u0301s qu\u2019elles exercent dans cette sphe\u0300re sont lucratives\/commerciales<span class=\"footnote_referrer\"><a tabindex=\"0\" role=\"button\"><sup id=\"footnote_plugin_tooltip_901107921_1_21\" class=\"footnote_plugin_tooltip_text\">[21]<\/sup><\/a><\/span>\u00a0ou, au contraire, d\u2019utilite\u0301 sociale<span class=\"footnote_referrer\"><a tabindex=\"0\" role=\"button\"><sup id=\"footnote_plugin_tooltip_901107921_1_22\" class=\"footnote_plugin_tooltip_text\">[22]<\/sup><\/a><\/span>. Cette e\u0301tape est fondamentale dans la construction et l\u2019optimisation des mode\u0300les socio-e\u0301conomiques associatifs, tant pour l\u2019association elle-me\u0302me que pour la collectivite\u0301 environnante (collectivite\u0301s locales, e\u0301lus, citoyens). Pour l\u2019association, si son\/ses activite\u0301(s) e\u0301conomique(s) se de\u0301double(nt) d\u2019une \u00ab plus-value sociale ajoute\u0301e \u00bb \u2013 selon les deux premiers crite\u0300res de la re\u0300gle des \u00ab 4P \u00bb : produit ou public<span class=\"footnote_referrer\"><a tabindex=\"0\" role=\"button\"><sup id=\"footnote_plugin_tooltip_901107921_1_23\" class=\"footnote_plugin_tooltip_text\">[23]<\/sup><\/a><\/span>\u00a0\u2013, elle pourra de\u0301velopper son chiffre d\u2019affaires sans aucune limite, tout en conservant son statut d\u2019organisme non assujetti aux impo\u0302ts commerciaux et en cumulant le be\u0301ne\u0301fice de la franchise commerciale pour ses activite\u0301s lucratives accessoires \u2013 soit 78.596 euros pour 2024<span class=\"footnote_referrer\"><a tabindex=\"0\" role=\"button\"><sup id=\"footnote_plugin_tooltip_901107921_1_24\" class=\"footnote_plugin_tooltip_text\">[24]<\/sup><\/a><\/span>. Quant a\u0300 la collectivite\u0301 concerne\u0301e, au vu des activite\u0301s propose\u0301es par cet organisme \u00ab socialement inte\u0301resse\u0301 \u00bb sur son territoire, elle verra nai\u0302tre une entreprise dont l\u2019activite\u0301 principale consiste soit a\u0300 re\u0301pondre a\u0300 des besoins insuffisamment couverts par le marche\u0301 concurrentiel<span class=\"footnote_referrer\"><a tabindex=\"0\" role=\"button\"><sup id=\"footnote_plugin_tooltip_901107921_1_25\" class=\"footnote_plugin_tooltip_text\">[25]<\/sup><\/a><\/span>\u00a0ou qui le sont mais de fac\u0327on peu satisfaisante<span class=\"footnote_referrer\"><a tabindex=\"0\" role=\"button\"><sup id=\"footnote_plugin_tooltip_901107921_1_26\" class=\"footnote_plugin_tooltip_text\">[26]<\/sup><\/a><\/span>, voire totalement ignore\u0301s par le secteur concurrentiel car juge\u0301s non rentables, soit a\u0300 re\u0301aliser des \u00ab actes payants [\u2026] principalement au profit de personnes justifiant l\u2019octroi d\u2019avantages particuliers au vu de leur situation e\u0301conomique et sociale \u00bb \u2013 ce qui ne pre\u0301juge en rien du caracte\u0300re de\u0301favorise\u0301 des populations be\u0301ne\u0301ficiaires<span class=\"footnote_referrer\"><a tabindex=\"0\" role=\"button\"><sup id=\"footnote_plugin_tooltip_901107921_1_27\" class=\"footnote_plugin_tooltip_text\">[27]<\/sup><\/a><\/span>.<\/p>\n<\/div>\n<\/div>\n<div class=\"page\" title=\"Page 2\">\n<div class=\"section\">\n<div class=\"layoutArea\">\n<div class=\"column\">\n<p>&nbsp;<\/p>\n<h6><strong>LA FISCALITE\u0301 : OUTIL DE DIVERSIFICATION DES MODE\u0300LES SOCIO-E\u0301CONOMIQUES ASSOCIATIFS<\/strong><\/h6>\n<p>&nbsp;<\/p>\n<p>Une association peut exercer une activite\u0301 re\u0301solument lucrative\/ commerciale, non pas comme une finalite\u0301 en soi, mais comme un moyen au service d\u2019un objectif qui, lui, demeure globalement non lucratif et d\u2019utilite\u0301 sociale, voire d\u2019inte\u0301re\u0302t ge\u0301ne\u0301ral<span class=\"footnote_referrer\"><a tabindex=\"0\" role=\"button\"><sup id=\"footnote_plugin_tooltip_901107921_1_28\" class=\"footnote_plugin_tooltip_text\">[28]<\/sup><\/a><\/span>.<br \/>\nDans cette hypothe\u0300se, deux situations peuvent se pre\u0301senter : soit l\u2019association demeure globalement non assujettie aux impo\u0302ts commerciaux car cette \u00ab activite\u0301-moyen \u00bb reste accessoire et son chiffre d\u2019affaires ne de\u0301passe pas le seuil de franchise commerciale vise\u0301 pre\u0301ce\u0301demment<span class=\"footnote_referrer\"><a tabindex=\"0\" role=\"button\"><sup id=\"footnote_plugin_tooltip_901107921_1_29\" class=\"footnote_plugin_tooltip_text\">[29]<\/sup><\/a><\/span>, soit cette limite est franchie, mais l\u2019\u00ab activite\u0301-moyen \u00bb demeure non pre\u0301ponde\u0301rante \u2013 l\u2019association devra alors cre\u0301er un secteur comptable distinct<span class=\"footnote_referrer\"><a tabindex=\"0\" role=\"button\"><sup id=\"footnote_plugin_tooltip_901107921_1_30\" class=\"footnote_plugin_tooltip_text\">[30]<\/sup><\/a><\/span>.<\/p>\n<div class=\"page\" title=\"Page 3\">\n<div class=\"section\">\n<div class=\"layoutArea\">\n<div class=\"column\">\n<p>Lorsque l\u2019activite\u0301-moyen deviendra pre\u0301ponde\u0301rante, l\u2019association n\u2019aura d\u2019autre solution que d\u2019envisager la cre\u0301ation d\u2019une filiale<span class=\"footnote_referrer\"><a tabindex=\"0\" role=\"button\"><sup id=\"footnote_plugin_tooltip_901107921_1_31\" class=\"footnote_plugin_tooltip_text\">[31]<\/sup><\/a><\/span>\u00a0assujettie a\u0300 l\u2019impo\u0302t sur les socie\u0301te\u0301s<span class=\"footnote_referrer\"><a tabindex=\"0\" role=\"button\"><sup id=\"footnote_plugin_tooltip_901107921_1_32\" class=\"footnote_plugin_tooltip_text\">[32]<\/sup><\/a><\/span>\u00a0et a\u0300 la TVA s\u2019il n\u2019existe pas de re\u0301gime d\u2019exone\u0301ration spe\u0301cifique<span class=\"footnote_referrer\"><a tabindex=\"0\" role=\"button\"><sup id=\"footnote_plugin_tooltip_901107921_1_33\" class=\"footnote_plugin_tooltip_text\">[33]<\/sup><\/a><\/span>.<\/p>\n<p>Ainsi, la mai\u0302trise de l\u2019\u00ab outil fiscal \u00bb est de\u0301terminante dans la construction des mode\u0300les socio-e\u0301conomiques des associations en ce qu\u2019elle leur offre la possibilite\u0301 de diversifier leurs ressources lucratives\/non lucratives tout en pre\u0301servant leur qualite\u0301 d\u2019organisme globalement non lucratif. Or la conservation de ce statut fiscal est e\u0301minemment strate\u0301gique dans la mesure ou\u0300 il va pre\u0301server la capacite\u0301 de ces structures en matie\u0300re de subventions publiques<span class=\"footnote_referrer\"><a tabindex=\"0\" role=\"button\"><sup id=\"footnote_plugin_tooltip_901107921_1_34\" class=\"footnote_plugin_tooltip_text\">[34]<\/sup><\/a><\/span>, voire de me\u0301ce\u0301nat<span class=\"footnote_referrer\"><a tabindex=\"0\" role=\"button\"><sup id=\"footnote_plugin_tooltip_901107921_1_35\" class=\"footnote_plugin_tooltip_text\">[35]<\/sup><\/a><\/span>. Ce constat est d\u2019autant plus pertinent que l\u2019association, en qualite\u0301 d\u2019entreprise \u00ab socialement inte\u0301resse\u0301e \u00bb, doit e\u0302tre capable de mobiliser toujours plus de moyens humains et mate\u0301riels pour financer ses activite\u0301s d\u2019utilite\u0301 sociale ou\/et d\u2019inte\u0301re\u0302t ge\u0301ne\u0301ral, mais aussi pour de\u0301velopper ses faculte\u0301s de transformation socie\u0301tale et (enfin) sortir du ro\u0302le de re\u0301paration (du syste\u0300me capitaliste) qu\u2019on lui assigne quasiment depuis le de\u0301but de son apparition en tant que personne juridique.<\/p>\n<p>&nbsp;<\/p>\n<div class=\"page\" title=\"Page 3\">\n<div class=\"section\">\n<div class=\"layoutArea\">\n<div class=\"column\">\n<h6><strong>OPTIMISATION DES MODE\u0300LES SOCIO-E\u0301CONOMIQUES ASSOCIATIFS : LA FISCALITE\u0301 COMME LEVIER<\/strong><\/h6>\n<p>&nbsp;<\/p>\n<p>De\u0301velopper toujours plus de moyens mais e\u0301viter de basculer dans le tout lucratif, qui ferait perdre aux associations une partie de leurs spe\u0301cificite\u0301s et avantages, s\u2019engager re\u0301solument dans une de\u0301marche de transformation parfaitement assume\u0301e sur le plan politique et mai\u0302trise\u0301e sur le plan technique, tout en pre\u0301servant la place des be\u0301ne\u0301voles dans la structure : tels sont les ve\u0301ritables enjeux en matie\u0300re d\u2019optimisation des mode\u0300les socio-e\u0301conomiques associatifs. Et, de ce point de vue, la fiscalite\u0301 joue un ro\u0302le fondamental car elle offre aux entreprises associatives des perspectives importantes en termes de diversite\u0301 de ressources mone\u0301taires et non mone\u0301taires, et leur permet donc de trouver les moyens ne\u0301cessaires pour remporter le combat politique visant a\u0300 de\u0301mocratiser l\u2019entreprise et \u00ab faire de l\u2019ESS la norme de l\u2019e\u0301conomie de demain \u00bb<span class=\"footnote_referrer\"><a tabindex=\"0\" role=\"button\"><sup id=\"footnote_plugin_tooltip_901107921_1_36\" class=\"footnote_plugin_tooltip_text\">[36]<\/sup><\/a><\/span>.<\/p>\n<p>Si leur \u00ab c\u0153ur de me\u0301tier \u00bb demeure non lucratif, ces entreprises d\u2019un genre nouveau<span class=\"footnote_referrer\"><a tabindex=\"0\" role=\"button\"><sup id=\"footnote_plugin_tooltip_901107921_1_37\" class=\"footnote_plugin_tooltip_text\">[37]<\/sup><\/a><\/span>\u00a0pourront tout a\u0300 la fois disposer de cotisations, de subventions, de revenus d\u2019activite\u0301 et de patrimoine, mais e\u0301galement de libe\u0301ralite\u0301s (dons et legs) sous forme de me\u0301ce\u0301nat. Si leurs activite\u0301s e\u0301conomiques sont d\u2019utilite\u0301 sociale, elles ne connai\u0302tront aucune limite de chiffre d\u2019affaires re\u0301alise\u0301 et disposeront me\u0302me de la faculte\u0301 de cumuler le re\u0301gime de franchise commerciale dans la limite de\u0301crite pre\u0301ce\u0301demment. Elles pourront, en outre, be\u0301ne\u0301ficier de l\u2019exone\u0301ration spe\u0301cifique lie\u0301e a\u0300 l\u2019organisation de six manifestations par an<span class=\"footnote_referrer\"><a tabindex=\"0\" role=\"button\"><sup id=\"footnote_plugin_tooltip_901107921_1_38\" class=\"footnote_plugin_tooltip_text\">[38]<\/sup><\/a><\/span>\u00a0sans qu\u2019aucun impo\u0302t ne soit pre\u0301leve\u0301 a\u0300 cette occasion. Certes, leurs revenus du patrimoine, par exemple issus de ressources tire\u0301es de l\u2019exploitation d\u2019immeubles de rapport lorsque l\u2019association est d\u2019inte\u0301re\u0302t ge\u0301ne\u0301ral et de\u0301clare\u0301e depuis au moins trois ans<span class=\"footnote_referrer\"><a tabindex=\"0\" role=\"button\"><sup id=\"footnote_plugin_tooltip_901107921_1_39\" class=\"footnote_plugin_tooltip_text\">[39]<\/sup><\/a><\/span>, seront taxe\u0301s a\u0300 l\u2019impo\u0302t sur les socie\u0301te\u0301s au taux re\u0301duit<span class=\"footnote_referrer\"><a tabindex=\"0\" role=\"button\"><sup id=\"footnote_plugin_tooltip_901107921_1_40\" class=\"footnote_plugin_tooltip_text\">[40]<\/sup><\/a><\/span>. Mais la\u0300 encore, le droit fiscal offre la possibilite\u0301 d\u2019optimiser les mode\u0300les socio-e\u0301conomiques associatifs : il suffira pour cela de \u00ab confier \u00bb ces actifs ge\u0301ne\u0301rateurs de revenus (location, dividende, droit d\u2019auteur, etc.) a\u0300 un fonds de dotation<span class=\"footnote_referrer\"><a tabindex=\"0\" role=\"button\"><sup id=\"footnote_plugin_tooltip_901107921_1_41\" class=\"footnote_plugin_tooltip_text\">[41]<\/sup><\/a><\/span>\u00a0que l\u2019association aura pris soin de cre\u0301er pour financer des \u0153uvres ou ses activite\u0301s d\u2019inte\u0301re\u0302t ge\u0301ne\u0301ral et qui, pre\u0301cise\u0301ment, pourront e\u0302tre celles qu\u2019elle re\u0301alise en propre ou qu\u2019elle souhaiterait de\u0301velopper par l\u2019interme\u0301diaire de cet \u00ab outil \u00bb juridique. Il s\u2019agira alors de cre\u0301er un fonds de dotation dit \u00ab mixte \u00bb, dont tout ou partie de la dotation sera rendue non consomptible<span class=\"footnote_referrer\"><a tabindex=\"0\" role=\"button\"><sup id=\"footnote_plugin_tooltip_901107921_1_42\" class=\"footnote_plugin_tooltip_text\">[42]<\/sup><\/a><\/span>. Dans ces conditions, l\u2019association sera non seulement en capacite\u0301 de diversifier ses ressources publiques et prive\u0301es et son fonds de dotation \u2013 dont elle aura la comple\u0300te mai\u0302trise sur le plan de sa gouvernance \u2013, mais sera e\u0301galement (indirectement) place\u0301e hors champ d\u2019application de l\u2019impo\u0302t sur les socie\u0301te\u0301s au taux re\u0301duit sur ses revenus du patrimoine<span class=\"footnote_referrer\"><a tabindex=\"0\" role=\"button\"><sup id=\"footnote_plugin_tooltip_901107921_1_43\" class=\"footnote_plugin_tooltip_text\">[43]<\/sup><\/a><\/span>.<\/p>\n<div class=\"page\" title=\"Page 3\">\n<div class=\"section\">\n<div class=\"layoutArea\">\n<div class=\"column\">\n<p>C\u2019est par conse\u0301quent et avant tout une vision dynamique qu\u2019il convient de retenir des mode\u0300les socio-e\u0301conomiques. Ceux-ci ne peuvent donc e\u0302tre uniquement pre\u0301sente\u0301s comme des mode\u0300les distincts et fige\u0301s, mais, au contraire, comme un processus d\u2019optimisation de la capacite\u0301 des associations a\u0300 intervenir dans un cadre distinct du champ entrepreneurial capitaliste traditionnel<span class=\"footnote_referrer\"><a tabindex=\"0\" role=\"button\"><sup id=\"footnote_plugin_tooltip_901107921_1_44\" class=\"footnote_plugin_tooltip_text\">[44]<\/sup><\/a><\/span>. Toutes les associations ne deviennent pas des entreprises associatives, mais chacune d\u2019entre elles rele\u0300ve d\u2019un re\u0301gime fiscal susceptible de servir de levier pour leur propre de\u0301veloppement socio-e\u0301conomique.<\/p>\n<p>La capacite\u0301 transformatrice du monde associatif commande donc de pre\u0301server le cadre juridique et fiscal actuel des OSBL et de disposer d\u2019une parfaite mai\u0302trise des nombreuses possibilite\u0301s d\u2019e\u0301volution des diffe\u0301rents mode\u0300les socio-e\u0301conomiques qui s\u2019offrent a\u0300 eux.<\/p>\n<\/div>\n<\/div>\n<\/div>\n<p><a class=\"url\" title=\"Colas Amblard\" href=\"https:\/\/institut-isbl.fr\/author\/colasamblard\/\"><img loading=\"lazy\" decoding=\"async\" class=\"avatar pp-user-avatar avatar-250 photo \" src=\"https:\/\/institut-isbl.fr\/wp-content\/uploads\/sites\/3\/2019\/04\/colas-AMBLARD-300x300.jpg\" alt=\"Colas Amblard\" width=\"114\" height=\"114\" data-del=\"avatar\" \/><\/a><\/p>\n<p><strong>Colas Amblard, Docteur en droit, Avocat associ\u00e9<\/strong><\/p>\n<p>&nbsp;<\/p>\n<\/div>\n<p><strong>Intervention de<a href=\"https:\/\/institut-isbl.fr\/equipe-isbl\/colas-amblard\/?team_cpt=page-templates%2Ffull-width\" target=\"_blank\" rel=\"noopener\">\u00a0Colas Amblard<\/a>, au Forum National de l\u2019ESS et de l\u2019Innovation sociale 2024 :\u00a0 \u00ab\u00a0C<em>omment faire \u00e9voluer le mod\u00e8le socio-\u00e9conomique de son association face aux d\u00e9fis \u00e9conomiques ?<\/em> \u00a0\u00bb : <a href=\"https:\/\/youtu.be\/ygF8iF8P2uM\">cliquez ici<\/a><\/strong><\/p>\n<\/div>\n<p>&nbsp;<\/p>\n<p>&nbsp;<\/p>\n<p><strong>En savoir plus :\u00a0<\/strong><\/p>\n<div class=\"page\" title=\"Page 3\">\n<div class=\"section\">\n<div class=\"layoutArea\">\n<div class=\"column\">\n<p><a href=\"https:\/\/institut-isbl.fr\/wp-content\/uploads\/sites\/3\/2024\/03\/36_38_fiscal_MSE.pdf\" target=\"_blank\" rel=\"noopener\">Juris Associations 694 \u2013 1er mars 2024<\/a><\/p>\n<p>&nbsp;<\/p>\n<\/div>\n<\/div>\n<\/div>\n<\/div>\n<\/div>\n<\/div>\n<\/div>\n<\/div>\n<\/div>\n<\/div>\n<\/div>\n<\/div>\n<\/div>\n<\/div>\n<\/div>\n<\/div>\n<\/div>\n<\/div>\n<\/div>\n<\/div>\n<\/div>\n<\/div>\n<\/div>\n<\/div>\n<\/div>\n<\/div>\n<\/div>\n<\/div>\n<\/div>\n<\/div>\n<\/div>\n<\/div>\n<\/div>\n<\/div>\n<\/div>\n<\/div>\n<\/div>\n<\/div>\n<\/div>\n<\/div>\n<\/div>\n<\/div>\n<\/div>\n<\/div>\n<\/div>\n<div class=\"speaker-mute footnotes_reference_container\">\n<div id=\"footnote_references_container_901107921_1\">\n<table class=\"footnotes_table footnote-reference-container\">\n<caption class=\"accessibility\">R\u00e9f\u00e9rences<\/caption>\n<tbody>\n<tr class=\"footnotes_plugin_reference_row\">\n<th class=\"footnote_plugin_index_combi pointer\" scope=\"row\"><a id=\"footnote_plugin_reference_901107921_1_1\" class=\"footnote_backlink\"><\/a><span class=\"footnote_index_arrow\">\u2191<\/span>1<\/th>\n<td class=\"footnote_plugin_text\">V. not. V. Tchernonog, L. Prouteau, Le Paysage associatif franc\u0327ais \u2013 Mesures et e\u0301volutions, Lefebvre-Dalloz, coll. \u00ab Hors-se\u0301rie \u00bb, 4e e\u0301d., aou\u0302t 2023, chap. 9 ; Observatoire national de l\u2019ESS, Atlas commente\u0301 de l\u2019e\u0301conomie sociale et solidaire, Lefebvre-Dalloz, coll. \u00ab Hors-se\u0301rie \u00bb, 5e e\u0301d., nov. 2023.<\/td>\n<\/tr>\n<tr class=\"footnotes_plugin_reference_row\">\n<th class=\"footnote_plugin_index_combi pointer\" scope=\"row\"><a id=\"footnote_plugin_reference_901107921_1_2\" class=\"footnote_backlink\"><\/a><span class=\"footnote_index_arrow\">\u2191<\/span>2<\/th>\n<td class=\"footnote_plugin_text\">L. du 1er juill. 1901, JO du 2 ; de\u0301cr. du 16 aou\u0302t 1901, JO du 17.<\/td>\n<\/tr>\n<tr class=\"footnotes_plugin_reference_row\">\n<th class=\"footnote_plugin_index_combi pointer\" scope=\"row\"><a id=\"footnote_plugin_reference_901107921_1_3\" class=\"footnote_backlink\"><\/a><span class=\"footnote_index_arrow\">\u2191<\/span>3<\/th>\n<td class=\"footnote_plugin_text\">BOFiP-Impo\u0302ts, BOI-IS-CHAMP- 10-50-10-10 du 21 avr. 2021.<\/td>\n<\/tr>\n<tr class=\"footnotes_plugin_reference_row\">\n<th class=\"footnote_plugin_index_combi pointer\" scope=\"row\"><a id=\"footnote_plugin_reference_901107921_1_4\" class=\"footnote_backlink\"><\/a><span class=\"footnote_index_arrow\">\u2191<\/span>4<\/th>\n<td class=\"footnote_plugin_text\">L. n\u00b0 2014-856 du 31 juill. 2014, JO du 1er aou\u0302t, art. 1er.<\/td>\n<\/tr>\n<tr class=\"footnotes_plugin_reference_row\">\n<th class=\"footnote_plugin_index_combi pointer\" scope=\"row\"><a id=\"footnote_plugin_reference_901107921_1_5\" class=\"footnote_backlink\"><\/a><span class=\"footnote_index_arrow\">\u2191<\/span>5<\/th>\n<td class=\"footnote_plugin_text\"><a href=\"https:\/\/institut-isbl.fr\/gouvernance-entreprises-associatives-administration-fonctionnement-dalloz-juris-associations-serie-aout-2019\/\" target=\"_blank\" rel=\"noopener\">C. Amblard, Administration et fonctionnement \u2013 La Gouvernance des entreprises associatives, E\u0301ditions Juris \u2013 Dalloz, coll. \u00ab Hors-se\u0301rie \u00bb, aou\u0302t 2019.<\/a><\/td>\n<\/tr>\n<tr class=\"footnotes_plugin_reference_row\">\n<th class=\"footnote_plugin_index_combi pointer\" scope=\"row\"><a id=\"footnote_plugin_reference_901107921_1_6\" class=\"footnote_backlink\"><\/a><span class=\"footnote_index_arrow\">\u2191<\/span>6<\/th>\n<td class=\"footnote_plugin_text\">Com. 28 fe\u0301vr. 2006, n\u00b0 05-12.138 ; Com. 8 fe\u0301vr. 2017, n\u00b0 15-15.005.<\/td>\n<\/tr>\n<tr class=\"footnotes_plugin_reference_row\">\n<th class=\"footnote_plugin_index_combi pointer\" scope=\"row\"><a id=\"footnote_plugin_reference_901107921_1_7\" class=\"footnote_backlink\"><\/a><span class=\"footnote_index_arrow\">\u2191<\/span>7<\/th>\n<td class=\"footnote_plugin_text\">Civ. 1re, 12 mars 2002, n\u00b0 99-17.209 ; Paris, 9 avr. 2002, BAF 8\/02, inf. 230.<\/td>\n<\/tr>\n<tr class=\"footnotes_plugin_reference_row\">\n<th class=\"footnote_plugin_index_combi pointer\" scope=\"row\"><a id=\"footnote_plugin_reference_901107921_1_8\" class=\"footnote_backlink\"><\/a><span class=\"footnote_index_arrow\">\u2191<\/span>8<\/th>\n<td class=\"footnote_plugin_text\">V. Tchernonog, L. Prouteau, pre\u0301c.<\/td>\n<\/tr>\n<tr class=\"footnotes_plugin_reference_row\">\n<th class=\"footnote_plugin_index_combi pointer\" scope=\"row\"><a id=\"footnote_plugin_reference_901107921_1_9\" class=\"footnote_backlink\"><\/a><span class=\"footnote_index_arrow\">\u2191<\/span>9<\/th>\n<td class=\"footnote_plugin_text\">Civ. 2e, 26 sept. 2013, n\u00b0 12-22.743.<\/td>\n<\/tr>\n<tr class=\"footnotes_plugin_reference_row\">\n<th class=\"footnote_plugin_index_combi pointer\" scope=\"row\"><a id=\"footnote_plugin_reference_901107921_1_10\" class=\"footnote_backlink\"><\/a><span class=\"footnote_index_arrow\">\u2191<\/span>10<\/th>\n<td class=\"footnote_plugin_text\">CJCE 18 juin 1998, aff. C-35\/96.<\/td>\n<\/tr>\n<tr class=\"footnotes_plugin_reference_row\">\n<th class=\"footnote_plugin_index_combi pointer\" scope=\"row\"><a id=\"footnote_plugin_reference_901107921_1_11\" class=\"footnote_backlink\"><\/a><span class=\"footnote_index_arrow\">\u2191<\/span>11<\/th>\n<td class=\"footnote_plugin_text\">BOFiP-Impo\u0302ts, BOI-IS-CHAMP- 10-50-10-20 du 7 juin 2017.<\/td>\n<\/tr>\n<tr class=\"footnotes_plugin_reference_row\">\n<th class=\"footnote_plugin_index_combi pointer\" scope=\"row\"><a id=\"footnote_plugin_reference_901107921_1_12\" class=\"footnote_backlink\"><\/a><span class=\"footnote_index_arrow\">\u2191<\/span>12<\/th>\n<td class=\"footnote_plugin_text\">L. n\u00b0 2014-856, pre\u0301c., art. 59.<\/td>\n<\/tr>\n<tr class=\"footnotes_plugin_reference_row\">\n<th class=\"footnote_plugin_index_combi pointer\" scope=\"row\"><a id=\"footnote_plugin_reference_901107921_1_13\" class=\"footnote_backlink\"><\/a><span class=\"footnote_index_arrow\">\u2191<\/span>13<\/th>\n<td class=\"footnote_plugin_text\">Sur la notion de gestion be\u0301ne\u0301vole, v. BOFiP-Impo\u0302ts, BOI-IS-CHAMP-10- 50-10-20, pre\u0301c., \u00a7 50 a\u0300 510.<\/td>\n<\/tr>\n<tr class=\"footnotes_plugin_reference_row\">\n<th class=\"footnote_plugin_index_combi pointer\" scope=\"row\"><a id=\"footnote_plugin_reference_901107921_1_14\" class=\"footnote_backlink\"><\/a><span class=\"footnote_index_arrow\">\u2191<\/span>14<\/th>\n<td class=\"footnote_plugin_text\">L. n\u00b0 2003-709 du 1er aou\u0302t 2003, JO du 2.<\/td>\n<\/tr>\n<tr class=\"footnotes_plugin_reference_row\">\n<th class=\"footnote_plugin_index_combi pointer\" scope=\"row\"><a id=\"footnote_plugin_reference_901107921_1_15\" class=\"footnote_backlink\"><\/a><span class=\"footnote_index_arrow\">\u2191<\/span>15<\/th>\n<td class=\"footnote_plugin_text\">CGI, art. 200 et 238 bis.<\/td>\n<\/tr>\n<tr class=\"footnotes_plugin_reference_row\">\n<th class=\"footnote_plugin_index_combi pointer\" scope=\"row\"><a id=\"footnote_plugin_reference_901107921_1_16\" class=\"footnote_backlink\"><\/a><span class=\"footnote_index_arrow\">\u2191<\/span>16<\/th>\n<td class=\"footnote_plugin_text\">C. Amblard, \u00ab Associations et activite\u0301s e\u0301conomiques : contribution a\u0300 la the\u0301orie du tiers-secteur \u00bb, the\u0300se de droit, Ver- sailles-Saint-Quentin-en-Yvelines, 1998.<\/td>\n<\/tr>\n<tr class=\"footnotes_plugin_reference_row\">\n<th class=\"footnote_plugin_index_combi pointer\" scope=\"row\"><a id=\"footnote_plugin_reference_901107921_1_17\" class=\"footnote_backlink\"><\/a><span class=\"footnote_index_arrow\">\u2191<\/span>17<\/th>\n<td class=\"footnote_plugin_text\"><a href=\"https:\/\/institut-isbl.fr\/wp-content\/uploads\/sites\/3\/2023\/06\/13_tribune_681.pdf\" target=\"_blank\" rel=\"noopener\">JA 2023, n\u00b0 681, p. 13, tribune C. Amblard<\/a>.<\/td>\n<\/tr>\n<tr class=\"footnotes_plugin_reference_row\">\n<th class=\"footnote_plugin_index_combi pointer\" scope=\"row\"><a id=\"footnote_plugin_reference_901107921_1_18\" class=\"footnote_backlink\"><\/a><span class=\"footnote_index_arrow\">\u2191<\/span>18<\/th>\n<td class=\"footnote_plugin_text\">L. n\u00b0 2014-856, pre\u0301c., art. 11.<\/td>\n<\/tr>\n<tr class=\"footnotes_plugin_reference_row\">\n<th class=\"footnote_plugin_index_combi pointer\" scope=\"row\"><a id=\"footnote_plugin_reference_901107921_1_19\" class=\"footnote_backlink\"><\/a><span class=\"footnote_index_arrow\">\u2191<\/span>19<\/th>\n<td class=\"footnote_plugin_text\">C. civ., art. 1833, modif. par L. n\u00b0 2019- 486 du 22 mai 2019, JO du 23, art. 169.<\/td>\n<\/tr>\n<tr class=\"footnotes_plugin_reference_row\">\n<th class=\"footnote_plugin_index_combi pointer\" scope=\"row\"><a id=\"footnote_plugin_reference_901107921_1_20\" class=\"footnote_backlink\"><\/a><span class=\"footnote_index_arrow\">\u2191<\/span>20<\/th>\n<td class=\"footnote_plugin_text\"><a href=\"https:\/\/institut-isbl.fr\/but-non-lucratif-un-concept-incontournable-et-encore-mal-apprehende-par-les-associations\/\" target=\"_blank\" rel=\"noopener\">C. Amblard, \u00ab But non lucratif : un concept incontournable encore mal appre\u0301hende\u0301 par les associations \u00bb, institut-isbl.fr, 26 juill. 2020.<\/a><\/td>\n<\/tr>\n<tr class=\"footnotes_plugin_reference_row\">\n<th class=\"footnote_plugin_index_combi pointer\" scope=\"row\"><a id=\"footnote_plugin_reference_901107921_1_21\" class=\"footnote_backlink\"><\/a><span class=\"footnote_index_arrow\">\u2191<\/span>21<\/th>\n<td class=\"footnote_plugin_text\">Com. 25 janv. 2017, n\u00b0 15-13.013. L\u2019activite\u0301 e\u0301conomique est une notion plus large que l\u2019activite\u0301 lucrative : si toute activite\u0301 lucrative est e\u0301conomique, l\u2019inverse n\u2019est pas vrai.<\/td>\n<\/tr>\n<tr class=\"footnotes_plugin_reference_row\">\n<th class=\"footnote_plugin_index_combi pointer\" scope=\"row\"><a id=\"footnote_plugin_reference_901107921_1_22\" class=\"footnote_backlink\"><\/a><span class=\"footnote_index_arrow\">\u2191<\/span>22<\/th>\n<td class=\"footnote_plugin_text\">BOFiP-Impo\u0302ts, BOI-IS-CHAMP- 10-50-10-20, pre\u0301c., \u00a7 570 a\u0300 610.<\/td>\n<\/tr>\n<tr class=\"footnotes_plugin_reference_row\">\n<th class=\"footnote_plugin_index_combi pointer\" scope=\"row\"><a id=\"footnote_plugin_reference_901107921_1_23\" class=\"footnote_backlink\"><\/a><span class=\"footnote_index_arrow\">\u2191<\/span>23<\/th>\n<td class=\"footnote_plugin_text\">Ibid., \u00a7 590 a\u0300 610<\/td>\n<\/tr>\n<tr class=\"footnotes_plugin_reference_row\">\n<th class=\"footnote_plugin_index_combi pointer\" scope=\"row\"><a id=\"footnote_plugin_reference_901107921_1_24\" class=\"footnote_backlink\"><\/a><span class=\"footnote_index_arrow\">\u2191<\/span>24<\/th>\n<td class=\"footnote_plugin_text\">CGI, art. 261, 7, 1o, b), al. 2<\/td>\n<\/tr>\n<tr class=\"footnotes_plugin_reference_row\">\n<th class=\"footnote_plugin_index_combi pointer\" scope=\"row\"><a id=\"footnote_plugin_reference_901107921_1_25\" class=\"footnote_backlink\"><\/a><span class=\"footnote_index_arrow\">\u2191<\/span>25<\/th>\n<td class=\"footnote_plugin_text\">CE 1er oct. 1999, n\u00b0 170289.<\/td>\n<\/tr>\n<tr class=\"footnotes_plugin_reference_row\">\n<th class=\"footnote_plugin_index_combi pointer\" scope=\"row\"><a id=\"footnote_plugin_reference_901107921_1_26\" class=\"footnote_backlink\"><\/a><span class=\"footnote_index_arrow\">\u2191<\/span>26<\/th>\n<td class=\"footnote_plugin_text\">BOFiP-Impo\u0302ts, BOI-IS-CHAMP- 10-50-10-20, pre\u0301c., \u00a7 590.<\/td>\n<\/tr>\n<tr class=\"footnotes_plugin_reference_row\">\n<th class=\"footnote_plugin_index_combi pointer\" scope=\"row\"><a id=\"footnote_plugin_reference_901107921_1_27\" class=\"footnote_backlink\"><\/a><span class=\"footnote_index_arrow\">\u2191<\/span>27<\/th>\n<td class=\"footnote_plugin_text\">Ibid., \u00a7 610 et 620 ; v. e\u0301gal.TA Paris, 6 nov. 2018, n\u00b0 1607686.<\/td>\n<\/tr>\n<tr class=\"footnotes_plugin_reference_row\">\n<th class=\"footnote_plugin_index_combi pointer\" scope=\"row\"><a id=\"footnote_plugin_reference_901107921_1_28\" class=\"footnote_backlink\"><\/a><span class=\"footnote_index_arrow\">\u2191<\/span>28<\/th>\n<td class=\"footnote_plugin_text\">C. Amblard, Administration et fonctionnement \u2013 La Gouvernance des entreprises associatives, pre\u0301c.<\/td>\n<\/tr>\n<tr class=\"footnotes_plugin_reference_row\">\n<th class=\"footnote_plugin_index_combi pointer\" scope=\"row\"><a id=\"footnote_plugin_reference_901107921_1_29\" class=\"footnote_backlink\"><\/a><span class=\"footnote_index_arrow\">\u2191<\/span>29<\/th>\n<td class=\"footnote_plugin_text\">CGI, art. 261, 7, 1o, b), al. 2.<\/td>\n<\/tr>\n<tr class=\"footnotes_plugin_reference_row\">\n<th class=\"footnote_plugin_index_combi pointer\" scope=\"row\"><a id=\"footnote_plugin_reference_901107921_1_30\" class=\"footnote_backlink\"><\/a><span class=\"footnote_index_arrow\">\u2191<\/span>30<\/th>\n<td class=\"footnote_plugin_text\">BOFiP-Impo\u0302ts, BOI-IS-CHAMP-10-50- 20-10 du 3 oct. 2018, \u00a7 120 a\u0300 540.<\/td>\n<\/tr>\n<tr class=\"footnotes_plugin_reference_row\">\n<th class=\"footnote_plugin_index_combi pointer\" scope=\"row\"><a id=\"footnote_plugin_reference_901107921_1_31\" class=\"footnote_backlink\"><\/a><span class=\"footnote_index_arrow\">\u2191<\/span>31<\/th>\n<td class=\"footnote_plugin_text\">Ibid., n\u00b0 560 a\u0300 770.<\/td>\n<\/tr>\n<tr class=\"footnotes_plugin_reference_row\">\n<th class=\"footnote_plugin_index_combi pointer\" scope=\"row\"><a id=\"footnote_plugin_reference_901107921_1_32\" class=\"footnote_backlink\"><\/a><span class=\"footnote_index_arrow\">\u2191<\/span>32<\/th>\n<td class=\"footnote_plugin_text\">CGI, art. 206, 1.<\/td>\n<\/tr>\n<tr class=\"footnotes_plugin_reference_row\">\n<th class=\"footnote_plugin_index_combi pointer\" scope=\"row\"><a id=\"footnote_plugin_reference_901107921_1_33\" class=\"footnote_backlink\"><\/a><span class=\"footnote_index_arrow\">\u2191<\/span>33<\/th>\n<td class=\"footnote_plugin_text\">CGI, art. 261.<\/td>\n<\/tr>\n<tr class=\"footnotes_plugin_reference_row\">\n<th class=\"footnote_plugin_index_combi pointer\" scope=\"row\"><a id=\"footnote_plugin_reference_901107921_1_34\" class=\"footnote_backlink\"><\/a><span class=\"footnote_index_arrow\">\u2191<\/span>34<\/th>\n<td class=\"footnote_plugin_text\">Circ. n\u00b0 5811-SG du 29 sept. 2015.<\/td>\n<\/tr>\n<tr class=\"footnotes_plugin_reference_row\">\n<th class=\"footnote_plugin_index_combi pointer\" scope=\"row\"><a id=\"footnote_plugin_reference_901107921_1_35\" class=\"footnote_backlink\"><\/a><span class=\"footnote_index_arrow\">\u2191<\/span>35<\/th>\n<td class=\"footnote_plugin_text\">CGI, art. 238 bis.<\/td>\n<\/tr>\n<tr class=\"footnotes_plugin_reference_row\">\n<th class=\"footnote_plugin_index_combi pointer\" scope=\"row\"><a id=\"footnote_plugin_reference_901107921_1_36\" class=\"footnote_backlink\"><\/a><span class=\"footnote_index_arrow\">\u2191<\/span>36<\/th>\n<td class=\"footnote_plugin_text\"><a href=\"https:\/\/www.lespetitsmatins.fr\/collections\/essais\/mondes-en-transitions\/285-pour-une-economie-de-la-reconciliation-9782363833365.html\" target=\"_blank\" rel=\"noopener\">J. Saddier, Pour une e\u0301conomie de la re\u0301conciliation \u2013 Faire de l\u2019ESS la norme de l\u2019e\u0301conomie de demain, Les Petits Matins, coll. \u00ab Mondes en transitions \u00bb, 2022.<\/a><\/td>\n<\/tr>\n<tr class=\"footnotes_plugin_reference_row\">\n<th class=\"footnote_plugin_index_combi pointer\" scope=\"row\"><a id=\"footnote_plugin_reference_901107921_1_37\" class=\"footnote_backlink\"><\/a><span class=\"footnote_index_arrow\">\u2191<\/span>37<\/th>\n<td class=\"footnote_plugin_text\"><a href=\"https:\/\/institut-isbl.fr\/wp-admin\/_wp_link_placeholder\" target=\"_blank\" rel=\"noopener\">JA 2023, n\u00b0 681, p. 13, pre\u0301c<\/a><\/td>\n<\/tr>\n<tr class=\"footnotes_plugin_reference_row\">\n<th class=\"footnote_plugin_index_combi pointer\" scope=\"row\"><a id=\"footnote_plugin_reference_901107921_1_38\" class=\"footnote_backlink\"><\/a><span class=\"footnote_index_arrow\">\u2191<\/span>38<\/th>\n<td class=\"footnote_plugin_text\">CGI, art. 261, 7, 1o, a) ; BOFiP- Impo\u0302ts, BOI-TVA-CHAMP-30-10-30-10 du 26 avr. 2023.<\/td>\n<\/tr>\n<tr class=\"footnotes_plugin_reference_row\">\n<th class=\"footnote_plugin_index_combi pointer\" scope=\"row\"><a id=\"footnote_plugin_reference_901107921_1_39\" class=\"footnote_backlink\"><\/a><span class=\"footnote_index_arrow\">\u2191<\/span>39<\/th>\n<td class=\"footnote_plugin_text\">L. 1er juill. 1901, art. 6, modif. par L. n\u00b0 2014-856, pre\u0301c., art. 74.<\/td>\n<\/tr>\n<tr class=\"footnotes_plugin_reference_row\">\n<th class=\"footnote_plugin_index_combi pointer\" scope=\"row\"><a id=\"footnote_plugin_reference_901107921_1_40\" class=\"footnote_backlink\"><\/a><span class=\"footnote_index_arrow\">\u2191<\/span>40<\/th>\n<td class=\"footnote_plugin_text\">CGI, art. 206, 5.<\/td>\n<\/tr>\n<tr class=\"footnotes_plugin_reference_row\">\n<th class=\"footnote_plugin_index_combi pointer\" scope=\"row\"><a id=\"footnote_plugin_reference_901107921_1_41\" class=\"footnote_backlink\"><\/a><span class=\"footnote_index_arrow\">\u2191<\/span>41<\/th>\n<td class=\"footnote_plugin_text\"><a href=\"https:\/\/institut-isbl.fr\/fonds-de-dotation-un-outil-au-service-de-linteret-general-nouvel-ouvrage-de-colas-amblard\/\" target=\"_blank\" rel=\"noopener\">C. Amblard, Fonds de dotation \u2013 Un outil au service de l\u2019inte\u0301re\u0302t ge\u0301ne\u0301ral, Lefebvre-Dalloz, coll. \u00ab Hors-Se\u0301rie \u00bb, a\u0300 parai\u0302tre en mars 2024 ; JA 2023, no 678, p. 32, e\u0301tude C. Amblard.<\/a><\/td>\n<\/tr>\n<tr class=\"footnotes_plugin_reference_row\">\n<th class=\"footnote_plugin_index_combi pointer\" scope=\"row\"><a id=\"footnote_plugin_reference_901107921_1_42\" class=\"footnote_backlink\"><\/a><span class=\"footnote_index_arrow\">\u2191<\/span>42<\/th>\n<td class=\"footnote_plugin_text\">BOFiP-Impo\u0302ts, BOI-IS-CHAMP- 10-50-10-40 du 25 mars 2013, \u00a7 570.<\/td>\n<\/tr>\n<tr class=\"footnotes_plugin_reference_row\">\n<th class=\"footnote_plugin_index_combi pointer\" scope=\"row\"><a id=\"footnote_plugin_reference_901107921_1_43\" class=\"footnote_backlink\"><\/a><span class=\"footnote_index_arrow\">\u2191<\/span>43<\/th>\n<td class=\"footnote_plugin_text\">Ibid., \u00a7 570.<\/td>\n<\/tr>\n<tr class=\"footnotes_plugin_reference_row\">\n<th class=\"footnote_plugin_index_combi pointer\" scope=\"row\"><a id=\"footnote_plugin_reference_901107921_1_44\" class=\"footnote_backlink\"><\/a><span class=\"footnote_index_arrow\">\u2191<\/span>44<\/th>\n<td class=\"footnote_plugin_text\">JA 2015, n\u00b0 525, p. 37, e\u0301tude C. Amblard.<\/td>\n<\/tr>\n<\/tbody>\n<\/table>\n<\/div>\n<\/div>\n<\/div>\n<\/article>\n<\/div>\n<\/div>\n<\/div>\n<\/div>\n<\/section>\n<p><!--more--><\/p>\n","protected":false},"excerpt":{"rendered":"<p>Aborder la question des mode\u0300les socio-e\u0301conomiques des associations permet de souligner le ro\u0302le fondamental du droit fiscal dans la construction et l\u2019optimisation de nouveaux mode\u0300les d\u2019entreprises. Souvent approche\u0301s comme objets d\u2019e\u0301tude[1], les mode\u0300les socio-e\u0301conomiques associatifs proce\u0300dent avant tout de la pratique professionnelle dans une perspective dynamique et imme\u0301diatement ope\u0301rationnelle. Ils peuvent donc difficilement e\u0302tre cate\u0301gorise\u0301s [&hellip;]<\/p>\n","protected":false},"author":2,"featured_media":0,"comment_status":"closed","ping_status":"closed","sticky":false,"template":"","format":"standard","meta":{"site-sidebar-layout":"default","site-content-layout":"","ast-site-content-layout":"default","site-content-style":"default","site-sidebar-style":"default","ast-global-header-display":"","ast-banner-title-visibility":"","ast-main-header-display":"","ast-hfb-above-header-display":"","ast-hfb-below-header-display":"","ast-hfb-mobile-header-display":"","site-post-title":"","ast-breadcrumbs-content":"","ast-featured-img":"","footer-sml-layout":"","ast-disable-related-posts":"","theme-transparent-header-meta":"default","adv-header-id-meta":"","stick-header-meta":"default","header-above-stick-meta":"","header-main-stick-meta":"","header-below-stick-meta":"","astra-migrate-meta-layouts":"set","ast-page-background-enabled":"default","ast-page-background-meta":{"desktop":{"background-color":"var(--ast-global-color-4)","background-image":"","background-repeat":"repeat","background-position":"center center","background-size":"auto","background-attachment":"scroll","background-type":"","background-media":"","overlay-type":"","overlay-color":"","overlay-opacity":"","overlay-gradient":""},"tablet":{"background-color":"","background-image":"","background-repeat":"repeat","background-position":"center center","background-size":"auto","background-attachment":"scroll","background-type":"","background-media":"","overlay-type":"","overlay-color":"","overlay-opacity":"","overlay-gradient":""},"mobile":{"background-color":"","background-image":"","background-repeat":"repeat","background-position":"center center","background-size":"auto","background-attachment":"scroll","background-type":"","background-media":"","overlay-type":"","overlay-color":"","overlay-opacity":"","overlay-gradient":""}},"ast-content-background-meta":{"desktop":{"background-color":"var(--ast-global-color-5)","background-image":"","background-repeat":"repeat","background-position":"center center","background-size":"auto","background-attachment":"scroll","background-type":"","background-media":"","overlay-type":"","overlay-color":"","overlay-opacity":"","overlay-gradient":""},"tablet":{"background-color":"var(--ast-global-color-5)","background-image":"","background-repeat":"repeat","background-position":"center center","background-size":"auto","background-attachment":"scroll","background-type":"","background-media":"","overlay-type":"","overlay-color":"","overlay-opacity":"","overlay-gradient":""},"mobile":{"background-color":"var(--ast-global-color-5)","background-image":"","background-repeat":"repeat","background-position":"center center","background-size":"auto","background-attachment":"scroll","background-type":"","background-media":"","overlay-type":"","overlay-color":"","overlay-opacity":"","overlay-gradient":""}},"footnotes":""},"categories":[283,266,267,386],"tags":[10,313,138,15,126,489,160,49,488],"class_list":["post-3437","post","type-post","status-publish","format-standard","hentry","category-article","category-avocat-et-association","category-avocat-et-fondation","category-avocat-specialise-en-droit-des-associations","tag-association","tag-avocat-en-droit-des-associations","tag-droit-des-associations","tag-economie-sociale-et-solidaire","tag-fiscalite-des-associations","tag-hybridation-des-ressources","tag-juris-associations","tag-mecenat","tag-modele-socio-economique"],"_links":{"self":[{"href":"https:\/\/www.npsconsulting-avocats.fr\/NPS\/wp-json\/wp\/v2\/posts\/3437","targetHints":{"allow":["GET"]}}],"collection":[{"href":"https:\/\/www.npsconsulting-avocats.fr\/NPS\/wp-json\/wp\/v2\/posts"}],"about":[{"href":"https:\/\/www.npsconsulting-avocats.fr\/NPS\/wp-json\/wp\/v2\/types\/post"}],"author":[{"embeddable":true,"href":"https:\/\/www.npsconsulting-avocats.fr\/NPS\/wp-json\/wp\/v2\/users\/2"}],"replies":[{"embeddable":true,"href":"https:\/\/www.npsconsulting-avocats.fr\/NPS\/wp-json\/wp\/v2\/comments?post=3437"}],"version-history":[{"count":2,"href":"https:\/\/www.npsconsulting-avocats.fr\/NPS\/wp-json\/wp\/v2\/posts\/3437\/revisions"}],"predecessor-version":[{"id":3481,"href":"https:\/\/www.npsconsulting-avocats.fr\/NPS\/wp-json\/wp\/v2\/posts\/3437\/revisions\/3481"}],"wp:attachment":[{"href":"https:\/\/www.npsconsulting-avocats.fr\/NPS\/wp-json\/wp\/v2\/media?parent=3437"}],"wp:term":[{"taxonomy":"category","embeddable":true,"href":"https:\/\/www.npsconsulting-avocats.fr\/NPS\/wp-json\/wp\/v2\/categories?post=3437"},{"taxonomy":"post_tag","embeddable":true,"href":"https:\/\/www.npsconsulting-avocats.fr\/NPS\/wp-json\/wp\/v2\/tags?post=3437"}],"curies":[{"name":"wp","href":"https:\/\/api.w.org\/{rel}","templated":true}]}}