{"id":3299,"date":"2023-06-10T12:59:30","date_gmt":"2023-06-10T10:59:30","guid":{"rendered":"https:\/\/www.npsconsulting-avocats.fr\/NPS\/?p=3299"},"modified":"2023-06-10T13:26:27","modified_gmt":"2023-06-10T11:26:27","slug":"responsabilite-territoriale-associative-utilite-sociale-lelement-pivot","status":"publish","type":"post","link":"https:\/\/www.npsconsulting-avocats.fr\/NPS\/responsabilite-territoriale-associative-utilite-sociale-lelement-pivot\/","title":{"rendered":"Responsabilit\u00e9 territoriale associative : \u00ab\u00a0utilit\u00e9 sociale\u00a0\u00bb l\u2019\u00e9l\u00e9ment pivot"},"content":{"rendered":"<section class=\"container-wrap main-title alternate-color border-bottom breadcrumbs-container\">\n<div class=\"container\">\n<h6 class=\"page-title\"><\/h6>\n<\/div>\n<\/section>\n<section class=\"container-wrap main-color\">\n<div id=\"main-container\" class=\"container\">\n<div class=\"row\">\n<div class=\"template-page col-sm-12 tpl-no with-meta\">\n<div class=\"wrap-content\">\n<article id=\"post-901106513\" class=\"clearfix post-901106513 post type-post status-publish format-standard has-post-thumbnail hentry category-edito tag-ess tag-unite-sociale\">\n<div class=\"article-content print-only\">\n<div class=\"pf-content\">\n<div class=\"page\" title=\"Page 1\">\n<div class=\"section\">\n<div class=\"layoutArea\">\n<div class=\"column\">\n<p><strong>Les associations, en particulier celles dont les moyens d\u2019action s\u2019inscrivent dans la sphe\u0300re e\u0301conomique, se voient re\u0301gulie\u0300rement somme\u0301es de rendre compte de leurs spe\u0301cificite\u0301s me\u0301ritoires. De\u0300s lors,\u00a0il est essentiel de rappeler l\u2019importance de la notion juridique d\u2019utilite\u0301 sociale comme e\u0301le\u0301ment distinctif, mais aussi comme crite\u0300re permettant de poser les bases de la responsabilite\u0301 territoriale des entreprises de l\u2019e\u0301conomie sociale et solidaire (ESS).<\/strong><\/p>\n<p>&nbsp;<\/p>\n<\/div>\n<\/div>\n<\/div>\n<\/div>\n<div class=\"page\" title=\"Page 1\">\n<div class=\"section\">\n<div class=\"layoutArea\">\n<div class=\"column\">\n<p><a href=\"https:\/\/institut-isbl.fr\/equipe-isbl\/jerome-saddier\/?team_cpt=page-templates%2Ffull-width\" target=\"_blank\" rel=\"noopener\">Je\u0301ro\u0302me Saddier<\/a>, pre\u0301sident d\u2019ESS France, rappelait, le 26 octobre 2022, qu\u2019\u00ab <em>il y a encore des dimensions qui e\u0301chappent aujourd\u2019hui a\u0300 l\u2019approche RSE<span class=\"footnote_referrer\"><a tabindex=\"0\" role=\"button\"><sup id=\"footnote_plugin_tooltip_901106513_1_1\" class=\"footnote_plugin_tooltip_text\">[1]<\/sup><\/a><\/span>\u00a0\u00bb, parmi lesquelles \u00ab [\u2026] le rapport au territoire, [sujet] sur [lequel] les entreprises de l\u2019ESS ont justement de \u201cvrais atouts<\/em>\u201d \u00bb<span class=\"footnote_referrer\"><a tabindex=\"0\" role=\"button\"><sup id=\"footnote_plugin_tooltip_901106513_1_2\" class=\"footnote_plugin_tooltip_text\">[2]<\/sup><\/a><\/span>. De\u0300s lors, il convient de s\u2019interroger : de quels atouts ces entreprises de l\u2019ESS<span class=\"footnote_referrer\"><a tabindex=\"0\" role=\"button\"><sup id=\"footnote_plugin_tooltip_901106513_1_3\" class=\"footnote_plugin_tooltip_text\">[3]<\/sup><\/a><\/span>\u00a0\u2013 organismes sans but lucratif (OSBL)<span class=\"footnote_referrer\"><a tabindex=\"0\" role=\"button\"><sup id=\"footnote_plugin_tooltip_901106513_1_4\" class=\"footnote_plugin_tooltip_text\">[4]<\/sup><\/a><\/span>\u00a0ou a\u0300 lucrativite\u0301 limite\u0301e<span class=\"footnote_referrer\"><a tabindex=\"0\" role=\"button\"><sup id=\"footnote_plugin_tooltip_901106513_1_5\" class=\"footnote_plugin_tooltip_text\">[5]<\/sup><\/a><\/span>\u00a0\u2013 disposent-elles concre\u0300tement en matie\u0300re de responsabilite\u0301 territoriale des entreprises (RTE) ? Et, a\u0300 travers cette approche nouvelle de l\u2019ESS, comment faire valoir dans les territoires la spe\u0301cificite\u0301 de ces modes d\u2019entreprendre par rapport a\u0300 l\u2019e\u0301conomie dite \u00ab <em>classique<\/em> \u00bb ? Enfin, quels crite\u0300res distinctifs peut-on mettre en avant pour convaincre les acteurs de ces territoires que l\u2019ESS peut devenir\u00a0<a href=\"https:\/\/www.essentiel-sante-magazine.fr\/societe\/economie-sociale-et-solidaire\/leconomie-sociale-et-solidaire-federer-la-france-de-demain\">la norme e\u0301conomique de demain<\/a>\u00a0?<\/p>\n<p>&nbsp;<\/p>\n<div class=\"page\" title=\"Page 1\">\n<div class=\"section\">\n<div class=\"layoutArea\">\n<div class=\"column\">\n<h4><strong>UTILITE\u0301 SOCIALE : UN CRITE\u0300RE DISTINCTIF SIGNIFIANT SUR LE PLAN FISCAL\u2026<\/strong><\/h4>\n<p>&nbsp;<\/p>\n<p>\u00ab \u201c<em>Mesures d\u2019impact\u201d, \u201cimpact social\u201d, \u201cvaleur socie\u0301tale\u201d, etc., le secteur de l\u2019e\u0301conomie sociale et solidaire (ESS) semble (toujours) en que\u0302te de le\u0301gitimation<\/em>\u00a0\u00bb,\u00a0<a href=\"https:\/\/institut-isbl.fr\/valeur-societale-en-quete-dune-legitimation-du-secteur-de-less\/\" target=\"_blank\" rel=\"noopener\">disait re\u0301cemment Pascal Gle\u0301main<\/a><span class=\"footnote_referrer\"><a tabindex=\"0\" role=\"button\"><sup id=\"footnote_plugin_tooltip_901106513_1_6\" class=\"footnote_plugin_tooltip_text\">[6]<\/sup><\/a><\/span>. Pour les entreprises de l\u2019ESS, et en particulier les OSBL<span class=\"footnote_referrer\"><a tabindex=\"0\" role=\"button\"><sup id=\"footnote_plugin_tooltip_901106513_1_7\" class=\"footnote_plugin_tooltip_text\">[7]<\/sup><\/a><\/span>, ce constat est d\u2019autant plus pertinent qu\u2019il met en exergue l\u2019insuffisance de la prise en compte du droit actuellement en vigueur pour apporter la preuve qu\u2019elles disposent de capacite\u0301s spe\u0301cifiques leur permettant, a\u0300 cette e\u0301chelle ge\u0301ographique<span class=\"footnote_referrer\"><a tabindex=\"0\" role=\"button\"><sup id=\"footnote_plugin_tooltip_901106513_1_8\" class=\"footnote_plugin_tooltip_text\">[8]<\/sup><\/a><\/span>, de re\u0301pondre efficacement aux enjeux de cohe\u0301sion sociale et de transition.<\/p>\n<div class=\"page\" title=\"Page 1\">\n<div class=\"section\">\n<div class=\"layoutArea\">\n<div class=\"column\">\n<p>Au-dela\u0300 de son aspect technique qui peut rebuter, le droit fiscal est un droit e\u0301minemment politique car son objet me\u0302me, l\u2019impo\u0302t, est politique<span class=\"footnote_referrer\"><a tabindex=\"0\" role=\"button\"><sup id=\"footnote_plugin_tooltip_901106513_1_9\" class=\"footnote_plugin_tooltip_text\">[9]<\/sup><\/a><\/span>. De\u0300s lors, et face a\u0300 de tels enjeux, c\u2019est pourtant et pre\u0301cise\u0301ment sur ce terrain l\u00e0 que les entreprises de l\u2019ESS doivent aller, non seulement pour le\u0301gitimer leur action et mais \u00e9galement pour convaincre l\u2019ensemble des acteurs territoriaux que\u00a0<a href=\"https:\/\/institut-isbl.fr\/wp-content\/uploads\/sites\/3\/2018\/07\/35_37_juridique_entreprise_associative.pdf\" target=\"_blank\" rel=\"noopener\">leurs modalite\u0301s d\u2019intervention e\u0301conomique ne sauraient se confondre avec celles des entreprises<\/a>\u00a0\u00ab traditionnelles \u00bb<span class=\"footnote_referrer\"><a tabindex=\"0\" role=\"button\"><sup id=\"footnote_plugin_tooltip_901106513_1_10\" class=\"footnote_plugin_tooltip_text\">[10]<\/sup><\/a><\/span>\u00a0. En effet, il existe de\u0301ja\u0300 a\u0300 l\u2019heure actuelle des dispositions juridiques applicables aux OSBL et qui constituent par elles-me\u0302mes des e\u0301le\u0301ments objectifs de diffe\u0301renciation : l\u2019\u00ab <em>utilite\u0301 sociale \u00bb et\/ou le \u00ab but non lucratif<\/em> \u00bb<span class=\"footnote_referrer\"><a tabindex=\"0\" role=\"button\"><sup id=\"footnote_plugin_tooltip_901106513_1_11\" class=\"footnote_plugin_tooltip_text\">[11]<\/sup><\/a><\/span>\u00a0\u2013 encore insuffisamment mis en avant par les entreprises de l\u2019ESS elles-me\u0302mes \u2013 sont deux e\u0301le\u0301ments de diffe\u0301renciation pouvant non seulement e\u0302tre appre\u0301hende\u0301s comme des<a href=\"https:\/\/institut-isbl.fr\/utilite-sociale-interet-general-utilite-publique-optimiser-modele-economique\/\" target=\"_blank\" rel=\"noopener\">\u00a0outils d\u2019optimisation de leurs mode\u0300les socio-e\u0301conomiques<\/a><span class=\"footnote_referrer\"><a tabindex=\"0\" role=\"button\"><sup id=\"footnote_plugin_tooltip_901106513_1_12\" class=\"footnote_plugin_tooltip_text\">[12]<\/sup><\/a><\/span>, mais e\u0301galement servir a\u0300 de\u0301montrer la spe\u0301cificite\u0301 de leur action dans les territoires. Ainsi, a\u0300 eux seuls, ces e\u0301le\u0301ments devraient suffire a\u0300 de\u0301montrer la spe\u0301cificite\u0301 de ces \u00ab nouveaux \u00bb modes d\u2019intervention e\u0301conomique, sans me\u0302me que leur soient impose\u0301es des contraintes supple\u0301mentaires en matie\u0300re d\u2019\u00ab impact social \u00bb<span class=\"footnote_referrer\"><a tabindex=\"0\" role=\"button\"><sup id=\"footnote_plugin_tooltip_901106513_1_13\" class=\"footnote_plugin_tooltip_text\">[13]<\/sup><\/a><\/span>, une technique de management d\u2019entreprise avant tout impose\u0301e par le monde libe\u0301ral<span class=\"footnote_referrer\"><a tabindex=\"0\" role=\"button\"><sup id=\"footnote_plugin_tooltip_901106513_1_14\" class=\"footnote_plugin_tooltip_text\">[14]<\/sup><\/a><\/span>\u00a0dans le but seul de limiter les capacite\u0301s transformatrices de l\u2019ESS<span class=\"footnote_referrer\"><a tabindex=\"0\" role=\"button\"><sup id=\"footnote_plugin_tooltip_901106513_1_15\" class=\"footnote_plugin_tooltip_text\">[15]<\/sup><\/a><\/span>\u00a0et qui, au demeurant, s\u2019ave\u0300re e\u0302tre largement contreproductive et cou\u0302teuse pour les entreprises de l\u2019ESS.<\/p>\n<div class=\"page\" title=\"Page 2\">\n<div class=\"section\">\n<div class=\"layoutArea\">\n<div class=\"column\">\n<p><strong>App<\/strong><strong>roche du concept d\u2019utilite\u0301 sociale<\/strong><\/p>\n<p>Le concept fiscal d\u2019utilite\u0301 sociale permet aux OSBL de de\u0301velopper des activite\u0301s e\u0301conomiques sous forme de prestations de services ou de ventes de biens, sans aucune limite de chiffre d\u2019affaires<span class=\"footnote_referrer\"><a tabindex=\"0\" role=\"button\"><sup id=\"footnote_plugin_tooltip_901106513_1_16\" class=\"footnote_plugin_tooltip_text\">[16]<\/sup><\/a><\/span>. Si ce crite\u0300re est respecte\u0301 \u2013 outre celui de gestion de\u0301sinte\u0301resse\u0301e<span class=\"footnote_referrer\"><a tabindex=\"0\" role=\"button\"><sup id=\"footnote_plugin_tooltip_901106513_1_17\" class=\"footnote_plugin_tooltip_text\">[17]<\/sup><\/a><\/span> \u2013, ce type d\u2019organisme demeure, me\u0302me en pre\u0301sence d\u2019entreprises commerciales sur un me\u0302me marche\u0301 concurrentiel<span class=\"footnote_referrer\"><a tabindex=\"0\" role=\"button\"><sup id=\"footnote_plugin_tooltip_901106513_1_18\" class=\"footnote_plugin_tooltip_text\">[18]<\/sup><\/a><\/span>, non soumis aux impo\u0302ts commerciaux (impo\u0302t sur les socie\u0301te\u0301s et TVA). Il conservera son statut fiscal d\u2019OSBL qui, par ailleurs, le rendra e\u0301ligible aux subventions publiques dans les conditions de droit commun<span class=\"footnote_referrer\"><a tabindex=\"0\" role=\"button\"><sup id=\"footnote_plugin_tooltip_901106513_1_19\" class=\"footnote_plugin_tooltip_text\">[19]<\/sup><\/a><\/span>\u00a0et lui permettra de be\u0301ne\u0301ficier du re\u0301gime de me\u0301ce\u0301nat<span class=\"footnote_referrer\"><a tabindex=\"0\" role=\"button\"><sup id=\"footnote_plugin_tooltip_901106513_1_20\" class=\"footnote_plugin_tooltip_text\">[20]<\/sup><\/a><\/span>\u00a0quand tout ou partie de sa de\u0301marche pourra e\u0302tre qualifie\u0301 d\u2019inte\u0301re\u0302t ge\u0301ne\u0301ral<span class=\"footnote_referrer\"><a tabindex=\"0\" role=\"button\"><sup id=\"footnote_plugin_tooltip_901106513_1_21\" class=\"footnote_plugin_tooltip_text\">[21]<\/sup><\/a><\/span>. Pour re\u0301pondre efficacement aux besoins et enjeux actuels<\/p>\n<p>en matie\u0300re de transition dans les territoires, c\u2019est pre\u0301cise\u0301ment cet ensemble de droits qui permettra aux OSBL d\u2019organiser un mode\u0300le socio-e\u0301conomique d\u2019entreprise singulier car fonde\u0301 sur une he\u0301te\u0301roge\u0301ne\u0301ite\u0301 de ressources \u2013 publiques et prive\u0301es.<\/p>\n<div class=\"page\" title=\"Page 2\">\n<div class=\"section\">\n<div class=\"layoutArea\">\n<div class=\"column\">\n<p>De\u0300s lors, comment se\u0301curiser la de\u0301marche e\u0301conomique d\u2019utilite\u0301 sociale des OSBL sur le plan fiscal ? Il conviendra de respecter les crite\u0300res de\u0301finis par l\u2019administration<span class=\"footnote_referrer\"><a tabindex=\"0\" role=\"button\"><sup id=\"footnote_plugin_tooltip_901106513_1_22\" class=\"footnote_plugin_tooltip_text\">[22]<\/sup><\/a><\/span>, a\u0300 savoir :<\/p>\n<ul>\n<li>Le \u00ab <em>produit\u00a0<\/em>\u00bb : \u00ab\u00a0<em>est d\u2019utilite\u0301 sociale l\u2019activite\u0301 qui tend a\u0300 satisfaire un besoin qui n\u2019est pas pris en compte par le marche\u0301 ou qui l\u2019est de fac\u0327on peu satisfaisante<\/em>\u00a0\u00bb<span class=\"footnote_referrer\"><a tabindex=\"0\" role=\"button\"><sup id=\"footnote_plugin_tooltip_901106513_1_23\" class=\"footnote_plugin_tooltip_text\">[23]<\/sup><\/a><\/span>\u00a0; \u0084\u0084<\/li>\n<li>Le \u00ab <em>public<\/em>\u00a0\u00bb : \u00ab\u00a0<em>sont susceptibles d\u2019e\u0302tre d\u2019utilite\u0301 sociale les actes payants re\u0301alise\u0301s principalement au profit de personnes justifiant l\u2019octroi d\u2019avantages particuliers au vu de leur situation e\u0301conomique et sociale (cho\u0302meurs, personnes handicape\u0301es notamment, etc.). Ce crite\u0300re ne doit pas s\u2019entendre des seules situations de de\u0301tresse physique ou morale<\/em>\u00a0\u00bb<span class=\"footnote_referrer\"><a tabindex=\"0\" role=\"button\"><sup id=\"footnote_plugin_tooltip_901106513_1_24\" class=\"footnote_plugin_tooltip_text\">[24]<\/sup><\/a><\/span>.<\/li>\n<\/ul>\n<div class=\"page\" title=\"Page 2\">\n<div class=\"section\">\n<div class=\"layoutArea\">\n<div class=\"column\">\n<div class=\"page\" title=\"Page 2\">\n<div class=\"section\">\n<div class=\"layoutArea\">\n<div class=\"column\">\n<p>E\u0301tant entendu que :<\/p>\n<div class=\"page\" title=\"Page 2\">\n<div class=\"section\">\n<div class=\"layoutArea\">\n<div class=\"column\">\n<ul>\n<li>D\u2019une part, si ce re\u0301gime fiscal particulier permet aux OSBL \u00ab <em>a\u0300 caracte\u0300re e\u0301conomique<\/em>\u00a0\u00bb de mobiliser des ressources mone\u0301taires prive\u0301es sans aucune limite, il offre au surplus la possibilite\u0301 de be\u0301ne\u0301ficier d\u2019une \u00ab franchise commerciale \u00bb lorsque ces organismes souhaitent de\u0301velopper des moyens d\u2019action supple\u0301mentaires en re\u0301alisant des activite\u0301s lucratives a\u0300 titre accessoire (sous re\u0301serve de respecter le seuil de 73 518 euros pour l\u2019anne\u0301e 2022)<span class=\"footnote_referrer\"><a tabindex=\"0\" role=\"button\"><sup id=\"footnote_plugin_tooltip_901106513_1_25\" class=\"footnote_plugin_tooltip_text\">[25]<\/sup><\/a><\/span><\/li>\n<li>D\u2019autre part, c\u2019est a\u0300 l\u2019administration fiscale de de\u0301montrer que les crite\u0300res du \u00ab<em>\u00a0produit<\/em>\u00a0\u00bb et du \u00ab\u00a0<em>public<\/em>\u00a0\u00bb ne sont pas respecte\u0301s pour remettre en question la non-imposition dont be\u0301ne\u0301ficient par principe ces organismes de l\u2019ESS.<\/li>\n<\/ul>\n<div class=\"page\" title=\"Page 2\">\n<div class=\"section\">\n<div class=\"layoutArea\">\n<div class=\"column\">\n<p>Il apparai\u0302t ainsi que le concept d\u2019utilite\u0301 sociale irrigue la plupart des acteurs de l\u2019ESS en leur permettant de be\u0301ne\u0301ficier d\u2019un certain nombre d\u2019<a href=\"https:\/\/institut-isbl.fr\/utilite-sociale-lavantage-competitif-des-associations\/\" target=\"_blank\" rel=\"noopener\">avantages compe\u0301titifs<\/a><span class=\"footnote_referrer\"><a tabindex=\"0\" role=\"button\"><sup id=\"footnote_plugin_tooltip_901106513_1_26\" class=\"footnote_plugin_tooltip_text\">[26]<\/sup><\/a><\/span>\u00a0(subvention, me\u0301ce\u0301nat) par rapport aux autres entreprises du secteur marchand. Cependant, pour se\u0301curiser un tel re\u0301gime de\u0301rogatoire, les OSBL devront non seulement respecter les diffe\u0301rentes contraintes juridiques et fiscales ci-avant mentionne\u0301es, mais e\u0301galement inscrire dans leurs statuts la re\u0301alisation d\u2019activite\u0301s de vente de produits ou de services lorsqu\u2019elles sont habituelles<span class=\"footnote_referrer\"><a tabindex=\"0\" role=\"button\"><sup id=\"footnote_plugin_tooltip_901106513_1_27\" class=\"footnote_plugin_tooltip_text\">[27]<\/sup><\/a><\/span>\u00a0pour e\u0301viter toute action en concurrence de\u0301loyale<span class=\"footnote_referrer\"><a tabindex=\"0\" role=\"button\"><sup id=\"footnote_plugin_tooltip_901106513_1_28\" class=\"footnote_plugin_tooltip_text\">[28]<\/sup><\/a><\/span>.<\/p>\n<\/div>\n<\/div>\n<\/div>\n<\/div>\n<\/div>\n<\/div>\n<\/div>\n<\/div>\n<\/div>\n<\/div>\n<\/div>\n<\/div>\n<\/div>\n<\/div>\n<\/div>\n<\/div>\n<\/div>\n<\/div>\n<\/div>\n<\/div>\n<div class=\"page\" title=\"Page 2\">\n<div class=\"section\">\n<div class=\"layoutArea\">\n<div class=\"column\">\n<div class=\"page\" title=\"Page 2\">\n<div class=\"section\">\n<div class=\"layoutArea\">\n<div class=\"column\">\n<p><strong>Articulation avec la notion de but non lucratif<\/strong><\/p>\n<p>Autre crite\u0300re diffe\u0301renciant \u2013 et pas des moindres \u2013, le \u00ab\u00a0<a href=\"https:\/\/institut-isbl.fr\/but-non-lucratif-un-concept-incontournable-et-encore-mal-apprehende-par-les-associations\/\">but non lucratif<\/a> \u00bb. En droit interne, ce concept original de management d\u2019entreprise rec\u0327oit deux acceptions possibles :<\/p>\n<ul>\n<li>Sur le plan fiscal, il renvoie a\u0300 l\u2019interdiction de partage des be\u0301ne\u0301fices qui empe\u0302che toute possibilite\u0301 d\u2019appropriation privative du patrimoine et des re\u0301sultats de ces organismes par leurs membres et dirigeants. A\u0300 cette occasion, la doctrine fiscale pre\u0301cise que, \u00ab <em>a\u0300 titre liminaire, est re\u0301affirme\u0301 le principe selon lequel il est le\u0301gitime qu\u2019un organisme non lucratif de\u0301gage, dans le cadre de son activite\u0301, des exce\u0301dents, reflets d\u2019une gestion saine et prudente. Cependant, l\u2019organisme ne doit pas les accumuler dans le seul but de les placer. Les exce\u0301dents re\u0301alise\u0301s, voire temporairement accumule\u0301s, doivent e\u0302tre destine\u0301s a\u0300 faire face a\u0300 des besoins ulte\u0301rieurs ou a\u0300 des projets entrant dans le champ de son objet non lucratif<\/em>\u00a0\u00bb<span class=\"footnote_referrer\"><a tabindex=\"0\" role=\"button\"><sup id=\"footnote_plugin_tooltip_901106513_1_29\" class=\"footnote_plugin_tooltip_text\">[29]<\/sup><\/a><\/span>. Pour les OSBL, la contrainte de but non lucratif ne doit donc pas e\u0302tre confondue avec une quelconque limitation de leur capacite\u0301 a\u0300 mobiliser toujours plus de ressources prive\u0301es non lucratives en vue de financer leur action d\u2019utilite\u0301 sociale ou d\u2019inte\u0301re\u0302t ge\u0301ne\u0301ral ;<\/li>\n<li>Sur le plan juridique, la notion de but non lucratif est de\u0301finie de la manie\u0300re suivante depuis l\u2019arre\u0302t de la Cour de cassation du 11 mars 191430 : \u00ab <em>l\u2019expression \u201cbe\u0301ne\u0301fices\u201d [\u2026] s\u2019entend d\u2019un gain pe\u0301cuniaire ou d\u2019un gain mate\u0301riel qui ajouterait a\u0300 la fortune des associe\u0301s ; [\u2026] de\u0300s lors, la diffe\u0301rence qui distingue la socie\u0301te\u0301 de l\u2019association consiste en ce que la premie\u0300re comporte essentiellement, comme condition de son existence, la re\u0301partition entre associe\u0301s des be\u0301ne\u0301fices faits en commun, tandis que la seconde l\u2019exclut ne\u0301cessairement<\/em>\u00a0\u00bb. Cette double approche de la notion de but lucratif montre l\u2019<a href=\"https:\/\/institut-isbl.fr\/statut-ne-vaut-vertu-oui\/\" target=\"_blank\" rel=\"noopener\">iniquite\u0301 de la formule \u00ab statut ne vaut pas vertu \u00bb<\/a>, souvent utilise\u0301e a\u0300 mauvais escient par certains<span class=\"footnote_referrer\"><a tabindex=\"0\" role=\"button\"><sup id=\"footnote_plugin_tooltip_901106513_1_30\" class=\"footnote_plugin_tooltip_text\">[30]<\/sup><\/a><\/span>, dans la mesure ou\u0300 cette contrainte de gestion particulie\u0300re apparai\u0302t bien consubstantielle a\u0300 la structuration juridique<span class=\"footnote_referrer\"><a tabindex=\"0\" role=\"button\"><sup id=\"footnote_plugin_tooltip_901106513_1_31\" class=\"footnote_plugin_tooltip_text\">[31]<\/sup><\/a><\/span>\u00a0de la plupart des entreprises inte\u0301gre\u0301es au pe\u0301rime\u0300tre de l\u2019ESS, a\u0300 l\u2019exception des coope\u0301ratives et des entreprises solidaires d\u2019utilite\u0301 sociale (ESUS). A\u0300 ce titre, elle aussi devrait suffire a\u0300 caracte\u0301riser l\u2019approche e\u0301conomique spe\u0301cifique de ces acteurs par rapport aux entreprises capitalistes traditionnelles.<\/li>\n<\/ul>\n<div class=\"page\" title=\"Page 3\">\n<div class=\"section\">\n<div class=\"layoutArea\">\n<div class=\"column\">\n<p>L\u2019illustration la plus re\u0301cente des bienfaits de ce facteur diffe\u0301renciant a d\u2019ailleurs re\u0301cemment e\u0301te\u0301 apporte\u0301e par la MAIF et le Cre\u0301dit mutuel qui, au lieu de re\u0301mune\u0301rer leurs actionnaires, innovent en pratiquant une distribution de \u00ab dividende socie\u0301tal, ou e\u0301cologique \u00bb<span class=\"footnote_referrer\"><a tabindex=\"0\" role=\"button\"><sup id=\"footnote_plugin_tooltip_901106513_1_32\" class=\"footnote_plugin_tooltip_text\">[32]<\/sup><\/a><\/span>.<\/p>\n<p>&nbsp;<\/p>\n<\/div>\n<\/div>\n<\/div>\n<div class=\"section\">\n<div class=\"layoutArea\">\n<div class=\"column\">\n<div class=\"page\" title=\"Page 3\">\n<div class=\"section\">\n<div class=\"layoutArea\">\n<div class=\"column\">\n<h4><strong>\u2026 ET SUR LE PLAN JURIDIQUE<\/strong><\/h4>\n<p>&nbsp;<\/p>\n<p><strong>Utilite\u0301 sociale et ESS<\/strong><\/p>\n<p>Selon l\u2019article 2 de la loi du 31 juillet 2014<span class=\"footnote_referrer\"><a tabindex=\"0\" role=\"button\"><sup id=\"footnote_plugin_tooltip_901106513_1_33\" class=\"footnote_plugin_tooltip_text\">[33]<\/sup><\/a><\/span>\u00a0relative a\u0300 l\u2019ESS, \u00ab sont conside\u0301re\u0301es comme poursuivant une utilite\u0301 sociale au sens de la pre\u0301sente loi les entreprises dont l\u2019objet social satisfait a\u0300 titre principal a\u0300 l\u2019une au moins des quatre conditions suivantes :<\/p>\n<div class=\"page\" title=\"Page 3\">\n<div class=\"section\">\n<div class=\"layoutArea\">\n<div class=\"column\">\n<ol>\n<li>\u00ab\u00a0<em>Elles ont pour objectif d\u2019apporter, a\u0300 travers leur activite\u0301, un soutien a\u0300 des personnes en situation de fragilite\u0301 [\u2026]. Ces personnes peuvent e\u0302tre des salarie\u0301s, des usagers, des clients, des membres ou des be\u0301ne\u0301ficiaires de cette entreprise ;<\/em><\/li>\n<li><em>\u00ab Elles ont pour objectif de contribuer a\u0300 la pre\u0301servation et au de\u0301veloppement du lien social ou au maintien et au renforcement de la cohe\u0301sion territoriale ;<\/em><\/li>\n<li><em>\u00ab Elles ont pour objectif de contribuer a\u0300 l\u2019e\u0301ducation a\u0300 la citoyennete\u0301, notamment par l\u2019e\u0301ducation populaire et par la mise en \u0153uvre\u00a0de modes de participation impliquant, sur les territoires concerne\u0301s, les be\u0301ne\u0301ficiaires de ces activite\u0301s [\u2026] ;<\/em><\/li>\n<li><em>\u00ab Elles ont pour objectif de concourir au de\u0301veloppement durable, a\u0300 la transition e\u0301nerge\u0301tique, a\u0300 la promotion culturelle ou a\u0300 la solidarite\u0301 internationale [\u2026]<\/em>\u00a0\u00bb.<\/li>\n<\/ol>\n<div class=\"section\">\n<div class=\"layoutArea\">\n<div class=\"column\">\n<p>En voie de consolidation sur le plan juridique, cette de\u0301finition de l\u2019\u00ab utilite\u0301 sociale \u00bb, qui renvoie de\u0301sormais a\u0300 celle d\u2019\u00ab innovation sociale \u00bb, apparai\u0302t particulie\u0300rement fe\u0301conde pour le de\u0301veloppement territorial.<\/p>\n<\/div>\n<\/div>\n<\/div>\n<\/div>\n<\/div>\n<\/div>\n<\/div>\n<\/div>\n<\/div>\n<\/div>\n<\/div>\n<\/div>\n<\/div>\n<\/div>\n<\/div>\n<\/div>\n<\/div>\n<\/div>\n<\/div>\n<\/div>\n<\/div>\n<\/div>\n<\/div>\n<div class=\"page\" title=\"Page 2\">\n<div class=\"section\">\n<div class=\"layoutArea\">\n<div class=\"column\">\n<div class=\"page\" title=\"Page 4\">\n<div class=\"section\">\n<div class=\"layoutArea\">\n<div class=\"column\">\n<p>&nbsp;<\/p>\n<p><strong><img loading=\"lazy\" decoding=\"async\" class=\" wp-image-901106549 alignleft\" src=\"https:\/\/institut-isbl.fr\/wp-content\/uploads\/sites\/3\/2023\/03\/Capture-decran-2023-03-29-a-10.18.30-238x300.jpg\" sizes=\"auto, (max-width: 300px) 100vw, 300px\" srcset=\"https:\/\/institut-isbl.fr\/wp-content\/uploads\/sites\/3\/2023\/03\/Capture-decran-2023-03-29-a-10.18.30-238x300.jpg 238w, https:\/\/institut-isbl.fr\/wp-content\/uploads\/sites\/3\/2023\/03\/Capture-decran-2023-03-29-a-10.18.30.jpg 400w\" alt=\"\" width=\"300\" height=\"378\" \/><\/strong><\/p>\n<p><strong>Utilite\u0301 sociale et innovation sociale<\/strong><\/p>\n<p>Selon l\u2019article 15 de la loi relative a\u0300 l\u2019ESS, \u00ab\u00a0<em>est conside\u0301re\u0301 comme relevant de l\u2019innovation sociale le projet d\u2019une ou de plusieurs entreprises consistant a\u0300 offrir des produits ou des services pre\u0301sentant l\u2019une des caracte\u0301ristiques suivantes :<\/em><\/p>\n<ol>\n<li><em>\u00a0Soit re\u0301pondre a\u0300 des besoins sociaux non ou mal satisfaits, que ce soit dans les conditions actuelles du marche\u0301 ou dans le cadre des politiques publiques ;<\/em><\/li>\n<li><em>Soit re\u0301pondre a\u0300 des besoins sociaux par une forme innovante d\u2019entreprise, par un processus innovant de production de biens ou de services ou encore par un mode innovant d\u2019organisation du travail. Les proce\u0301dures de consultation et d\u2019e\u0301laboration des projets socialement innovants auxquelles sont associe\u0301s les be\u0301ne\u0301ficiaires concerne\u0301s par ce type de projet ainsi que les modalite\u0301s de financement de tels projets rele\u0300vent e\u0301galement de l\u2019innovation sociale.<\/em>\u00a0\u00bb<img loading=\"lazy\" decoding=\"async\" class=\" wp-image-901106548 alignright\" src=\"https:\/\/institut-isbl.fr\/wp-content\/uploads\/sites\/3\/2023\/03\/Capture-decran-2023-03-29-a-10.19.08-260x300.jpg\" sizes=\"auto, (max-width: 300px) 100vw, 300px\" srcset=\"https:\/\/institut-isbl.fr\/wp-content\/uploads\/sites\/3\/2023\/03\/Capture-decran-2023-03-29-a-10.19.08-260x300.jpg 260w, https:\/\/institut-isbl.fr\/wp-content\/uploads\/sites\/3\/2023\/03\/Capture-decran-2023-03-29-a-10.19.08.jpg 400w\" alt=\"\" width=\"300\" height=\"346\" \/><\/li>\n<\/ol>\n<p>Cette de\u0301finition a re\u0301cemment e\u0301te\u0301 comple\u0301te\u0301e par le Conseil supe\u0301rieur de l\u2019ESS<span class=\"footnote_referrer\"><a tabindex=\"0\" role=\"button\"><sup id=\"footnote_plugin_tooltip_901106513_1_34\" class=\"footnote_plugin_tooltip_text\">[34]<\/sup><\/a><\/span>: \u00ab\u00a0<em>L\u2019innovation sociale consiste a\u0300 e\u0301laborer des re\u0301ponses nouvelles a\u0300 des besoins sociaux nouveaux ou mal satisfaits dans les conditions actuelles du marche\u0301 et des politiques sociales, en impliquant la participation et la coope\u0301ration des acteurs concerne\u0301s, notamment des utilisateurs et usagers. Ces innovations concernent aussi bien le produit ou service, que le mode d\u2019organisation, de distribution [\u2026]. Elles passent par un processus en plusieurs de\u0301marches : e\u0301mergence, expe\u0301rimentation, diffusion, e\u0301valuation.<\/em>\u00a0\u00bb<\/p>\n<p>Pour les acteurs du territoire qui peuvent ainsi acce\u0301der a\u0300 des financements exclusivement fle\u0301che\u0301s vers l\u2019innovation sociale, comme pour les entreprises de l\u2019ESS, cette double approche en voie de consolidation de la notion d\u2019utilite\u0301 sociale, a\u0300 la fois e\u0301volutive et participative, apparai\u0302t d\u2019autant plus pertinente qu\u2019elle tend encore a\u0300 renforcer la le\u0301gitimite\u0301 de ce type d\u2019intervention e\u0301conomique dans les territoires.<\/p>\n<\/div>\n<\/div>\n<\/div>\n<\/div>\n<\/div>\n<\/div>\n<\/div>\n<\/div>\n<p>&nbsp;<\/p>\n<p><a class=\"url\" title=\"Colas Amblard\" href=\"https:\/\/institut-isbl.fr\/author\/colasamblard\/\"><img loading=\"lazy\" decoding=\"async\" class=\"avatar pp-user-avatar avatar-250 photo \" src=\"https:\/\/institut-isbl.fr\/wp-content\/uploads\/sites\/3\/2019\/04\/colas-AMBLARD-300x300.jpg\" width=\"139\" height=\"139\" data-del=\"avatar\" \/><\/a><\/p>\n<p><strong>Colas Amblard<\/strong><\/p>\n<p>Docteur en droit &#8211; Avocat associ\u00e9<\/p>\n<p>NPS Consulting avocats<\/p>\n<div class=\"abh_box abh_box_down abh_box_business\">\n<div class=\"abh_tab_content\">\n<section class=\"vcard author abh_about_tab abh_tab\">\n<div class=\"abh_text\">\n<div class=\"description note abh_description\"><a href=\"https:\/\/institut-isbl.fr\/equipe-isbl\/colas-amblard\/?team_cpt=page-templates%2Ffull-width\">voir la fiche de l&rsquo;auteur<\/a><\/div>\n<\/div>\n<\/section>\n<\/div>\n<\/div>\n<div class=\"speaker-mute footnotes_reference_container\">\n<div class=\"footnote_container_prepare\">\n<p>&nbsp;<\/p>\n<\/div>\n<\/div>\n<\/div>\n<p><strong>En savoir plus :\u00a0<\/strong><\/p>\n<div class=\"page\" title=\"Page 2\">\n<div class=\"section\">\n<div class=\"layoutArea\">\n<div class=\"column\">\n<p><strong><a href=\"https:\/\/institut-isbl.fr\/wp-content\/uploads\/sites\/3\/2023\/03\/36_39_fiscal_utilite_sociale.pdf\" target=\"_blank\" rel=\"noopener\">Voir la publication jurisassociations 1er mars 2023 n\u00b0674<\/a><\/strong><\/p>\n<p class=\"page-title\"><strong><a href=\"http:\/\/xn--utilit%20sociale%20-gzb:%20l%E2%80%99avantage%20comp%C3%A9titif%20des%20associations\/\">Utilit\u00e9 sociale : l\u2019avantage comp\u00e9titif des associations<\/a>, Colas Amblard, Institut ISBL, 26 f\u00e9vr. 2020<\/strong><\/p>\n<p class=\"page-title\"><strong><a href=\"https:\/\/institut-isbl.fr\/associations-lucratives-sans-but-ou-associations-a-but-non-lucratif-une-tentative-de-distinction\/\">\u00ab Associations lucratives sans but \u00bb ou \u00ab associations \u00e0 but non lucratif \u00bb : une tentative de distinction<\/a>, Pascal Gl\u00e9main, Institut ISBL, 22 mars 2020<\/strong><\/p>\n<p class=\"page-title\"><strong><a href=\"https:\/\/institut-isbl.fr\/but-non-lucratif-un-concept-incontournable-et-encore-mal-apprehende-par-les-associations\/\">But non lucratif : un concept incontournable encore mal appr\u00e9hend\u00e9 par les associations<\/a>, Colas Amblard, Institut ISBL, 26 juillet 2020<\/strong><\/p>\n<p class=\"page-title\"><strong><a href=\"https:\/\/institut-isbl.fr\/territoires-zero-chomeur-longue-duree-une-experimentation-sociale-au-service-dune-autre-politique-sociale\/\" target=\"_blank\" rel=\"noopener\">Territoires Z\u00e9ro Ch\u00f4meur Longue Dur\u00e9e : une exp\u00e9rimentation sociale au service d\u2019une \u00ab autre \u00bb politique sociale ?!,\u00a0<\/a>Pascal Gl\u00e9main , Institut ISBL, octobre 2022<\/strong><\/p>\n<\/div>\n<\/div>\n<\/div>\n<\/div>\n<div class=\"column\">\n<div class=\"page\" title=\"Page 2\">\n<div class=\"section\">\n<div class=\"layoutArea\">\n<div class=\"column\">\n<p class=\"page-title\"><a href=\"https:\/\/institut-isbl.fr\/fiscalite-associative-entre-insecurite-et-isomorphisme-lexemple-des-ebe-dans-le-cadre-du-dispositif-tzcld\/\" target=\"_blank\" rel=\"noopener\"><strong>Fiscalit\u00e9 associative entre ins\u00e9curit\u00e9 et isomorphisme : l\u2019exemple des EBE dans le cadre du dispositif TZCLD,\u00a0<\/strong><\/a><strong>Colas Amblard<\/strong><strong>,\u00a0 Institut ISBL, mars 2022<\/strong><\/p>\n<\/div>\n<\/div>\n<\/div>\n<\/div>\n<\/div>\n<\/div>\n<\/div>\n<\/div>\n<\/div>\n<\/div>\n<\/div>\n<\/div>\n<\/div>\n<\/div>\n<\/div>\n<\/div>\n<\/div>\n<\/div>\n<\/div>\n<\/div>\n<\/div>\n<div class=\"abh_box abh_box_down abh_box_business\">\n<div class=\"abh_tab_content\">\n<section class=\"vcard author abh_about_tab abh_tab\">\n<div class=\"abh_text\"><\/div>\n<\/section>\n<\/div>\n<\/div>\n<div class=\"speaker-mute footnotes_reference_container\">\n<div id=\"footnote_references_container_901106513_1\">\n<table class=\"footnotes_table footnote-reference-container\">\n<caption class=\"accessibility\">R\u00e9f\u00e9rences<\/caption>\n<tbody>\n<tr class=\"footnotes_plugin_reference_row\">\n<th class=\"footnote_plugin_index_combi pointer\" scope=\"row\">1<\/th>\n<td class=\"footnote_plugin_text\">Responsabilite\u0301 socie\u0301tale des entreprises<\/td>\n<\/tr>\n<tr class=\"footnotes_plugin_reference_row\">\n<th class=\"footnote_plugin_index_combi pointer\" scope=\"row\"><a id=\"footnote_plugin_reference_901106513_1_2\" class=\"footnote_backlink\"><\/a>2<\/th>\n<td class=\"footnote_plugin_text\">C. Meggle\u0301, \u00ab Responsabilite\u0301 territoriale des entreprises : ESS France ouvre le de\u0301bat \u00bb, Localtis, 7 nov. 2022.<\/td>\n<\/tr>\n<tr class=\"footnotes_plugin_reference_row\">\n<th class=\"footnote_plugin_index_combi pointer\" scope=\"row\"><a id=\"footnote_plugin_reference_901106513_1_3\" class=\"footnote_backlink\"><\/a>3<\/th>\n<td class=\"footnote_plugin_text\">L. n\u00b0 2014-856 du 31 juill. 2014, art. 1er, II.<\/td>\n<\/tr>\n<tr class=\"footnotes_plugin_reference_row\">\n<th class=\"footnote_plugin_index_combi pointer\" scope=\"row\"><a id=\"footnote_plugin_reference_901106513_1_4\" class=\"footnote_backlink\"><\/a>4<\/th>\n<td class=\"footnote_plugin_text\">Associations, fondations, fonds de dotation, mutuelles.<\/td>\n<\/tr>\n<tr class=\"footnotes_plugin_reference_row\">\n<th class=\"footnote_plugin_index_combi pointer\" scope=\"row\"><a id=\"footnote_plugin_reference_901106513_1_5\" class=\"footnote_backlink\"><\/a>5<\/th>\n<td class=\"footnote_plugin_text\">Coope\u0301ratives, notamment socie\u0301te\u0301s coope\u0301ratives d\u2019inte\u0301re\u0302t collectif (SCIC), et en- treprises solidaires d\u2019utilite\u0301 sociale (ESUS).<\/td>\n<\/tr>\n<tr class=\"footnotes_plugin_reference_row\">\n<th class=\"footnote_plugin_index_combi pointer\" scope=\"row\"><a id=\"footnote_plugin_reference_901106513_1_6\" class=\"footnote_backlink\"><\/a><span class=\"footnote_index_arrow\">\u2191<\/span>6<\/th>\n<td class=\"footnote_plugin_text\"><a href=\"https:\/\/institut-isbl.fr\/valeur-societale-en-quete-dune-legitimation-du-secteur-de-less\/\" target=\"_blank\" rel=\"noopener\">P. Gle\u0301main, \u00ab \u201cValeur socie\u0301tale\u201d : en que\u0302te d\u2019une le\u0301gitimation du secteur de l\u2019ESS ?! \u00bb, www.institut-isbl.fr, 27 oct. 2022<\/a><\/td>\n<\/tr>\n<tr class=\"footnotes_plugin_reference_row\">\n<th class=\"footnote_plugin_index_combi pointer\" scope=\"row\"><a id=\"footnote_plugin_reference_901106513_1_7\" class=\"footnote_backlink\"><\/a><span class=\"footnote_index_arrow\">\u2191<\/span>7<\/th>\n<td class=\"footnote_plugin_text\">Observatoire national de l\u2019ESS \u2013 ESS France, Atlas commente\u0301 de l\u2019e\u0301conomie sociale et solidaire, 5e e\u0301d., Juris e\u0301ditions \u2013 Dalloz, 2020 : avec 94 % des organisations, 85 % des e\u0301tablissements et pre\u0300s de 80 % du volume d\u2019emplois, les associations constituent la domi- nante de l\u2019ESS en termes de salariat.<\/td>\n<\/tr>\n<tr class=\"footnotes_plugin_reference_row\">\n<th class=\"footnote_plugin_index_combi pointer\" scope=\"row\"><a id=\"footnote_plugin_reference_901106513_1_8\" class=\"footnote_backlink\"><\/a><span class=\"footnote_index_arrow\">\u2191<\/span>8<\/th>\n<td class=\"footnote_plugin_text\">Le Labo de l\u2019ESS, e\u0301tude-action \u00ab Dynamiques collectives de transitions dans les territoires \u00bb, sept. 2018.<\/td>\n<\/tr>\n<tr class=\"footnotes_plugin_reference_row\">\n<th class=\"footnote_plugin_index_combi pointer\" scope=\"row\"><a id=\"footnote_plugin_reference_901106513_1_9\" class=\"footnote_backlink\"><\/a><span class=\"footnote_index_arrow\">\u2191<\/span>9<\/th>\n<td class=\"footnote_plugin_text\">A. Boyer, Introduction au droit fiscal, Ellipses, 2020, p. 17 et s.<\/td>\n<\/tr>\n<tr class=\"footnotes_plugin_reference_row\">\n<th class=\"footnote_plugin_index_combi pointer\" scope=\"row\"><a id=\"footnote_plugin_reference_901106513_1_10\" class=\"footnote_backlink\"><\/a><span class=\"footnote_index_arrow\">\u2191<\/span>10<\/th>\n<td class=\"footnote_plugin_text\"><a href=\"https:\/\/institut-isbl.fr\/wp-content\/uploads\/sites\/3\/2018\/07\/35_37_juridique_entreprise_associative.pdf\" target=\"_blank\" rel=\"noopener\">JA 2018, no 582, p. 35, e\u0301tude C. Amblard.<\/a><\/td>\n<\/tr>\n<tr class=\"footnotes_plugin_reference_row\">\n<th class=\"footnote_plugin_index_combi pointer\" scope=\"row\"><a id=\"footnote_plugin_reference_901106513_1_11\" class=\"footnote_backlink\"><\/a><span class=\"footnote_index_arrow\">\u2191<\/span>11<\/th>\n<td class=\"footnote_plugin_text\"><a href=\"https:\/\/www.cairn.info\/revue-recma1-2010-1-page-21.htm\" target=\"_blank\" rel=\"noopener\">C. Amblard, \u00ab Inte\u0301re\u0302t ge\u0301ne\u0301ral, utilite\u0301 publique ou utilite\u0301 sociale : quel mode de reconnaissance pour le secteur associatif ? \u00bb, Recma 2010, n\u00b0 315, p. 21 et s<\/a>.<\/td>\n<\/tr>\n<tr class=\"footnotes_plugin_reference_row\">\n<th class=\"footnote_plugin_index_combi pointer\" scope=\"row\"><a id=\"footnote_plugin_reference_901106513_1_12\" class=\"footnote_backlink\"><\/a><span class=\"footnote_index_arrow\">\u2191<\/span>12<\/th>\n<td class=\"footnote_plugin_text\"><a href=\"https:\/\/institut-isbl.fr\/utilite-sociale-interet-general-utilite-publique-optimiser-modele-economique\/\" target=\"_blank\" rel=\"noopener\">C. Amblard, \u00ab Utilite\u0301 sociale, inte\u0301re\u0302t ge\u0301ne\u0301ral, utilite\u0301 publique : optimiser son mode\u0300le e\u0301conomique \u00bb, www. institut-isbl.fr, 28 oct. 2016.<\/a><\/td>\n<\/tr>\n<tr class=\"footnotes_plugin_reference_row\">\n<th class=\"footnote_plugin_index_combi pointer\" scope=\"row\"><a id=\"footnote_plugin_reference_901106513_1_13\" class=\"footnote_backlink\"><\/a><span class=\"footnote_index_arrow\">\u2191<\/span>13<\/th>\n<td class=\"footnote_plugin_text\">P. Gle\u0301main, pre\u0301c.<\/td>\n<\/tr>\n<tr class=\"footnotes_plugin_reference_row\">\n<th class=\"footnote_plugin_index_combi pointer\" scope=\"row\"><a id=\"footnote_plugin_reference_901106513_1_14\" class=\"footnote_backlink\"><\/a><span class=\"footnote_index_arrow\">\u2191<\/span>14<\/th>\n<td class=\"footnote_plugin_text\">D. Mercure, \u00ab Libe\u0301ralisme et lien social : une analyse critique \u00bb, Cahiers internationaux de sociologie 2005\/2, n\u00b0 119, p. 333 et s.<\/td>\n<\/tr>\n<tr class=\"footnotes_plugin_reference_row\">\n<th class=\"footnote_plugin_index_combi pointer\" scope=\"row\"><a id=\"footnote_plugin_reference_901106513_1_15\" class=\"footnote_backlink\"><\/a><span class=\"footnote_index_arrow\">\u2191<\/span>15<\/th>\n<td class=\"footnote_plugin_text\">J. du Boucher, \u00ab ESS et libe\u0301ralisme : entre re\u0301volution silencieuse et symbiose accepte\u0301e, un enjeu politique \u00bb, CJDES, me\u0301moire 2021-2022 : \u00ab La crainte de l\u2019E\u0301tat par rapport a\u0300 la porte\u0301e politique du mouvement associationiste constitue un obstacle a\u0300 la re\u0301alisation du projet de transformation sociale de l\u2019ESS, l\u2019E\u0301tat pre\u0301fe\u0300re limiter l\u2019action de l\u2019ESS a\u0300 la production \u201cd\u2019impact social\u201d. \u00bb<\/td>\n<\/tr>\n<tr class=\"footnotes_plugin_reference_row\">\n<th class=\"footnote_plugin_index_combi pointer\" scope=\"row\"><a id=\"footnote_plugin_reference_901106513_1_16\" class=\"footnote_backlink\"><\/a><span class=\"footnote_index_arrow\">\u2191<\/span>16<\/th>\n<td class=\"footnote_plugin_text\">BOFiP-Impo\u0302ts, BOI-IS-CHAMP<\/td>\n<\/tr>\n<tr class=\"footnotes_plugin_reference_row\">\n<th class=\"footnote_plugin_index_combi pointer\" scope=\"row\"><a id=\"footnote_plugin_reference_901106513_1_17\" class=\"footnote_backlink\"><\/a><span class=\"footnote_index_arrow\">\u2191<\/span>17<\/th>\n<td class=\"footnote_plugin_text\">BOFiP-Impo\u0302ts, BOI-IS-CHAMP- 10-50-10-20, pre\u0301c., \u00a7 50 et s.<\/td>\n<\/tr>\n<tr class=\"footnotes_plugin_reference_row\">\n<th class=\"footnote_plugin_index_combi pointer\" scope=\"row\"><a id=\"footnote_plugin_reference_901106513_1_18\" class=\"footnote_backlink\"><\/a><span class=\"footnote_index_arrow\">\u2191<\/span>18<\/th>\n<td class=\"footnote_plugin_text\">Ibid., \u00a7 570.<\/td>\n<\/tr>\n<tr class=\"footnotes_plugin_reference_row\">\n<th class=\"footnote_plugin_index_combi pointer\" scope=\"row\"><a id=\"footnote_plugin_reference_901106513_1_19\" class=\"footnote_backlink\"><\/a><span class=\"footnote_index_arrow\">\u2191<\/span>19<\/th>\n<td class=\"footnote_plugin_text\">Circ. n\u00b0 5811-SG du 29 sept. 2015.<\/td>\n<\/tr>\n<tr class=\"footnotes_plugin_reference_row\">\n<th class=\"footnote_plugin_index_combi pointer\" scope=\"row\"><a id=\"footnote_plugin_reference_901106513_1_20\" class=\"footnote_backlink\"><\/a><span class=\"footnote_index_arrow\">\u2191<\/span>20<\/th>\n<td class=\"footnote_plugin_text\">L. n\u00b0 2003-709 du 1er aou\u0302t 2003.<\/td>\n<\/tr>\n<tr class=\"footnotes_plugin_reference_row\">\n<th class=\"footnote_plugin_index_combi pointer\" scope=\"row\"><a id=\"footnote_plugin_reference_901106513_1_21\" class=\"footnote_backlink\"><\/a><span class=\"footnote_index_arrow\">\u2191<\/span>21<\/th>\n<td class=\"footnote_plugin_text\">CGI, art. 200 et 238 bis.<\/td>\n<\/tr>\n<tr class=\"footnotes_plugin_reference_row\">\n<th class=\"footnote_plugin_index_combi pointer\" scope=\"row\"><a id=\"footnote_plugin_reference_901106513_1_22\" class=\"footnote_backlink\"><\/a><span class=\"footnote_index_arrow\">\u2191<\/span>22<\/th>\n<td class=\"footnote_plugin_text\">De\u0301finition comple\u0301te\u0301e par des rescrits fiscaux : v. not. RES (OSBL) n\u00b0 2005\/87 du 7 sept. 2005.<\/td>\n<\/tr>\n<tr class=\"footnotes_plugin_reference_row\">\n<th class=\"footnote_plugin_index_combi pointer\" scope=\"row\"><a id=\"footnote_plugin_reference_901106513_1_23\" class=\"footnote_backlink\"><\/a><span class=\"footnote_index_arrow\">\u2191<\/span>23<\/th>\n<td class=\"footnote_plugin_text\">BOFiP-Impo\u0302ts, BOI-IS-CHAMP- 10-50-10-20, pre\u0301c., \u00a7 590 et 600.<\/td>\n<\/tr>\n<tr class=\"footnotes_plugin_reference_row\">\n<th class=\"footnote_plugin_index_combi pointer\" scope=\"row\"><a id=\"footnote_plugin_reference_901106513_1_24\" class=\"footnote_backlink\"><\/a><span class=\"footnote_index_arrow\">\u2191<\/span>24<\/th>\n<td class=\"footnote_plugin_text\">Ibid., \u00a7 610 et 620.<\/td>\n<\/tr>\n<tr class=\"footnotes_plugin_reference_row\">\n<th class=\"footnote_plugin_index_combi pointer\" scope=\"row\"><a id=\"footnote_plugin_reference_901106513_1_25\" class=\"footnote_backlink\"><\/a><span class=\"footnote_index_arrow\">\u2191<\/span>25<\/th>\n<td class=\"footnote_plugin_text\">CGI, art. 206, 1 bis ; BOFiP-Impo\u0302ts, BOI-IS-CHAMP-10-50-20-20 du 23 mars 2022, \u00a7 1, dernier al.<\/td>\n<\/tr>\n<tr class=\"footnotes_plugin_reference_row\">\n<th class=\"footnote_plugin_index_combi pointer\" scope=\"row\"><a id=\"footnote_plugin_reference_901106513_1_26\" class=\"footnote_backlink\"><\/a><span class=\"footnote_index_arrow\">\u2191<\/span>26<\/th>\n<td class=\"footnote_plugin_text\"><a href=\"https:\/\/institut-isbl.fr\/utilite-sociale-lavantage-competitif-des-associations\/\" target=\"_blank\" rel=\"noopener\">C. Amblard, \u00ab Utilite\u0301 sociale : l\u2019avan- tage compe\u0301titif des associations \u00bb, www.institut-isbl.fr, 26 fe\u0301vr. 2020.<\/a><\/td>\n<\/tr>\n<tr class=\"footnotes_plugin_reference_row\">\n<th class=\"footnote_plugin_index_combi pointer\" scope=\"row\"><a id=\"footnote_plugin_reference_901106513_1_27\" class=\"footnote_backlink\"><\/a><span class=\"footnote_index_arrow\">\u2191<\/span>27<\/th>\n<td class=\"footnote_plugin_text\">C. com., art. L. 442-10.<\/td>\n<\/tr>\n<tr class=\"footnotes_plugin_reference_row\">\n<th class=\"footnote_plugin_index_combi pointer\" scope=\"row\"><a id=\"footnote_plugin_reference_901106513_1_28\" class=\"footnote_backlink\"><\/a><span class=\"footnote_index_arrow\">\u2191<\/span>28<\/th>\n<td class=\"footnote_plugin_text\">C. civ., art. 1240.<\/td>\n<\/tr>\n<tr class=\"footnotes_plugin_reference_row\">\n<th class=\"footnote_plugin_index_combi pointer\" scope=\"row\"><a id=\"footnote_plugin_reference_901106513_1_29\" class=\"footnote_backlink\"><\/a><span class=\"footnote_index_arrow\">\u2191<\/span>29<\/th>\n<td class=\"footnote_plugin_text\">BOFiP-Impo\u0302ts, BOI-IS-CHAMP- 10-50-10-20, pre\u0301c., \u00a7 630.<\/td>\n<\/tr>\n<tr class=\"footnotes_plugin_reference_row\">\n<th class=\"footnote_plugin_index_combi pointer\" scope=\"row\"><a id=\"footnote_plugin_reference_901106513_1_30\" class=\"footnote_backlink\"><\/a><span class=\"footnote_index_arrow\">\u2191<\/span>30<\/th>\n<td class=\"footnote_plugin_text\"><a href=\"https:\/\/institut-isbl.fr\/statut-ne-vaut-vertu-oui\/\" target=\"_blank\" rel=\"noopener\">C. Amblard, \u00ab \u201cStatut ne vaut pas vertu\u201d, oui mais\u2026 \u00bb, www.institut-isbl.fr, 30 avr. 2018.<\/a><\/td>\n<\/tr>\n<tr class=\"footnotes_plugin_reference_row\">\n<th class=\"footnote_plugin_index_combi pointer\" scope=\"row\"><a id=\"footnote_plugin_reference_901106513_1_31\" class=\"footnote_backlink\"><\/a><span class=\"footnote_index_arrow\">\u2191<\/span>31<\/th>\n<td class=\"footnote_plugin_text\">V. not. L. du 1er juill. 1901, art. 1er pour les associations ; C. mut., art. L. 111-1 pour les mutuelles ; L. n\u00b0 87-571 du 23 juill. 1987, art. 18, al. 1er pour les fon- dations reconnues d\u2019utilite\u0301 publique.<\/td>\n<\/tr>\n<tr class=\"footnotes_plugin_reference_row\">\n<th class=\"footnote_plugin_index_combi pointer\" scope=\"row\"><a id=\"footnote_plugin_reference_901106513_1_32\" class=\"footnote_backlink\"><\/a><span class=\"footnote_index_arrow\">\u2191<\/span>32<\/th>\n<td class=\"footnote_plugin_text\">F. Morestin, \u00ab Avec leur dividende socie\u0301tal et e\u0301cologique le Cre\u0301dit mutuel et la MAIF veulent ouvrir la voie \u00bb, Novethic, 13 janv. 2023.<\/td>\n<\/tr>\n<tr class=\"footnotes_plugin_reference_row\">\n<th class=\"footnote_plugin_index_combi pointer\" scope=\"row\"><a id=\"footnote_plugin_reference_901106513_1_33\" class=\"footnote_backlink\"><\/a><span class=\"footnote_index_arrow\">\u2191<\/span>33<\/th>\n<td class=\"footnote_plugin_text\">L. n\u00b0 2014-856, pre\u0301c., art. 2.<\/td>\n<\/tr>\n<tr class=\"footnotes_plugin_reference_row\">\n<th class=\"footnote_plugin_index_combi pointer\" scope=\"row\"><a id=\"footnote_plugin_reference_901106513_1_34\" class=\"footnote_backlink\"><\/a><span class=\"footnote_index_arrow\">\u2191<\/span>34<\/th>\n<td class=\"footnote_plugin_text\">De\u0301finition in Avise, \u00ab Mode d\u2019emploi \u2013 L\u2019innovation sociale \u00bb, juill. 2015, mise a\u0300 jour\u00a0de\u0301c. 2019.<\/td>\n<\/tr>\n<\/tbody>\n<\/table>\n<\/div>\n<\/div>\n<\/div>\n<\/article>\n<\/div>\n<\/div>\n<\/div>\n<\/div>\n<\/section>\n<p><!--more--><\/p>\n","protected":false},"excerpt":{"rendered":"<p>Les associations, en particulier celles dont les moyens d\u2019action s\u2019inscrivent dans la sphe\u0300re e\u0301conomique, se voient re\u0301gulie\u0300rement somme\u0301es de rendre compte de leurs spe\u0301cificite\u0301s me\u0301ritoires. De\u0300s lors,\u00a0il est essentiel de rappeler l\u2019importance de la notion juridique d\u2019utilite\u0301 sociale comme e\u0301le\u0301ment distinctif, mais aussi comme crite\u0300re permettant de poser les bases de la responsabilite\u0301 territoriale des [&hellip;]<\/p>\n","protected":false},"author":2,"featured_media":0,"comment_status":"closed","ping_status":"closed","sticky":false,"template":"","format":"standard","meta":{"site-sidebar-layout":"default","site-content-layout":"default","ast-site-content-layout":"default","site-content-style":"default","site-sidebar-style":"default","ast-global-header-display":"","ast-banner-title-visibility":"","ast-main-header-display":"","ast-hfb-above-header-display":"","ast-hfb-below-header-display":"","ast-hfb-mobile-header-display":"","site-post-title":"","ast-breadcrumbs-content":"","ast-featured-img":"","footer-sml-layout":"","ast-disable-related-posts":"","theme-transparent-header-meta":"default","adv-header-id-meta":"","stick-header-meta":"default","header-above-stick-meta":"","header-main-stick-meta":"","header-below-stick-meta":"","astra-migrate-meta-layouts":"default","ast-page-background-enabled":"default","ast-page-background-meta":{"desktop":{"background-color":"var(--ast-global-color-4)","background-image":"","background-repeat":"repeat","background-position":"center center","background-size":"auto","background-attachment":"scroll","background-type":"","background-media":"","overlay-type":"","overlay-color":"","overlay-opacity":"","overlay-gradient":""},"tablet":{"background-color":"","background-image":"","background-repeat":"repeat","background-position":"center center","background-size":"auto","background-attachment":"scroll","background-type":"","background-media":"","overlay-type":"","overlay-color":"","overlay-opacity":"","overlay-gradient":""},"mobile":{"background-color":"","background-image":"","background-repeat":"repeat","background-position":"center center","background-size":"auto","background-attachment":"scroll","background-type":"","background-media":"","overlay-type":"","overlay-color":"","overlay-opacity":"","overlay-gradient":""}},"ast-content-background-meta":{"desktop":{"background-color":"var(--ast-global-color-5)","background-image":"","background-repeat":"repeat","background-position":"center center","background-size":"auto","background-attachment":"scroll","background-type":"","background-media":"","overlay-type":"","overlay-color":"","overlay-opacity":"","overlay-gradient":""},"tablet":{"background-color":"var(--ast-global-color-5)","background-image":"","background-repeat":"repeat","background-position":"center center","background-size":"auto","background-attachment":"scroll","background-type":"","background-media":"","overlay-type":"","overlay-color":"","overlay-opacity":"","overlay-gradient":""},"mobile":{"background-color":"var(--ast-global-color-5)","background-image":"","background-repeat":"repeat","background-position":"center center","background-size":"auto","background-attachment":"scroll","background-type":"","background-media":"","overlay-type":"","overlay-color":"","overlay-opacity":"","overlay-gradient":""}},"footnotes":""},"categories":[283,266,386],"tags":[10,259,313,171,137,43,235,126,35,160,476,37],"class_list":["post-3299","post","type-post","status-publish","format-standard","hentry","category-article","category-avocat-et-association","category-avocat-specialise-en-droit-des-associations","tag-association","tag-association-et-avocat","tag-avocat-en-droit-des-associations","tag-avocat-et-droit-des-associations","tag-avocat-specialise-dans-le-secteur-associatif","tag-colas-amblard","tag-ess","tag-fiscalite-des-associations","tag-interet-general","tag-juris-associations","tag-responsabilite-territoriale","tag-utilite-sociale"],"_links":{"self":[{"href":"https:\/\/www.npsconsulting-avocats.fr\/NPS\/wp-json\/wp\/v2\/posts\/3299","targetHints":{"allow":["GET"]}}],"collection":[{"href":"https:\/\/www.npsconsulting-avocats.fr\/NPS\/wp-json\/wp\/v2\/posts"}],"about":[{"href":"https:\/\/www.npsconsulting-avocats.fr\/NPS\/wp-json\/wp\/v2\/types\/post"}],"author":[{"embeddable":true,"href":"https:\/\/www.npsconsulting-avocats.fr\/NPS\/wp-json\/wp\/v2\/users\/2"}],"replies":[{"embeddable":true,"href":"https:\/\/www.npsconsulting-avocats.fr\/NPS\/wp-json\/wp\/v2\/comments?post=3299"}],"version-history":[{"count":2,"href":"https:\/\/www.npsconsulting-avocats.fr\/NPS\/wp-json\/wp\/v2\/posts\/3299\/revisions"}],"predecessor-version":[{"id":3309,"href":"https:\/\/www.npsconsulting-avocats.fr\/NPS\/wp-json\/wp\/v2\/posts\/3299\/revisions\/3309"}],"wp:attachment":[{"href":"https:\/\/www.npsconsulting-avocats.fr\/NPS\/wp-json\/wp\/v2\/media?parent=3299"}],"wp:term":[{"taxonomy":"category","embeddable":true,"href":"https:\/\/www.npsconsulting-avocats.fr\/NPS\/wp-json\/wp\/v2\/categories?post=3299"},{"taxonomy":"post_tag","embeddable":true,"href":"https:\/\/www.npsconsulting-avocats.fr\/NPS\/wp-json\/wp\/v2\/tags?post=3299"}],"curies":[{"name":"wp","href":"https:\/\/api.w.org\/{rel}","templated":true}]}}