{"id":3008,"date":"2023-01-02T15:19:54","date_gmt":"2023-01-02T13:19:54","guid":{"rendered":"https:\/\/www.npsconsulting-avocats.fr\/NPS\/?p=3008"},"modified":"2023-01-02T15:54:25","modified_gmt":"2023-01-02T13:54:25","slug":"mecenat-evolution-du-dispositif-et-renforcement-du-controle-administratif","status":"publish","type":"post","link":"https:\/\/www.npsconsulting-avocats.fr\/NPS\/mecenat-evolution-du-dispositif-et-renforcement-du-controle-administratif\/","title":{"rendered":"M\u00e9c\u00e9nat : \u00e9volution du dispositif et renforcement du contr\u00f4le administratif"},"content":{"rendered":"\n<p><\/p>\n\n\n\n<p><strong>S\u2019il est un domaine o\u00f9 le gouvernement Macron a \u00e9t\u00e9 particuli\u00e8rement actif, c\u2019est bien celui du m\u00e9c\u00e9nat. En effet, lors du premier quinquennat, nombreuses ont \u00e9t\u00e9 les r\u00e9formes apport\u00e9es \u00e0 ce dispositif. La derni\u00e8re en date d\u00e9coule de la loi du 24 ao\u00fbt 2021 confortant le respect des principes de la R\u00e9publique<a><sup>[1]<\/sup><\/a>. Revue de d\u00e9tail.<\/strong><\/p>\n\n\n\n<p>Depuis 2017, le r\u00e9gime du m\u00e9c\u00e9nat \u2013 des particuliers et des entreprises \u2013 est l\u2019objet d\u2019une \u00e9volution constante. Celle-ci a d\u00e9but\u00e9 par la r\u00e9forme de l\u2019imp\u00f4t sur la fortune (ISF), remplac\u00e9 \u00e0 compter du 1er janvier 2018 par celui sur la fortune immobili\u00e8re (IFI)<a><sup>[2]<\/sup><\/a>. Elle s\u2019est poursuivie par la diminution du taux de r\u00e9duction d\u2019imp\u00f4t sur les soci\u00e9t\u00e9s (IS) de 60 % \u00e0 40 % sur la fraction sup\u00e9rieure \u00e0 2 millions d\u2019euros des dons effectu\u00e9s depuis le 31 d\u00e9cembre 2020<a><sup>[3]<\/sup><\/a>.<\/p>\n\n\n\n<h4 class=\"has-medium-font-size wp-block-heading\">Nouveau dispositif favorable aux petites et moyennes entreprises<\/h4>\n\n\n\n<p>Ce \u00ab coup de rabot \u00bb, annonc\u00e9 fin ao\u00fbt 2019<a><sup>[4]<\/sup><\/a>&nbsp;par le gouvernement et critiqu\u00e9 par de nombreux r\u00e9seaux associatifs qui craignaient que cette \u2013 double \u2013 r\u00e9forme controvers\u00e9e, en r\u00e9duisant l\u2019assiette de taxation aux seuls biens et droits immobiliers ainsi qu\u2019aux parts ou actions de soci\u00e9t\u00e9s d\u00e9tenant des biens immobiliers<a><sup>[5]<\/sup><\/a>, ait un impact non n\u00e9gligeable sur le volume de soutien des grands donateurs, et en particulier sur le volume financier apport\u00e9 aux organismes d\u2019int\u00e9r\u00eat g\u00e9n\u00e9ral \u00e9ligibles \u00e0 la r\u00e9duction d\u2019IFI<a><sup>[6]<\/sup><\/a>, consistait en r\u00e9alit\u00e9 rien moins qu\u2019\u00e0 pallier les difficult\u00e9s point\u00e9es par le rapport de la Cour des comptes de 2018<a><sup>[7]<\/sup><\/a>&nbsp;suite \u00e0 l\u2019affaire de la Fondation Louis-Vuitton<a><sup>[8]<\/sup><\/a>.<\/p>\n\n\n\n<p>Mais, malgr\u00e9 un contexte \u00e9conomique en berne, l\u2019engagement soci\u00e9tal des entreprises ne devait toutefois pas ralentir. Depuis 2020, le m\u00e9c\u00e9nat d\u2019entreprise a continu\u00e9 sa progression<a><sup>[9]<\/sup><\/a>&nbsp;et s\u2019affirme toujours comme une pratique strat\u00e9gique d\u2019avenir pour les entreprises. Parmi les explications possibles \u00e0 cette progression, le nouveau dispositif fiscal \u2013 visant \u00e0 compl\u00e9ter le seuil de r\u00e9duction maximale d\u2019imp\u00f4t, initialement \u00e9tabli \u00e0 0,5 % du chiffre d\u2019affaires hors taxes de l\u2019entreprise, par un seuil alternatif de 10 000 puis de 20 000 euros<a><sup>[10]<\/sup><\/a>&nbsp;applicable aux exercices comptables clos au 31 d\u00e9cembre 2020<a><sup>[11]<\/sup><\/a>&nbsp;\u2013 a consid\u00e9rablement augment\u00e9 la capacit\u00e9 d\u2019investissement des tr\u00e8s petites entreprises (TPE) et des petites et moyennes entreprises (PME) au service de l\u2019int\u00e9r\u00eat g\u00e9n\u00e9ral et de l\u2019engagement citoyen.<\/p>\n\n\n\n<figure class=\"wp-block-image aligncenter is-resized\"><img loading=\"lazy\" decoding=\"async\" src=\"https:\/\/institut-isbl.fr\/wp-content\/uploads\/sites\/3\/2022\/10\/Capture-decran-2022-10-24-a-19.38.42-300x128.png\" alt=\"\" class=\"wp-image-901105973\" width=\"300\" height=\"128\"\/><\/figure>\n\n\n\n<h4 class=\"wp-block-heading\"><\/h4>\n\n\n\n<h4 class=\"wp-block-heading\">Maintien du dispositif initial pour les actions en faveur&nbsp;des personnes en difficult\u00e9<\/h4>\n\n\n\n<p>Pour les organismes sans but lucratif (OSBL) \u0153uvrant en faveur des personnes en difficult\u00e9 (repas gratuits, logement) ou contribuant \u00e0 titre principal \u00e0 la fourniture gratuite de prestations et produits de \u00ab premi\u00e8re n\u00e9cessit\u00e9 \u00bb (v\u00eatements, couvertures et duvets, couches pour nourrissons, etc.)<a><sup>[12]<\/sup><\/a>, la r\u00e9duction d\u2019imp\u00f4t au taux de 60 % est maintenue, quel que soit le montant des dons consentis, pour l\u2019ensemble de leurs activit\u00e9s \u00e9ligibles \u00e0 la r\u00e9duction d\u2019imp\u00f4t<a><sup>[13]<\/sup><\/a>.<\/p>\n\n\n\n<h4 class=\"has-medium-font-size wp-block-heading\">Pr\u00e9cisions concernant le m\u00e9c\u00e9nat<\/h4>\n\n\n\n<p><strong>M\u00e9c\u00e9nat de comp\u00e9tences<\/strong><\/p>\n\n\n\n<p>Le m\u00e9c\u00e9nat de comp\u00e9tences a aussi fait l\u2019objet d\u2019une nouvelle doctrine fiscale en f\u00e9vrier 2021<a><sup>[14]<\/sup><\/a>.<br>Les pr\u00e9cisions apport\u00e9es permettent de s\u00e9curiser ce type d\u2019op\u00e9ration, notamment du point de vue de la valorisation. En effet, pour l\u2019administration fiscale, \u00ab <em>la valorisation rel\u00e8ve de la responsabilit\u00e9 propre de celui qui effectue le don et non de l\u2019organisme b\u00e9n\u00e9ficiaire qui n\u2019a pas \u00e0 justifier de la valeur des biens et services re\u00e7us<\/em> \u00bb<a><sup>[15]<\/sup><\/a>. Aussi, il appartiendra \u00e0 l\u2019entreprise m\u00e9c\u00e8ne de ma\u00eetriser les r\u00e8gles d\u2019\u00e9valuation des services \u00ab en nature \u00bb qu\u2019elle d\u00e9clare comme dons au profit d\u2019organismes reconnus d\u2019int\u00e9r\u00eat g\u00e9n\u00e9ral. \u00c0 d\u00e9faut, elle risque d\u2019\u00eatre sanctionn\u00e9e sur le plan fiscal<a><sup>[16]<\/sup><\/a>. Pour ouvrir droit au b\u00e9n\u00e9fice de la r\u00e9duction d\u2019imp\u00f4t, il est par ailleurs indiqu\u00e9 que le salari\u00e9 concern\u00e9 par l\u2019op\u00e9ration de m\u00e9c\u00e9nat de comp\u00e9tences doit \u00eatre mis gratuitement \u00e0 disposition par l\u2019entreprise \u00ab <em>pour [\u2026] exercer r\u00e9ellement et effectivement une activit\u00e9 <\/em>\u00bb<a><sup>[17]<\/sup><\/a>&nbsp;au service d\u2019un organisme vis\u00e9 \u00e0 l\u2019article 238 bis du code g\u00e9n\u00e9ral des imp\u00f4ts (CGI). S\u2019agissant des modalit\u00e9s de valorisation \u00e0 retenir, il est ensuite pr\u00e9cis\u00e9 que lorsque le m\u00e9c\u00e9nat prend la forme d\u2019une mise \u00e0 disposition gratuite de salari\u00e9s, \u00ab <em>ce don est \u00e9valu\u00e9 \u00e0 son co\u00fbt de revient, \u00e0 savoir les r\u00e9mun\u00e9rations et charges sociales y aff\u00e9rentes<\/em> \u00bb<a><sup>[18]<\/sup><\/a>. La loi de finances pour 2020<a><sup>[19]<\/sup><\/a>&nbsp;a pr\u00e9cis\u00e9 que pour calculer la r\u00e9duction d\u2019imp\u00f4t, le co\u00fbt de revient \u00e0 retenir dans la base de calcul correspond, pour chaque salari\u00e9 mis \u00e0 disposition, \u00e0 ses r\u00e9mun\u00e9rations et charges sociales y aff\u00e9rentes dans la limite de trois fois le plafond de la S\u00e9curit\u00e9 sociale, soit 10.284 euros par mois pour 2022<a><sup>[20]<\/sup><\/a>.<\/p>\n\n\n\n<p>Cette m\u00e9thode de valorisation selon le co\u00fbt de revient devra \u00e9galement \u00eatre retenue \u00ab <em>lorsque le don [\u2026] prend la forme d\u2019une prestation non r\u00e9mun\u00e9r\u00e9e<\/em> \u00bb<a><sup>[21]<\/sup><\/a>, la doctrine fiscale pr\u00e9cisant d\u00e9sormais que les prestations de services donn\u00e9es sont valoris\u00e9es \u00ab <em>\u00e0 leur co\u00fbt de revient<\/em> \u00bb<a><sup>[22]<\/sup><\/a>, conform\u00e9ment \u00e0 l\u2019article 238 bis, 1, avant-dernier alin\u00e9a du CGI, celle-ci ajoutant m\u00eame dans cette derni\u00e8re hypoth\u00e8se que le co\u00fbt de revient pourra prendre en compte la totalit\u00e9 des \u00ab <em>co\u00fbts support\u00e9s par l\u2019entreprise pour [\u2026] produire [\u2026] la prestation donn\u00e9e<\/em> \u00bb.<\/p>\n\n\n\n<p>Il est enfin rappel\u00e9 que \u00ab <em>pour ouvrir droit \u00e0 la r\u00e9duction, le versement [en m\u00e9c\u00e9nat de comp\u00e9tences] doit proc\u00e9der d\u2019une intention lib\u00e9rale de l\u2019entreprise et ne doit pas \u00eatre la contrepartie d\u2019une prestation que l\u2019organisme [d\u2019int\u00e9r\u00eat g\u00e9n\u00e9ral] a effectu\u00e9e \u00e0 son profit<\/em> \u00bb<a><sup>[23]<\/sup><\/a>. Certes, si ces pr\u00e9cisions s\u2019imposaient, il n\u2019emp\u00eache que cette nouvelle doctrine ne devrait pas remettre en cause le r\u00e9gime de contreparties tol\u00e9r\u00e9es par l\u2019administration fiscale elle-m\u00eame, d\u00e8s lors que le principe de \u00ab <em>disproportion marqu\u00e9e <\/em>\u00bb<a><sup>[24]<\/sup><\/a>&nbsp;entre la valeur du don en nature et les avantages obtenus par l\u2019entreprise est respect\u00e9. Par cons\u00e9quent, \u00ab <em>les organismes [b\u00e9n\u00e9ficiaires] vis\u00e9s \u00e0 l\u2019article 238 bis du CGI peuvent [continuer \u00e0] associer le nom de l\u2019entreprise donatrice aux op\u00e9rations qu\u2019ils r\u00e9alisent <\/em>\u00bb<a><sup>[25]<\/sup><\/a>. L\u2019ensemble de ces contreparties doit cependant faire l\u2019objet d\u2019une valorisation par l\u2019OSBL b\u00e9n\u00e9ficiaire lui-m\u00eame : soit conform\u00e9ment \u00e0 la valeur inscrite dans la convention de m\u00e9c\u00e9nat si elle existe, soit, en l\u2019absence de convention de ce type, conform\u00e9ment au prix de vente du bien ou du service rendu s\u2019il fait l\u2019objet d\u2019une offre commerciale de la part de l\u2019organisme b\u00e9n\u00e9ficiaire ou \u00e0 son prix de revient si tel n\u2019est pas le cas<a><sup>[26]<\/sup><\/a>.<\/p>\n\n\n\n<p><strong>M\u00e9c\u00e9nat d\u2019entreprise<\/strong><\/p>\n\n\n\n<p>La doctrine fiscale, mise \u00e0 jour le 8 juin 2022<a><sup>[27]<\/sup><\/a>, vient apporter d\u2019autres pr\u00e9cisions relatives au m\u00e9c\u00e9nat d\u2019entreprise. \u00c0 compter du 1er janvier 2022, le b\u00e9n\u00e9fice de la r\u00e9duction d\u2019imp\u00f4t est subordonn\u00e9 \u00e0 la condition que le contribuable soit en mesure de pr\u00e9senter, \u00e0 la demande de l\u2019administration fiscale, un re\u00e7u fiscal r\u00e9pondant \u00e0 un nouveau mod\u00e8le<a><sup>[28]<\/sup><\/a>&nbsp;fix\u00e9 par l\u2019administration et attestant la r\u00e9alit\u00e9 des dons et versements<a><sup>[29]<\/sup><\/a>. La d\u00e9livrance du re\u00e7u fiscal incombe \u00e0 l\u2019organisme b\u00e9n\u00e9ficiaire du don. En revanche, la responsabilit\u00e9 de la valorisation du don, lorsqu\u2019il s\u2019agit d\u2019un don en nature, incombe exclusivement \u00e0 l\u2019entreprise m\u00e9c\u00e8ne. L\u2019\u00e9tablissement d\u2019un re\u00e7u fiscal ne dispense pas l\u2019entreprise donatrice de conserver l\u2019ensemble des pi\u00e8ces justificatives attestant la r\u00e9alit\u00e9 des dons consentis et permettant leur valorisation :<\/p>\n\n\n\n<ul class=\"wp-block-list\"><li>Lorsque le don en num\u00e9raire prend la forme d\u2019un abandon de recettes<a><sup>[30]<\/sup><\/a>, l\u2019organisme b\u00e9n\u00e9ficiaire du don se fait communiquer par le client qui intervient en qualit\u00e9 d\u2019interm\u00e9diaire l\u2019ensemble des renseignements n\u00e9cessaires \u00e0 l\u2019\u00e9tablissement du re\u00e7u fiscal mentionn\u00e9 plus haut ;<\/li><li>Lorsque l\u2019entreprise effectue un don en nature, le re\u00e7u fiscal d\u00e9livr\u00e9 par l\u2019organisme comporte, outre son identit\u00e9, celle de l\u2019entreprise donatrice et la (les) date(s) du don, la description exhaustive (nature et quantit\u00e9) des biens et services re\u00e7us qu\u2019il a accept\u00e9s, le d\u00e9tail des salari\u00e9s mis \u00e0 disposition ainsi que le montant de leur valorisation telle qu\u2019elle a \u00e9t\u00e9 d\u00e9termin\u00e9e par l\u2019entreprise<a><sup>[31]<\/sup><\/a>. L\u2019organisme b\u00e9n\u00e9ficiaire ne pourra \u00e9mettre de re\u00e7u fiscal qu\u2019\u00e0 la condition que cette valorisation, \u00e9tablie sous la responsabilit\u00e9 de l\u2019entreprise donatrice, lui soit communiqu\u00e9e. \u00c0 d\u00e9faut, l\u2019entreprise ne pourra pas disposer du re\u00e7u requis ni, en cons\u00e9quence, b\u00e9n\u00e9ficier de la r\u00e9duction d\u2019imp\u00f4t ;<\/li><li>Lorsque l\u2019organisme b\u00e9n\u00e9ficiaire n\u2019accepte qu\u2019une partie des dons en nature propos\u00e9s par une entreprise \u2013 par exemple, s\u2019agissant de dons de produits alimentaires, parce qu\u2019il n\u2019est pas en mesure d\u2019assurer la prise en charge et la distribution effective des produits au public b\u00e9n\u00e9ficiaire de son action \u2013, il ne peut d\u00e9livrer un re\u00e7u fiscal qu\u2019\u00e0 raison des seuls dons accept\u00e9s. Corr\u00e9lativement, l\u2019entreprise ne peut pas pr\u00e9tendre au b\u00e9n\u00e9fice de la r\u00e9duction d\u2019imp\u00f4t \u00e0 raison des dons en nature refus\u00e9s par l\u2019organisme.<\/li><\/ul>\n\n\n\n<p>\u00c0 titre de simplification, l\u2019organisme b\u00e9n\u00e9ficiaire peut \u00e9tablir un re\u00e7u unique pour plusieurs dons ou versements effectu\u00e9s par une m\u00eame entreprise au cours d\u2019une p\u00e9riode donn\u00e9e \u2013 par exemple, un mois, un trimestre, un semestre, une ann\u00e9e civile ou l\u2019exercice fiscal de l\u2019entreprise donatrice s\u2019il ne co\u00efncide pas avec l\u2019ann\u00e9e civile \u2013, sous r\u00e9serve de fournir, au titre des dons en nature, une description exhaustive des biens et services re\u00e7us (nature et quantit\u00e9), le d\u00e9tail des salari\u00e9s mis \u00e0 disposition ainsi que leur valorisation globale<a><sup>[32]<\/sup><\/a>.<\/p>\n\n\n\n<p>Quel que soit le choix de l\u2019organisme b\u00e9n\u00e9ficiaire des dons, le ou les re\u00e7us fiscaux d\u00e9livr\u00e9s \u00e0 l\u2019entreprise donatrice devront faire appara\u00eetre une description exhaustive des biens et prestations re\u00e7us et accept\u00e9s au cours de la p\u00e9riode sur laquelle porte le re\u00e7u :<\/p>\n\n\n\n<ul class=\"wp-block-list\"><li>Lorsque les dons et versements sont r\u00e9alis\u00e9s par l\u2019interm\u00e9diaire d\u2019un organisme qui n\u2019intervient qu\u2019\u00e0 titre de simple collecteur de fonds, cet organisme n\u2019est pas lui-m\u00eame \u00e9ligible au r\u00e9gime fiscal du m\u00e9c\u00e9nat<a><sup>[33]<\/sup><\/a>&nbsp;et ne peut donc pas \u00e9mettre de re\u00e7us fiscaux. Pour autant, les dons et versements effectu\u00e9s aupr\u00e8s de l\u2019organisme collecteur ouvrent droit \u00e0 la r\u00e9duction d\u2019imp\u00f4t lorsque l\u2019organisme b\u00e9n\u00e9ficiaire final des dons est lui- m\u00eame \u00e9ligible au r\u00e9gime fiscal du m\u00e9c\u00e9nat. Tel est le cas des collectes de dons organis\u00e9es par les soci\u00e9t\u00e9s d\u2019amis<a><sup>[34]<\/sup><\/a>&nbsp;ainsi que des dons et versements re\u00e7us par les fondations et associations reconnues d\u2019utilit\u00e9 publique pour le compte d\u2019organismes d\u2019int\u00e9r\u00eat g\u00e9n\u00e9ral mentionn\u00e9s au a) du 1 de l\u2019article 238 bis du CGI<a><sup>[35]<\/sup><\/a>. Dans ce cas, le b\u00e9n\u00e9ficiaire final du don se fait communiquer par l\u2019organisme collecteur l\u2019identit\u00e9 de l\u2019entreprise donatrice afin de pouvoir lui d\u00e9livrer un re\u00e7u fiscal ;<\/li><li>Lorsque les versements sont effectu\u00e9s au profit des fonds de dotation dont la gestion est d\u00e9sint\u00e9ress\u00e9e pour financer des organismes \u00e9ligibles au r\u00e9gime du m\u00e9c\u00e9nat<a><sup>[36]<\/sup><\/a>, les fonds de dotation d\u00e9livrent aux entreprises donatrices les re\u00e7us fiscaux correspondant aux versements qu\u2019ils ont re\u00e7us.<\/li><\/ul>\n\n\n\n<p>Pour rappel, les organismes ne respectant pas les conditions pos\u00e9es par l\u2019article 238 bis du CGI et qui d\u00e9livrent sciemment des re\u00e7us fiscaux permettant \u00e0 un contribuable d\u2019obtenir ind\u00fbment cette r\u00e9duction d\u2019imp\u00f4t sont passibles de l\u2019amende fiscale pr\u00e9vue au premier alin\u00e9a de l\u2019article 1740 A du CGI. Le taux de l\u2019amende est \u00e9gal \u00e0 celui de la r\u00e9duction d\u2019imp\u00f4t et son assiette est constitu\u00e9e par les sommes ind\u00fbment mentionn\u00e9es sur les re\u00e7us d\u00e9livr\u00e9s au contribuable. Lorsque ces re\u00e7us ne mentionnent pas une somme, l\u2019amende est \u00e9gale au montant de la r\u00e9duction d\u2019imp\u00f4t ind\u00fbment obtenue<a><sup>[37]<\/sup><\/a>.<\/p>\n\n\n\n<p>Par ailleurs, sauf si le manquement d\u00e9lib\u00e9r\u00e9 de l\u2019entreprise ou l\u2019existence de man\u0153uvres frauduleuses est d\u00e9montr\u00e9, la r\u00e9duction d\u2019imp\u00f4t ne saurait en principe \u00eatre remise en cause lorsque les entreprises sont en possession d\u2019un re\u00e7u fiscal tel que d\u00e9fini au 5 bis de l\u2019article 238 bis du CGI. Toutefois, dans le cas o\u00f9 la mention sur le re\u00e7u fiscal de la valorisation des dons en nature, des dons de prestations ou des mises \u00e0 disposition de personnel est erron\u00e9e, dans la mesure o\u00f9 cette valorisation rel\u00e8ve uniquement de la responsabilit\u00e9 de l\u2019entreprise donatrice, le montant de la r\u00e9duction d\u2019imp\u00f4t dont elle a b\u00e9n\u00e9fici\u00e9 sur la base de cette valorisation erron\u00e9e ne peut \u00eatre remis en cause.<\/p>\n\n\n\n<h4 class=\"wp-block-heading\"><strong>Nouvelles obligations d\u00e9claratives<\/strong><\/h4>\n\n\n\n<p>L\u2019article 19 de la loi confortant le respect des principes de la R\u00e9publique du 24 ao\u00fbt 2021<a><sup>[38]<\/sup><\/a>&nbsp;instaure de nouvelles obligations d\u00e9claratives \u00e0 la charge des organismes b\u00e9n\u00e9ficiaires de dons ouvrant droit \u00e0 avantage fiscal<a><sup>[39]<\/sup><\/a>.<\/p>\n\n\n\n<p><strong>Organismes concern\u00e9s<\/strong><\/p>\n\n\n\n<p>Tous les organismes qui d\u00e9livrent des re\u00e7us par lesquels ils indiquent \u00e0 un contribuable donateur qu\u2019il est en droit de b\u00e9n\u00e9ficier de r\u00e9duction d\u2019imp\u00f4t au titre du m\u00e9c\u00e9nat sont concern\u00e9s par l\u2019obligation d\u00e9clarative, \u00e0 l\u2019exception toutefois des associations de financement \u00e9lectorales et des mandataires de partis et groupements politiques vis\u00e9s au 3 de l\u2019article 200 du CGI. Les organismes publics \u2013 comme les collectivit\u00e9s territoriales \u2013 sont, quant \u00e0 eux, soumis \u00e0 cette m\u00eame obligation d\u00e9clarative \u00e0 partir du moment o\u00f9 ils \u00e9mettent un re\u00e7u fiscal dans le cadre de l\u2019un des r\u00e9gimes fiscaux pr\u00e9cit\u00e9s.<\/p>\n\n\n\n<p><strong>Informations \u00e0 d\u00e9clarer<\/strong><\/p>\n\n\n\n<p>Ces organismes doivent d\u00e9clarer \u00e0 l\u2019administration fiscale :<\/p>\n\n\n\n<ul class=\"wp-block-list\"><li>Le montant global des dons et versements mentionn\u00e9s sur les documents (re\u00e7us, attestations ou tous autres documents) d\u00e9livr\u00e9s aux donateurs per\u00e7us au cours de l\u2019ann\u00e9e civile pr\u00e9c\u00e9dente \u2013 ou au cours du dernier exercice clos s\u2019il ne co\u00efncide pas avec l\u2019ann\u00e9e civile \u2013 qui ont donn\u00e9 lieu \u00e0 l\u2019\u00e9mission d\u2019un re\u00e7u fiscal ; \u0084\u0084<\/li><li>Le nombre de documents (re\u00e7us, attestations ou tous autres documents) d\u00e9livr\u00e9s au cours de cette p\u00e9riode ou de cet exercice au titre de ces dons.<\/li><\/ul>\n\n\n\n<p><strong>P\u00e9riode concern\u00e9e<\/strong><\/p>\n\n\n\n<p>Un organisme dont l\u2019exercice est \u00e0 cheval sur deux ann\u00e9es civiles \u2013 par exemple, qui cl\u00f4t ses comptes au 30 juin 2022 \u2013 devra faire sa premi\u00e8re d\u00e9claration cette ann\u00e9e. Elle portera sur le nombre de re\u00e7us fiscaux au titre des dons qu\u2019il aura encaiss\u00e9s ainsi que sur le montant cumul\u00e9 de ces dons entre le 1er juillet 2021 et le 30 juin 2022. L\u2019organisme a en principe trois mois pour ce faire \u2013 soit jusqu\u2019au 30 septembre 2022. \u00c0 titre exceptionnel, en 2022, il b\u00e9n\u00e9ficiera de la possibilit\u00e9 de faire sa d\u00e9claration jusqu\u2019au 31 d\u00e9cembre.<\/p>\n\n\n\n<h4 class=\"wp-block-heading\">Renforcement du contr\u00f4le administratif et des sanctions<\/h4>\n\n\n\n<p><strong>Contr\u00f4le administratif<\/strong><\/p>\n\n\n\n<p>La loi du 24 ao\u00fbt 2021 confortant le respect des principes de la R\u00e9publique pr\u00e9voit \u00e9galement un renforcement du contr\u00f4le de l\u2019administration fiscale sur l\u2019\u00e9mission de re\u00e7us fiscaux au profit des donateurs b\u00e9n\u00e9ficiant d\u2019une r\u00e9duction d\u2019imp\u00f4t.<\/p>\n\n\n\n<p><strong>Organismes concern\u00e9s<\/strong><\/p>\n\n\n\n<p>Ce contr\u00f4le vise les OSBL b\u00e9n\u00e9ficiaires de dons et versements (fondations ou associations reconnues d\u2019utilit\u00e9 publique, \u0153uvres ou organismes d\u2019int\u00e9r\u00eat g\u00e9n\u00e9ral, etc.)<a><sup>[40]<\/sup><\/a>.<\/p>\n\n\n\n<p><strong>\u00c9tendue du contr\u00f4le<\/strong><\/p>\n\n\n\n<p>Il porte sur les documents, les certificats, re\u00e7us, \u00e9tats, factures ou attestations d\u00e9livr\u00e9s par ces organismes et destin\u00e9s \u00e0 permettre \u00e0 un contribuable d\u2019obtenir les r\u00e9ductions d\u2019imp\u00f4ts pr\u00e9vues en mati\u00e8re d\u2019imp\u00f4t sur le revenu<a><sup>[41]<\/sup><\/a>, d\u2019imp\u00f4t sur les soci\u00e9t\u00e9s<a><sup>[42]<\/sup><\/a>, d\u2019imp\u00f4t de solidarit\u00e9 sur la fortune jusqu\u2019en 2017<a><sup>[43]<\/sup><\/a>&nbsp;et d\u2019imp\u00f4t sur la fortune immobili\u00e8re \u00e0 compter de 2018<a><sup>[44]<\/sup><\/a>. Le contr\u00f4le a pour but de v\u00e9rifier que les montants port\u00e9s sur les documents d\u00e9livr\u00e9s correspondent \u00e0 ceux des dons et versements effectivement per\u00e7us et ayant donn\u00e9 lieu \u00e0 la d\u00e9livrance de ces documents. Il s\u2019applique depuis le 1er janvier 2018 aux dons et versements effectu\u00e9s \u00e0 compter du 1er janvier 2017.<\/p>\n\n\n\n<p><strong>Garanties de l\u2019organisme lors du contr\u00f4le<\/strong><\/p>\n\n\n\n<p>Relev\u00e9es au niveau l\u00e9gislatif<a><sup>[45]<\/sup><\/a>&nbsp;par la loi du 24 ao\u00fbt 2021, les garanties offertes \u00e0 l\u2019organisme contr\u00f4l\u00e9 sont les suivantes :<\/p>\n\n\n\n<ul class=\"wp-block-list\"><li>Envoi au b\u00e9n\u00e9ficiaire des dons et versements d\u2019un avis de contr\u00f4le qui pr\u00e9cise les ann\u00e9es soumises au contr\u00f4le et mentionne express\u00e9ment, sous peine de nullit\u00e9 de la proc\u00e9dure, que l\u2019organisme a la facult\u00e9 de se faire assister par un conseil de son choix<a><sup>[46]<\/sup><\/a>&nbsp;;<\/li><li>Information sur les r\u00e9sultats du contr\u00f4le, d\u00e9livr\u00e9e par un document motiv\u00e9 de nature \u00e0 permettre \u00e0 l\u2019organisme de formuler ses observations<a><sup>[47]<\/sup><\/a>&nbsp;;<\/li><li>Interdiction de renouveler le contr\u00f4le pour la m\u00eame p\u00e9riode<a><sup>[48]<\/sup><\/a>.<\/li><\/ul>\n\n\n\n<p><strong>D\u00e9lai<\/strong><\/p>\n\n\n\n<p>S\u2019agissant du d\u00e9lai du nouveau contr\u00f4le sur place, il est d\u00e9sormais express\u00e9ment pr\u00e9vu qu\u2019il ne peut s\u2019\u00e9tendre sur une dur\u00e9e sup\u00e9rieure \u00e0 six mois \u00e0 compter de la pr\u00e9sentation des pi\u00e8ces et documents n\u00e9cessaires au contr\u00f4le, sous peine de nullit\u00e9<a><sup>[49]<\/sup><\/a>. Par ailleurs, il est express\u00e9ment pr\u00e9vu la possibilit\u00e9 de pr\u00e9senter un recours hi\u00e9rarchique en cas de d\u00e9saccord avec la position de l\u2019administration fiscale dans un d\u00e9lai de 30 jours \u00e0 compter de la notification du document motivant la position de l\u2019administration<a><sup>[50]<\/sup><\/a>.<\/p>\n\n\n\n<p><strong>Sanction en cas de manquement<\/strong><\/p>\n\n\n\n<p>Conform\u00e9ment aux dispositions de droit commun, le d\u00e9faut de production de la d\u00e9claration nouvelle mise \u00e0 la charge des OSBL entra\u00eene l\u2019application d\u2019une amende de 150 euros<a><sup>[51]<\/sup><\/a>, port\u00e9e \u00e0 1500 euros en cas d\u2019infraction pour la deuxi\u00e8me ann\u00e9e cons\u00e9cutive<a><sup>[52]<\/sup><\/a>.<\/p>\n\n\n\n<p><strong>Obligation pour les personnes morales de pr\u00e9senter un re\u00e7u fiscal pour b\u00e9n\u00e9ficier d\u2019une r\u00e9duction d\u2019imp\u00f4t.<\/strong><\/p>\n\n\n\n<p>\u00c0 l\u2019instar de ce qui existe d\u00e9j\u00e0 pour les particuliers<a><sup>[53]<\/sup><\/a>, il est \u00e9galement pr\u00e9vu que le b\u00e9n\u00e9fice de la r\u00e9duction d\u2019imp\u00f4t soit subordonn\u00e9 \u00e0 la condition que l\u2019entreprise soit en mesure de pr\u00e9senter, \u00e0 la demande de l\u2019administration fiscale, les pi\u00e8ces justificatives, r\u00e9pondant \u00e0 un mod\u00e8le fix\u00e9 par l\u2019administration, attestant la r\u00e9alit\u00e9 des dons et versements.<\/p>\n\n\n\n<p><strong>Entr\u00e9e en vigueur<\/strong><\/p>\n\n\n\n<p>Cette nouvelle obligation est applicable aux dons et versements effectu\u00e9s \u00e0 compter du 1er janvier 2022.<\/p>\n\n\n\n<p><strong>Sanctions<\/strong><\/p>\n\n\n\n<p>La proc\u00e9dure de suspension du b\u00e9n\u00e9fice des avantages fiscaux pour les dons effectu\u00e9s au profit de certains OSBL instaur\u00e9e par la loi du 24 ao\u00fbt 2021, vise \u00e0 supprimer toute possibilit\u00e9 de financement des organismes ayant fait l\u2019objet d\u2019une condamnation p\u00e9nale d\u00e9finitive ou dont les comptes r\u00e9v\u00e8lent une absence de conformit\u00e9 entre les objectifs poursuivis et les d\u00e9penses engag\u00e9es.<\/p>\n\n\n\n<p>Lorsqu\u2019un organisme b\u00e9n\u00e9ficiant de dons, soumis au contr\u00f4le de la Cour des comptes, est d\u00e9finitivement condamn\u00e9 pour abus de confiance ou escroquerie, les dons, legs et versements effectu\u00e9s \u00e0 son profit ne peuvent plus, \u00e0 compter du quinzi\u00e8me jour qui suit la condamnation, ouvrir droit \u00e0 l\u2019avenir au b\u00e9n\u00e9fice d\u2019un avantage fiscal.<\/p>\n\n\n\n<p>L\u2019article 20 de la loi du 24 ao\u00fbt 2021 \u00e9largit la liste des infractions pour lesquelles un organisme d\u00e9finitivement condamn\u00e9 peut temporairement perdre son \u00e9ligibilit\u00e9 aux r\u00e9ductions d\u2019imp\u00f4ts li\u00e9es aux dons qui lui sont consentis par des contribuables en y int\u00e9grant les actes de terrorisme<a><sup>[54]<\/sup><\/a>, le blanchiment d\u2019argent<a><sup>[55]<\/sup><\/a>, le recel<a><sup>[56]<\/sup><\/a>, l\u2019usage de menaces, de violences ou de tout autre acte d\u2019intimidation \u00e0 l\u2019\u00e9gard d\u2019un agent public ou de toute autre personne charg\u00e9e d\u2019une mission de service public<a><sup>[57]<\/sup><\/a>, ainsi que l\u2019atteinte \u00e0 la vie d\u2019autrui par la diffusion d\u2019informations relatives \u00e0 la vie priv\u00e9e, familiale ou professionnelle<a><sup>[58]<\/sup><\/a>.<\/p>\n\n\n\n<p><strong>Colas Amblard, docteur en droit, avocat<\/strong><\/p>\n\n\n\n<p><strong>En savoir plus :<\/strong><\/p>\n\n\n\n<p><a rel=\"noreferrer noopener\" href=\"https:\/\/institut-isbl.fr\/wp-content\/uploads\/sites\/3\/2022\/10\/19_23_article_dossier.pdf\" target=\"_blank\"><strong>Article : \u00ab&nbsp;\u00c9volution du dispositif et renforcement du contr\u00f4le administratif&nbsp;\u00bb,&nbsp;<\/strong><\/a><strong><a rel=\"noreferrer noopener\" href=\"https:\/\/institut-isbl.fr\/wp-content\/uploads\/sites\/3\/2022\/10\/19_23_article_dossier.pdf\" target=\"_blank\">extrait du dossier \u00ab&nbsp;Financement priv\u00e9 \u2013 Op\u00e9ration m\u00e9c\u00e9nat&nbsp;\u00bb<\/a>,&nbsp;paru aux \u00e9ditions Juris Associations Dalloz, n\u00b0664 du 15 septembre 2022<\/strong><\/p>\n\n\n\n<p><\/p>\n\n\n\n<p>Notes : <\/p>\n\n\n\n<figure class=\"wp-block-table\"><table><tbody><tr><th scope=\"row\"><a>\u21911<\/a><\/th><td>L. n\u00b0 2021-1109 du 24 ao\u00fbt 2021, JO du 25, dossier \u00ab Principes r\u00e9publicains \u2013 Gar(d)e \u00e0 vous ! \u00bb, JA 2022, n\u00b0 653, p. 15.<\/td><\/tr><tr><th scope=\"row\"><a>\u21912<\/a><\/th><td>L. n\u00b0 2017-1837 du 30 d\u00e9c. 2017, art. 31.<\/td><\/tr><tr><th scope=\"row\"><a>\u21913<\/a><\/th><td>L. n\u00b0 2019-1479 du 28 d\u00e9c. 2019, art. 134.<\/td><\/tr><tr><th scope=\"row\"><a>\u21914<\/a><\/th><td>R. Honor\u00e9, E. Lefebvre, \u00ab Nous voulons un cadre plus clair pour le m\u00e9c\u00e9nat \u00bb, interview de G. Attal, Les\u00c9chos.fr, 29 ao\u00fbt 2019.<\/td><\/tr><tr><th scope=\"row\"><a>\u21915<\/a><\/th><td>CGI, art. 965.<\/td><\/tr><tr><th scope=\"row\"><a>\u21916<\/a><\/th><td>CGI, art. 978.<\/td><\/tr><tr><th scope=\"row\"><a>\u21917<\/a><\/th><td>C. comptes, \u00ab Le soutien public au m\u00e9c\u00e9natdes entreprises \u2013 Un dispositif \u00e0 mieux encadrer \u00bb, nov. 2018, JA 2018, n\u00b0 590, p. 6, obs. R. Fievet ; JA 2019, n\u00b0 592, p. 37, \u00e9tude W. Meynet.<\/td><\/tr><tr><th scope=\"row\"><a>\u21918<\/a><\/th><td>R. Lecadre, \u00ab Les fondations douteuses du tr\u00e8s cher mus\u00e9e de Bernard Arnault \u00bb, Lib\u00e9ration.fr, 29 nov. 2018.<\/td><\/tr><tr><th scope=\"row\"><a>\u21919<\/a><\/th><td>Admical, IFOP, \u00ab Le m\u00e9c\u00e9nat d\u2019entreprise en France \u00bb, nov. 2020, JA 2021, n\u00b0 631, p. 14.<\/td><\/tr><tr><th scope=\"row\"><a>\u219110<\/a><\/th><td>CGI, art. 238 bis, 3o.<\/td><\/tr><tr><th scope=\"row\"><a>\u219111<\/a><\/th><td>L. n\u00b0 2019-1479, pr\u00e9c., art. 134.<\/td><\/tr><tr><th scope=\"row\"><a>\u219112<\/a><\/th><td>CGI, art. 238 bis, 2 ; CGI, ann. III, art. 49 septies XC ; BOFiP-Imp\u00f4ts, BOI-BIC-RICI-20-30-20 du 3 f\u00e9vr. 2021, \u00a7 2.<\/td><\/tr><tr><th scope=\"row\"><a>\u219113<\/a><\/th><td>BOFiP-Imp\u00f4ts, BOI-BIC-RICI-20-30-20, pr\u00e9c., \u00a7 7.<\/td><\/tr><tr><th scope=\"row\"><a>\u219114<\/a><\/th><td>BOFiP-Imp\u00f4ts, BOI-BIC-RICI-20-30-10-20 du 3 f\u00e9vr. 2021, mis \u00e0 jour le 8 juin 2022.<\/td><\/tr><tr><th scope=\"row\"><a>\u219115,<\/a>&nbsp;<a>\u219131<\/a><\/th><td>Ibid., \u00a7 30.<\/td><\/tr><tr><th scope=\"row\"><a>\u219116<\/a><\/th><td>&nbsp;<a href=\"https:\/\/institut-isbl.fr\/wp-content\/uploads\/sites\/3\/2021\/03\/38_40_fiscal_mecenat_competences.pdf\" target=\"_blank\" rel=\"noreferrer noopener\">JA 2021, n\u00b0633, p. 40, \u00e9tude C. Amblard.<\/a><\/td><\/tr><tr><th scope=\"row\"><a>\u219117,<\/a>&nbsp;<a>\u219121<\/a><\/th><td>BOFiP-Imp\u00f4ts, BOI-BIC-RICI-20-30-10-20, pr\u00e9c., \u00a7 70<\/td><\/tr><tr><th scope=\"row\"><a>\u219118<\/a><\/th><td>Ibid.<\/td><\/tr><tr><th scope=\"row\"><a>\u219119<\/a><\/th><td>L.no 2019-1479, pr\u00e9c., art. 134, JA 2020, n\u00b0 611, p. 36, \u00e9tude R. Fievet.<\/td><\/tr><tr><th scope=\"row\"><a>\u219120<\/a><\/th><td>Arr. du 15 d\u00e9c. 2021, JO du 18, texte n\u00b0 122.<\/td><\/tr><tr><th scope=\"row\"><a>\u219122<\/a><\/th><td>Ibid., \u00a7 40.<\/td><\/tr><tr><th scope=\"row\"><a>\u219123<\/a><\/th><td>Ibid., \u00a7 1.<\/td><\/tr><tr><th scope=\"row\"><a>\u219124<\/a><\/th><td>Ibid., \u00a7 160.<\/td><\/tr><tr><th scope=\"row\"><a>\u219125<\/a><\/th><td>Ibid., \u00a7 130.<\/td><\/tr><tr><th scope=\"row\"><a>\u219126<\/a><\/th><td>v. JA 2020, n\u00b0 624, p. 50.<\/td><\/tr><tr><th scope=\"row\"><a>\u219127<\/a><\/th><td>BOFiP-Imp\u00f4ts, BOI-BIC-RICI-20-30-10-20, pr\u00e9c. Dossier<\/td><\/tr><tr><th scope=\"row\"><a>\u219128<\/a><\/th><td>Le formulaire \u00ab Re\u00e7u des dons et versements effectu\u00e9s par les entreprises au titre de l\u2019article 238 bis du code g\u00e9n\u00e9ral des imp\u00f4ts \u00bb (formulaire n\u00b0 2041-MEC-SD, Cerfa n\u00b0 16216) est disponible sur le site www.impots.gouv.fr.<\/td><\/tr><tr><th scope=\"row\"><a>\u219129<\/a><\/th><td>CGI, art. 238 bis, 5 bis.<\/td><\/tr><tr><th scope=\"row\"><a>\u219130<\/a><\/th><td>BOFiP-Imp\u00f4ts, BOI-BIC-RICI-20-30-10-20, pr\u00e9c., \u00a7 20.<\/td><\/tr><tr><th scope=\"row\"><a>\u219132<\/a><\/th><td>L\u2019organisme b\u00e9n\u00e9ficiaire devra cependant s\u2019assurer que la p\u00e9riode sur laquelle porte le re\u00e7u fiscal n\u2019est pas \u00e0 cheval sur deux exercices fiscaux diff\u00e9rents de l\u2019entreprise donatrice, notamment dans le cas o\u00f9 l\u2019exercice fiscal de l\u2019entreprise donatrice ne co\u00efncide pas avec l\u2019ann\u00e9e civile.<\/td><\/tr><tr><th scope=\"row\"><a>\u219133<\/a><\/th><td>BOFiP-Imp\u00f4ts, BOI-BIC-RICI-20-30-10-10 du 8 juin 2022, \u00a7 210.<\/td><\/tr><tr><th scope=\"row\"><a>\u219134<\/a><\/th><td>L\u2019organisme devra donc indiquer sur le ou les re\u00e7us fiscaux la nature des biens donn\u00e9s et accept\u00e9s (pommes de terre, p\u00e2tes, etc.), leur quantit\u00e9 ainsi que leur valorisation globale<\/td><\/tr><tr><th scope=\"row\"><a>\u219135<\/a><\/th><td>BOFiP-Imp\u00f4ts, BOI-BIC-RICI-20-30-10-10, pr\u00e9c., \u00a7 210.<\/td><\/tr><tr><th scope=\"row\"><a>\u219136<\/a><\/th><td>BOFiP-Imp\u00f4ts, BOI-BIC-RICI-20-30- 10-15 du 7 avr. 2021, \u00a7 170 et 620.<\/td><\/tr><tr><th scope=\"row\"><a>\u219137<\/a><\/th><td>CGI, art. 1740 A.<\/td><\/tr><tr><th scope=\"row\"><a>\u219138<\/a><\/th><td>L. n\u00b0 2021-1109, pr\u00e9c.<\/td><\/tr><tr><th scope=\"row\"><a>\u219139<\/a><\/th><td>CGI, art. 222 bis.<\/td><\/tr><tr><th scope=\"row\"><a>\u219140<\/a><\/th><td>LPF, art. L. 14 A<\/td><\/tr><tr><th scope=\"row\"><a>\u219141<\/a><\/th><td>CGI, art. 200<\/td><\/tr><tr><th scope=\"row\"><a>\u219142<\/a><\/th><td>CGI, art. 238 bis.<\/td><\/tr><tr><th scope=\"row\"><a>\u219143<\/a><\/th><td>CGI, art. 885-0 v bis.<\/td><\/tr><tr><th scope=\"row\"><a>\u219144<\/a><\/th><td>CGI, art. 978<\/td><\/tr><tr><th scope=\"row\"><a>\u219145<\/a><\/th><td>LPF, art. L. 14 B, nouv.<\/td><\/tr><tr><th scope=\"row\"><a>\u219146<\/a><\/th><td>LPF, art. L. 14 B, I, nouv.<\/td><\/tr><tr><th scope=\"row\"><a>\u219147<\/a><\/th><td>LPF, art. L. 14 B, II, nouv.<\/td><\/tr><tr><th scope=\"row\"><a>\u219148<\/a><\/th><td>LPF, art. L. 14 B, III, nouv.<\/td><\/tr><tr><th scope=\"row\"><a>\u219149<\/a><\/th><td>LPF, art. L. 14 B, II, nouv., al. 1er.<\/td><\/tr><tr><th scope=\"row\"><a>\u219150<\/a><\/th><td>LPF, art. L. 14 B, II, nouv., al. 2.<\/td><\/tr><tr><th scope=\"row\"><a>\u219151<\/a><\/th><td>CGI, art. 1729 B, 1.<\/td><\/tr><tr><th scope=\"row\"><a>\u219152<\/a><\/th><td>CGI, art. 1729 B, 1, al. 2, mod. ; L. n\u00b0 2021-1109, pr\u00e9c., art. 19, I, 3o.<\/td><\/tr><tr><th scope=\"row\"><a>\u219153<\/a><\/th><td>CGI, art. 238 bis, 5 bis, nouv. ; L. n\u00b0 2021-1109, pr\u00e9c., art. 19, I, 2o.<\/td><\/tr><tr><th scope=\"row\"><a>\u219154<\/a><\/th><td>C. p\u00e9n., art. 421-1 \u00e0 421-2-6.<\/td><\/tr><tr><th scope=\"row\"><a>\u219155<\/a><\/th><td>C. p\u00e9n., art. 324-1.<\/td><\/tr><tr><th scope=\"row\"><a>\u219156<\/a><\/th><td>C. p\u00e9n., art. 321-1.<\/td><\/tr><tr><th scope=\"row\"><a>\u219157<\/a><\/th><td>C. p\u00e9n., art. 433-3-1.<\/td><\/tr><tr><th scope=\"row\"><a>\u219158<\/a><\/th><td>C. p\u00e9n., art. 223-1-1 ; CGI, art. 1378 octies, II, mod. par L. n\u00b0 2021-1109, pr\u00e9c., art. 20.<\/td><\/tr><\/tbody><\/table><\/figure>\n\n\n<ul class=\"wp-block-latest-posts__list has-dates wp-block-latest-posts\"><li><a class=\"wp-block-latest-posts__post-title\" href=\"https:\/\/www.npsconsulting-avocats.fr\/NPS\/podcast-money-largent-est-un-moyen-pas-une-fin\/\">Podcast Money : L\u2019argent est un moyen, pas une fin<\/a><time datetime=\"2026-04-23T12:58:29+02:00\" class=\"wp-block-latest-posts__post-date\">23 avril 2026<\/time><\/li>\n<li><a class=\"wp-block-latest-posts__post-title\" href=\"https:\/\/www.npsconsulting-avocats.fr\/NPS\/publication-du-rapport-nps-consulting-avocats-sur-le-regime-fiscal-des-ebe-dans-le-cadre-de-tzcl\/\">Publication du rapport national NPS CONSULTING AVOCATS sur le r\u00e9gime fiscal des EBE dans le cadre de TZCLD<\/a><time datetime=\"2026-04-11T13:14:01+02:00\" class=\"wp-block-latest-posts__post-date\">11 avril 2026<\/time><\/li>\n<li><a class=\"wp-block-latest-posts__post-title\" href=\"https:\/\/www.npsconsulting-avocats.fr\/NPS\/beneficiaires-effectifs-une-nouvelle-exigence-de-transparence-pour-les-organismes-sans-but-lucratif-et-un-signal-plus-large-pour-toute-less\/\">B\u00e9n\u00e9ficiaires effectifs : une nouvelle exigence de transparence pour les organismes sans but lucratif, et un signal plus large pour toute l\u2019ESS<\/a><time datetime=\"2026-03-31T10:26:18+02:00\" class=\"wp-block-latest-posts__post-date\">31 mars 2026<\/time><\/li>\n<li><a class=\"wp-block-latest-posts__post-title\" href=\"https:\/\/www.npsconsulting-avocats.fr\/NPS\/cooperations-entre-associations-un-enjeu-fiscal-structurant\/\">Coop\u00e9ration(s) entre associations : un enjeu fiscal structurant<\/a><time datetime=\"2026-03-22T13:42:04+02:00\" class=\"wp-block-latest-posts__post-date\">22 mars 2026<\/time><\/li>\n<li><a class=\"wp-block-latest-posts__post-title\" href=\"https:\/\/www.npsconsulting-avocats.fr\/NPS\/elections-municipales-2026-faire-des-centres-de-sante-associatifs-un-levier-operationnel-contre-les-deserts-medicaux\/\">\u00c9lections municipales 2026 : faire des centres de sant\u00e9 associatifs un levier op\u00e9rationnel contre les d\u00e9serts m\u00e9dicaux<\/a><time datetime=\"2026-03-11T14:25:49+02:00\" class=\"wp-block-latest-posts__post-date\">11 mars 2026<\/time><\/li>\n<li><a class=\"wp-block-latest-posts__post-title\" href=\"https:\/\/www.npsconsulting-avocats.fr\/NPS\/abonnement-nps-consulting-avocats-2025\/\">Abonnement NPS consulting avocats \u00ab\u00a0OSBL ET ENTREPRISES ESS\u00a0\u00bb 2026<\/a><time datetime=\"2026-03-11T12:00:02+02:00\" class=\"wp-block-latest-posts__post-date\">11 mars 2026<\/time><\/li>\n<li><a class=\"wp-block-latest-posts__post-title\" href=\"https:\/\/www.npsconsulting-avocats.fr\/NPS\/la-fusion-dassociations-methodologie-aspects-juridiques-et-fiscaux\/\">La fusion d\u2019associations : m\u00e9thodologie, aspects juridiques et fiscaux<\/a><time datetime=\"2026-03-10T16:50:47+02:00\" class=\"wp-block-latest-posts__post-date\">10 mars 2026<\/time><\/li>\n<li><a class=\"wp-block-latest-posts__post-title\" href=\"https:\/\/www.npsconsulting-avocats.fr\/NPS\/fonds-de-dotation-une-opportunite-strategique-pour-les-collectivites-territoriales-2\/\">Fonds de dotation : une opportunit\u00e9 strat\u00e9gique pour les collectivit\u00e9s territoriales<\/a><time datetime=\"2026-02-20T14:18:15+02:00\" class=\"wp-block-latest-posts__post-date\">20 f\u00e9vrier 2026<\/time><\/li>\n<li><a class=\"wp-block-latest-posts__post-title\" href=\"https:\/\/www.npsconsulting-avocats.fr\/NPS\/fonds-de-dotation-la-zone-grise-des-avantages-fiscaux\/\">Fonds de dotation : la zone grise des avantages fiscaux<\/a><time datetime=\"2025-10-14T13:11:44+02:00\" class=\"wp-block-latest-posts__post-date\">14 octobre 2025<\/time><\/li>\n<li><a class=\"wp-block-latest-posts__post-title\" href=\"https:\/\/www.npsconsulting-avocats.fr\/NPS\/presider-une-association-la-vigilance-est-de-mise\/\">Pr\u00e9sider une association : la vigilance est de mise<\/a><time datetime=\"2025-02-14T07:38:03+02:00\" class=\"wp-block-latest-posts__post-date\">14 f\u00e9vrier 2025<\/time><\/li>\n<\/ul>\n\n\n<div class=\"wp-block-group has-small-font-size is-layout-flow wp-block-group-is-layout-flow\"><p class=\"wp-block-tag-cloud\"><a href=\"https:\/\/www.npsconsulting-avocats.fr\/NPS\/tag\/association\/\" class=\"tag-cloud-link tag-link-10 tag-link-position-1\" style=\"font-size: 9pt;\" aria-label=\"association (121 \u00e9l\u00e9ments)\">association<\/a>\n<a href=\"https:\/\/www.npsconsulting-avocats.fr\/NPS\/tag\/association-et-avocat\/\" class=\"tag-cloud-link tag-link-259 tag-link-position-2\" style=\"font-size: 8.4838709677419pt;\" aria-label=\"association et avocat (27 \u00e9l\u00e9ments)\">association et avocat<\/a>\n<a href=\"https:\/\/www.npsconsulting-avocats.fr\/NPS\/tag\/associations\/\" class=\"tag-cloud-link tag-link-52 tag-link-position-3\" style=\"font-size: 8.3951612903226pt;\" aria-label=\"associations (21 \u00e9l\u00e9ments)\">associations<\/a>\n<a href=\"https:\/\/www.npsconsulting-avocats.fr\/NPS\/tag\/avocat\/\" class=\"tag-cloud-link tag-link-9 tag-link-position-4\" style=\"font-size: 8.5967741935484pt;\" aria-label=\"avocat (38 \u00e9l\u00e9ments)\">avocat<\/a>\n<a href=\"https:\/\/www.npsconsulting-avocats.fr\/NPS\/tag\/avocat-en-droit-des-associations\/\" class=\"tag-cloud-link tag-link-313 tag-link-position-5\" style=\"font-size: 8.8306451612903pt;\" aria-label=\"Avocat en droit des associations (74 \u00e9l\u00e9ments)\">Avocat en droit des associations<\/a>\n<a href=\"https:\/\/www.npsconsulting-avocats.fr\/NPS\/tag\/avocat-et-association\/\" class=\"tag-cloud-link tag-link-271 tag-link-position-6\" style=\"font-size: 8.3306451612903pt;\" aria-label=\"Avocat et association (17 \u00e9l\u00e9ments)\">Avocat et association<\/a>\n<a href=\"https:\/\/www.npsconsulting-avocats.fr\/NPS\/tag\/avocat-et-associations\/\" class=\"tag-cloud-link tag-link-185 tag-link-position-7\" style=\"font-size: 8.1209677419355pt;\" aria-label=\"avocat et associations (9 \u00e9l\u00e9ments)\">avocat et associations<\/a>\n<a href=\"https:\/\/www.npsconsulting-avocats.fr\/NPS\/tag\/avocat-et-droit-des-associations\/\" class=\"tag-cloud-link tag-link-171 tag-link-position-8\" style=\"font-size: 8.4274193548387pt;\" aria-label=\"Avocat et droit des associations (23 \u00e9l\u00e9ments)\">Avocat et droit des associations<\/a>\n<a href=\"https:\/\/www.npsconsulting-avocats.fr\/NPS\/tag\/avocat-et-fonds-de-dotation\/\" class=\"tag-cloud-link tag-link-146 tag-link-position-9\" style=\"font-size: 8.2822580645161pt;\" aria-label=\"Avocat et fonds de dotation (15 \u00e9l\u00e9ments)\">Avocat et fonds de dotation<\/a>\n<a href=\"https:\/\/www.npsconsulting-avocats.fr\/NPS\/tag\/avocat-specialise-dans-le-secteur-associatif\/\" class=\"tag-cloud-link tag-link-137 tag-link-position-10\" style=\"font-size: 8.4838709677419pt;\" aria-label=\"Avocat sp\u00e9cialis\u00e9 dans le secteur associatif (27 \u00e9l\u00e9ments)\">Avocat sp\u00e9cialis\u00e9 dans le secteur associatif<\/a>\n<a href=\"https:\/\/www.npsconsulting-avocats.fr\/NPS\/tag\/avocat-specialise-en-droit-du-sport\/\" class=\"tag-cloud-link tag-link-47 tag-link-position-11\" style=\"font-size: 8.2096774193548pt;\" aria-label=\"avocat sp\u00e9cialis\u00e9 en droit du sport (12 \u00e9l\u00e9ments)\">avocat sp\u00e9cialis\u00e9 en droit du sport<\/a>\n<a href=\"https:\/\/www.npsconsulting-avocats.fr\/NPS\/tag\/benoit-hamon\/\" class=\"tag-cloud-link tag-link-22 tag-link-position-12\" style=\"font-size: 8.1532258064516pt;\" aria-label=\"Beno\u00eet Hamon (10 \u00e9l\u00e9ments)\">Beno\u00eet Hamon<\/a>\n<a href=\"https:\/\/www.npsconsulting-avocats.fr\/NPS\/tag\/colas-amblard\/\" class=\"tag-cloud-link tag-link-43 tag-link-position-13\" style=\"font-size: 8.8709677419355pt;\" aria-label=\"Colas AMBLARD (84 \u00e9l\u00e9ments)\">Colas AMBLARD<\/a>\n<a href=\"https:\/\/www.npsconsulting-avocats.fr\/NPS\/tag\/counsel\/\" class=\"tag-cloud-link tag-link-16 tag-link-position-14\" style=\"font-size: 8.1209677419355pt;\" aria-label=\"counsel (9 \u00e9l\u00e9ments)\">counsel<\/a>\n<a href=\"https:\/\/www.npsconsulting-avocats.fr\/NPS\/tag\/dalloz\/\" class=\"tag-cloud-link tag-link-161 tag-link-position-15\" style=\"font-size: 8.1532258064516pt;\" aria-label=\"Dalloz (10 \u00e9l\u00e9ments)\">Dalloz<\/a>\n<a href=\"https:\/\/www.npsconsulting-avocats.fr\/NPS\/tag\/droit-des-associations\/\" class=\"tag-cloud-link tag-link-138 tag-link-position-16\" style=\"font-size: 8.9677419354839pt;\" aria-label=\"Droit des associations (110 \u00e9l\u00e9ments)\">Droit des associations<\/a>\n<a href=\"https:\/\/www.npsconsulting-avocats.fr\/NPS\/tag\/droit-des-fondations\/\" class=\"tag-cloud-link tag-link-139 tag-link-position-17\" style=\"font-size: 8.8225806451613pt;\" aria-label=\"Droit des fondations (73 \u00e9l\u00e9ments)\">Droit des fondations<\/a>\n<a href=\"https:\/\/www.npsconsulting-avocats.fr\/NPS\/tag\/droit-des-fonds-de-dotation\/\" class=\"tag-cloud-link tag-link-140 tag-link-position-18\" style=\"font-size: 8.8306451612903pt;\" aria-label=\"Droit des fonds de dotation (75 \u00e9l\u00e9ments)\">Droit des fonds de dotation<\/a>\n<a href=\"https:\/\/www.npsconsulting-avocats.fr\/NPS\/tag\/droit-du-sport\/\" class=\"tag-cloud-link tag-link-17 tag-link-position-19\" style=\"font-size: 8.0403225806452pt;\" aria-label=\"droit du sport (7 \u00e9l\u00e9ments)\">droit du sport<\/a>\n<a href=\"https:\/\/www.npsconsulting-avocats.fr\/NPS\/tag\/entreprise-associative\/\" class=\"tag-cloud-link tag-link-130 tag-link-position-20\" style=\"font-size: 8.1854838709677pt;\" aria-label=\"Entreprise associative (11 \u00e9l\u00e9ments)\">Entreprise associative<\/a>\n<a href=\"https:\/\/www.npsconsulting-avocats.fr\/NPS\/tag\/ess\/\" class=\"tag-cloud-link tag-link-235 tag-link-position-21\" style=\"font-size: 8.4677419354839pt;\" aria-label=\"ESS (26 \u00e9l\u00e9ments)\">ESS<\/a>\n<a href=\"https:\/\/www.npsconsulting-avocats.fr\/NPS\/tag\/fiscalite-des-associations\/\" class=\"tag-cloud-link tag-link-126 tag-link-position-22\" style=\"font-size: 8.8951612903226pt;\" aria-label=\"Fiscalit\u00e9 des associations (90 \u00e9l\u00e9ments)\">Fiscalit\u00e9 des associations<\/a>\n<a href=\"https:\/\/www.npsconsulting-avocats.fr\/NPS\/tag\/fondation\/\" class=\"tag-cloud-link tag-link-78 tag-link-position-23\" style=\"font-size: 8.3951612903226pt;\" aria-label=\"fondation (21 \u00e9l\u00e9ments)\">fondation<\/a>\n<a href=\"https:\/\/www.npsconsulting-avocats.fr\/NPS\/tag\/fonds-de-dotation\/\" class=\"tag-cloud-link tag-link-79 tag-link-position-24\" style=\"font-size: 8.6209677419355pt;\" aria-label=\"fonds de dotation (41 \u00e9l\u00e9ments)\">fonds de dotation<\/a>\n<a href=\"https:\/\/www.npsconsulting-avocats.fr\/NPS\/tag\/fusion\/\" class=\"tag-cloud-link tag-link-13 tag-link-position-25\" style=\"font-size: 8.3064516129032pt;\" aria-label=\"fusion (16 \u00e9l\u00e9ments)\">fusion<\/a>\n<a href=\"https:\/\/www.npsconsulting-avocats.fr\/NPS\/tag\/fusion-dassociations\/\" class=\"tag-cloud-link tag-link-114 tag-link-position-26\" style=\"font-size: 8.3064516129032pt;\" aria-label=\"fusion d&#039;associations (16 \u00e9l\u00e9ments)\">fusion d&#039;associations<\/a>\n<a href=\"https:\/\/www.npsconsulting-avocats.fr\/NPS\/tag\/fusion-entre-associations\/\" class=\"tag-cloud-link tag-link-241 tag-link-position-27\" style=\"font-size: 8.0806451612903pt;\" aria-label=\"fusion entre associations (8 \u00e9l\u00e9ments)\">fusion entre associations<\/a>\n<a href=\"https:\/\/www.npsconsulting-avocats.fr\/NPS\/tag\/interet-general\/\" class=\"tag-cloud-link tag-link-35 tag-link-position-28\" style=\"font-size: 8.5725806451613pt;\" aria-label=\"Int\u00e9r\u00eat g\u00e9n\u00e9ral (35 \u00e9l\u00e9ments)\">Int\u00e9r\u00eat g\u00e9n\u00e9ral<\/a>\n<a href=\"https:\/\/www.npsconsulting-avocats.fr\/NPS\/tag\/isbl\/\" class=\"tag-cloud-link tag-link-42 tag-link-position-29\" style=\"font-size: 8.3467741935484pt;\" aria-label=\"ISBL (18 \u00e9l\u00e9ments)\">ISBL<\/a>\n<a href=\"https:\/\/www.npsconsulting-avocats.fr\/NPS\/tag\/isbl-consultants\/\" class=\"tag-cloud-link tag-link-77 tag-link-position-30\" style=\"font-size: 8.6129032258065pt;\" aria-label=\"ISBL CONSULTANTS (40 \u00e9l\u00e9ments)\">ISBL CONSULTANTS<\/a>\n<a href=\"https:\/\/www.npsconsulting-avocats.fr\/NPS\/tag\/juris-associations\/\" class=\"tag-cloud-link tag-link-160 tag-link-position-31\" style=\"font-size: 8.4274193548387pt;\" aria-label=\"Juris-Associations (23 \u00e9l\u00e9ments)\">Juris-Associations<\/a>\n<a href=\"https:\/\/www.npsconsulting-avocats.fr\/NPS\/tag\/lawyers\/\" class=\"tag-cloud-link tag-link-5 tag-link-position-32\" style=\"font-size: 8.1209677419355pt;\" aria-label=\"Lawyers (9 \u00e9l\u00e9ments)\">Lawyers<\/a>\n<a href=\"https:\/\/www.npsconsulting-avocats.fr\/NPS\/tag\/loi-deconomie-sociale-et-solidaire\/\" class=\"tag-cloud-link tag-link-121 tag-link-position-33\" style=\"font-size: 8.4516129032258pt;\" aria-label=\"Loi d&#039;Economie sociale et solidaire (25 \u00e9l\u00e9ments)\">Loi d&#039;Economie sociale et solidaire<\/a>\n<a href=\"https:\/\/www.npsconsulting-avocats.fr\/NPS\/tag\/loi-dess\/\" class=\"tag-cloud-link tag-link-21 tag-link-position-34\" style=\"font-size: 8.2822580645161pt;\" aria-label=\"loi d&#039;ESS (15 \u00e9l\u00e9ments)\">loi d&#039;ESS<\/a>\n<a href=\"https:\/\/www.npsconsulting-avocats.fr\/NPS\/tag\/mecenat\/\" class=\"tag-cloud-link tag-link-49 tag-link-position-35\" style=\"font-size: 8.6209677419355pt;\" aria-label=\"m\u00e9c\u00e9nat (41 \u00e9l\u00e9ments)\">m\u00e9c\u00e9nat<\/a>\n<a href=\"https:\/\/www.npsconsulting-avocats.fr\/NPS\/tag\/mecenat-sportif\/\" class=\"tag-cloud-link tag-link-18 tag-link-position-36\" style=\"font-size: 8pt;\" aria-label=\"m\u00e9c\u00e9nat sportif (6 \u00e9l\u00e9ments)\">m\u00e9c\u00e9nat sportif<\/a>\n<a href=\"https:\/\/www.npsconsulting-avocats.fr\/NPS\/tag\/nonprofit-sector\/\" class=\"tag-cloud-link tag-link-6 tag-link-position-37\" style=\"font-size: 8.4112903225806pt;\" aria-label=\"nonprofit sector (22 \u00e9l\u00e9ments)\">nonprofit sector<\/a>\n<a href=\"https:\/\/www.npsconsulting-avocats.fr\/NPS\/tag\/nps-consulting\/\" class=\"tag-cloud-link tag-link-76 tag-link-position-38\" style=\"font-size: 8.6612903225806pt;\" aria-label=\"NPS CONSULTING (46 \u00e9l\u00e9ments)\">NPS CONSULTING<\/a>\n<a href=\"https:\/\/www.npsconsulting-avocats.fr\/NPS\/tag\/organisme-sans-but-lucratif\/\" class=\"tag-cloud-link tag-link-14 tag-link-position-39\" style=\"font-size: 8.5806451612903pt;\" aria-label=\"organisme sans but lucratif (36 \u00e9l\u00e9ments)\">organisme sans but lucratif<\/a>\n<a href=\"https:\/\/www.npsconsulting-avocats.fr\/NPS\/tag\/restructuration\/\" class=\"tag-cloud-link tag-link-11 tag-link-position-40\" style=\"font-size: 8.3306451612903pt;\" aria-label=\"restructuration (17 \u00e9l\u00e9ments)\">restructuration<\/a>\n<a href=\"https:\/\/www.npsconsulting-avocats.fr\/NPS\/tag\/restructuring\/\" class=\"tag-cloud-link tag-link-8 tag-link-position-41\" style=\"font-size: 8pt;\" aria-label=\"restructuring (6 \u00e9l\u00e9ments)\">restructuring<\/a>\n<a href=\"https:\/\/www.npsconsulting-avocats.fr\/NPS\/tag\/sponsoring\/\" class=\"tag-cloud-link tag-link-20 tag-link-position-42\" style=\"font-size: 8.1532258064516pt;\" aria-label=\"sponsoring (10 \u00e9l\u00e9ments)\">sponsoring<\/a>\n<a href=\"https:\/\/www.npsconsulting-avocats.fr\/NPS\/tag\/utilite-sociale\/\" class=\"tag-cloud-link tag-link-37 tag-link-position-43\" style=\"font-size: 8.1532258064516pt;\" aria-label=\"utilit\u00e9 sociale (10 \u00e9l\u00e9ments)\">utilit\u00e9 sociale<\/a>\n<a href=\"https:\/\/www.npsconsulting-avocats.fr\/NPS\/tag\/www-isbl-consultants-fr\/\" class=\"tag-cloud-link tag-link-107 tag-link-position-44\" style=\"font-size: 8.4112903225806pt;\" aria-label=\"www.isbl-consultants.fr (22 \u00e9l\u00e9ments)\">www.isbl-consultants.fr<\/a>\n<a href=\"https:\/\/www.npsconsulting-avocats.fr\/NPS\/tag\/economie-sociale-et-solidaire\/\" class=\"tag-cloud-link tag-link-15 tag-link-position-45\" style=\"font-size: 8.7177419354839pt;\" aria-label=\"\u00e9conomie sociale et solidaire (54 \u00e9l\u00e9ments)\">\u00e9conomie sociale et solidaire<\/a><\/p><\/div>\n","protected":false},"excerpt":{"rendered":"<p>S\u2019il est un domaine o\u00f9 le gouvernement Macron a \u00e9t\u00e9 particuli\u00e8rement actif, c\u2019est bien celui du m\u00e9c\u00e9nat. En effet, lors du premier quinquennat, nombreuses ont \u00e9t\u00e9 les r\u00e9formes apport\u00e9es \u00e0 ce dispositif. La derni\u00e8re en date d\u00e9coule de la loi du 24 ao\u00fbt 2021 confortant le respect des principes de la R\u00e9publique[1]. Revue de d\u00e9tail. [&hellip;]<\/p>\n","protected":false},"author":2,"featured_media":0,"comment_status":"closed","ping_status":"closed","sticky":false,"template":"","format":"standard","meta":{"site-sidebar-layout":"default","site-content-layout":"","ast-site-content-layout":"default","site-content-style":"default","site-sidebar-style":"default","ast-global-header-display":"","ast-banner-title-visibility":"","ast-main-header-display":"","ast-hfb-above-header-display":"","ast-hfb-below-header-display":"","ast-hfb-mobile-header-display":"","site-post-title":"","ast-breadcrumbs-content":"","ast-featured-img":"","footer-sml-layout":"","ast-disable-related-posts":"","theme-transparent-header-meta":"","adv-header-id-meta":"","stick-header-meta":"","header-above-stick-meta":"","header-main-stick-meta":"","header-below-stick-meta":"","astra-migrate-meta-layouts":"default","ast-page-background-enabled":"default","ast-page-background-meta":{"desktop":{"background-color":"var(--ast-global-color-4)","background-image":"","background-repeat":"repeat","background-position":"center center","background-size":"auto","background-attachment":"scroll","background-type":"","background-media":"","overlay-type":"","overlay-color":"","overlay-opacity":"","overlay-gradient":""},"tablet":{"background-color":"","background-image":"","background-repeat":"repeat","background-position":"center center","background-size":"auto","background-attachment":"scroll","background-type":"","background-media":"","overlay-type":"","overlay-color":"","overlay-opacity":"","overlay-gradient":""},"mobile":{"background-color":"","background-image":"","background-repeat":"repeat","background-position":"center center","background-size":"auto","background-attachment":"scroll","background-type":"","background-media":"","overlay-type":"","overlay-color":"","overlay-opacity":"","overlay-gradient":""}},"ast-content-background-meta":{"desktop":{"background-color":"var(--ast-global-color-5)","background-image":"","background-repeat":"repeat","background-position":"center center","background-size":"auto","background-attachment":"scroll","background-type":"","background-media":"","overlay-type":"","overlay-color":"","overlay-opacity":"","overlay-gradient":""},"tablet":{"background-color":"var(--ast-global-color-5)","background-image":"","background-repeat":"repeat","background-position":"center center","background-size":"auto","background-attachment":"scroll","background-type":"","background-media":"","overlay-type":"","overlay-color":"","overlay-opacity":"","overlay-gradient":""},"mobile":{"background-color":"var(--ast-global-color-5)","background-image":"","background-repeat":"repeat","background-position":"center center","background-size":"auto","background-attachment":"scroll","background-type":"","background-media":"","overlay-type":"","overlay-color":"","overlay-opacity":"","overlay-gradient":""}},"footnotes":""},"categories":[1],"tags":[],"class_list":["post-3008","post","type-post","status-publish","format-standard","hentry","category-non-classe"],"_links":{"self":[{"href":"https:\/\/www.npsconsulting-avocats.fr\/NPS\/wp-json\/wp\/v2\/posts\/3008","targetHints":{"allow":["GET"]}}],"collection":[{"href":"https:\/\/www.npsconsulting-avocats.fr\/NPS\/wp-json\/wp\/v2\/posts"}],"about":[{"href":"https:\/\/www.npsconsulting-avocats.fr\/NPS\/wp-json\/wp\/v2\/types\/post"}],"author":[{"embeddable":true,"href":"https:\/\/www.npsconsulting-avocats.fr\/NPS\/wp-json\/wp\/v2\/users\/2"}],"replies":[{"embeddable":true,"href":"https:\/\/www.npsconsulting-avocats.fr\/NPS\/wp-json\/wp\/v2\/comments?post=3008"}],"version-history":[{"count":1,"href":"https:\/\/www.npsconsulting-avocats.fr\/NPS\/wp-json\/wp\/v2\/posts\/3008\/revisions"}],"predecessor-version":[{"id":3096,"href":"https:\/\/www.npsconsulting-avocats.fr\/NPS\/wp-json\/wp\/v2\/posts\/3008\/revisions\/3096"}],"wp:attachment":[{"href":"https:\/\/www.npsconsulting-avocats.fr\/NPS\/wp-json\/wp\/v2\/media?parent=3008"}],"wp:term":[{"taxonomy":"category","embeddable":true,"href":"https:\/\/www.npsconsulting-avocats.fr\/NPS\/wp-json\/wp\/v2\/categories?post=3008"},{"taxonomy":"post_tag","embeddable":true,"href":"https:\/\/www.npsconsulting-avocats.fr\/NPS\/wp-json\/wp\/v2\/tags?post=3008"}],"curies":[{"name":"wp","href":"https:\/\/api.w.org\/{rel}","templated":true}]}}