{"id":2936,"date":"2022-07-01T09:01:51","date_gmt":"2022-07-01T07:01:51","guid":{"rendered":"https:\/\/www.npsconsulting-avocats.fr\/NPS\/?p=2936"},"modified":"2022-07-19T17:19:27","modified_gmt":"2022-07-19T15:19:27","slug":"mecenat-dentreprise-recu-fiscal-conforme-au-modele-fixe-par-ladministration","status":"publish","type":"post","link":"https:\/\/www.npsconsulting-avocats.fr\/NPS\/mecenat-dentreprise-recu-fiscal-conforme-au-modele-fixe-par-ladministration\/","title":{"rendered":"M\u00e9c\u00e9nat d\u2019entreprise : re\u00e7u fiscal conforme au mod\u00e8le fix\u00e9 par l\u2019administration"},"content":{"rendered":"<section class=\"container-wrap main-title alternate-color border-bottom breadcrumbs-container\">\n<div class=\"container\">\n<div class=\"article-meta\"><strong>Dans un\u00a0<a href=\"https:\/\/institut-isbl.fr\/dons-et-recus-nouvelle-obligation-declarative\/\" target=\"_blank\" rel=\"noopener\">pr\u00e9c\u00e9dent article<\/a>\u00a0nous avons expliqu\u00e9 que l\u2019article 19 de la loi confortant le respect des principes de la R\u00e9publique<span class=\"footnote_referrer\"><a tabindex=\"0\" role=\"button\"><sup id=\"footnote_plugin_tooltip_901105654_1_1\" class=\"footnote_plugin_tooltip_text\">[1]<\/sup><\/a><\/span>\u00a0impose\u00a0d\u00e9sormais\u00a0aux organismes b\u00e9n\u00e9ficiaires de dons, de faire une d\u00e9claration au titre desquels ils ont \u00e9mis des re\u00e7us fiscaux indiquant aux contribuables donateurs qu\u2019ils sont en droit de b\u00e9n\u00e9ficier des r\u00e9ductions d\u2019imp\u00f4t pr\u00e9vues par le r\u00e9gime de faveur du m\u00e9c\u00e9nat (<a href=\"https:\/\/www.legifrance.gouv.fr\/codes\/article_lc\/LEGIARTI000043971857\" target=\"_blank\" rel=\"noopener\">article 222 bis CGI<\/a>).<span class=\"footnote_referrer\"><a tabindex=\"0\" role=\"button\"><sup id=\"footnote_plugin_tooltip_901105654_1_2\" class=\"footnote_plugin_tooltip_text\">[2]<\/sup><\/a><\/span>.\u00a0<\/strong><strong>La doctrine fiscale, mise \u00e0 jour le 8 juin dernier, vient d\u2019apporter des\u00a0<\/strong><b>pr\u00e9cisions relatives au\u00a0m\u00e9c\u00e9nat d\u2019entreprise.<\/b><\/div>\n<\/div>\n<\/section>\n<section class=\"container-wrap main-color\">\n<div id=\"main-container\" class=\"container\">\n<div class=\"row\">\n<div class=\"template-page col-sm-12 tpl-no with-meta\">\n<div class=\"wrap-content\">\n<article id=\"post-901105654\" class=\"clearfix post-901105654 post type-post status-publish format-standard has-post-thumbnail hentry category-actualites-2 category-fondations-fonds-de-dotation-et-mecenat-actualites-2 tag-amblard tag-amende tag-cerfs-16216 tag-delivrance tag-don tag-mec-sd tag-mecenat-entreprise tag-pieces-declaratives tag-valorisation\">\n<div class=\"article-content print-only\">\n<div class=\"pf-content\">\n<p>&nbsp;<\/p>\n<p id=\"Conformement_aux_dispositio_053\" class=\"paragraphe-western\">Conform\u00e9ment aux dispositions du 5 bis de l\u2019<a title=\"article 238 bis du Code g\u00e9n\u00e9ral des imp\u00f4ts depuis le 01\/01\/2022\" href=\"https:\/\/www.legifrance.gouv.fr\/codes\/article_lc\/LEGIARTI000043984257\/2022-01-01\" rel=\"external\">article 238 bis du CGI<\/a>, \u00e0 compter du 1<sup>er<\/sup>\u00a0janvier 2022, le b\u00e9n\u00e9fice de la r\u00e9duction d\u2019imp\u00f4t est subordonn\u00e9 \u00e0 la condition que le contribuable soit en mesure de pr\u00e9senter, \u00e0 la demande de l\u2019administration fiscale, un re\u00e7u fiscal r\u00e9pondant \u00e0 un mod\u00e8le fix\u00e9 par l\u2019administration et attestant la r\u00e9alit\u00e9 des dons et versements.<\/p>\n<p id=\"La_delivrance_du_justificati_1\" class=\"paragraphe-western\">La\u00a0<strong>d\u00e9livrance<\/strong>\u00a0du re\u00e7u fiscal incombe \u00e0 l\u2019organisme b\u00e9n\u00e9ficiaire du don.<\/p>\n<p class=\"paragraphe-western\">En revanche, la responsabilit\u00e9 de la<strong>\u00a0valorisation<\/strong>\u00a0du don, lorsqu\u2019il s\u2019agit d\u2019un don en nature, incombe exclusivement \u00e0 l\u2019entreprise m\u00e9c\u00e8ne<span class=\"footnote_referrer\"><a tabindex=\"0\" role=\"button\"><sup id=\"footnote_plugin_tooltip_901105654_1_3\" class=\"footnote_plugin_tooltip_text\">[3]<\/sup><\/a> <\/span><\/p>\n<p id=\"Le_formulaire_\u00ab_Recu_au_titr_0114\" class=\"paragraphe-western\">Le\u00a0<strong>formulaire<\/strong>\u00a0\u00ab\u00a0<strong>Re\u00e7u des dons et versements effectu\u00e9s par les entreprises au titre de l\u2019article 238 bis du code g\u00e9n\u00e9ral des imp\u00f4ts<\/strong>\u00a0\u00bb,\u00a0<a href=\"https:\/\/www.impots.gouv.fr\/sites\/default\/files\/formulaires\/2041-mec-sd\/2022\/2041-mec-sd_3962.pdf\" target=\"_blank\" rel=\"noopener\"><strong>formulaire n\u00b0 2041-MEC-SD (CERFA n\u00b0 16216<\/strong>)<\/a>, est disponible sur le site www.impots.gouv.fr.<\/p>\n<p id=\"remarque_letabli_3326\" class=\"remarque-western\"><strong>Nota bene :<\/strong>\u00a0L\u2019\u00e9tablissement d\u2019un re\u00e7u fiscal ne dispense pas l\u2019entreprise donatrice de conserver l\u2019ensemble des pi\u00e8ces justificatives attestant la r\u00e9alit\u00e9 des dons consentis et permettant leur valorisation.<\/p>\n<ul>\n<li id=\"Lorsque_le_don_en_numeraire__0116\" class=\"paragraphe-western\">Lorsque le don en num\u00e9raire prend la forme d\u2019un\u00a0<strong>abandon de recettes<\/strong><span class=\"footnote_referrer\"><a tabindex=\"0\" role=\"button\"><sup id=\"footnote_plugin_tooltip_901105654_1_4\" class=\"footnote_plugin_tooltip_text\">[4]<\/sup><\/a><\/span>, l\u2019organisme b\u00e9n\u00e9ficiaire du don se fait communiquer par le client qui intervient en qualit\u00e9 d\u2019interm\u00e9diaire, l\u2019ensemble des renseignements n\u00e9cessaires \u00e0 l\u2019\u00e9tablissement du re\u00e7u fiscal mentionn\u00e9 supra.<\/li>\n<li id=\"Lorsque_l\u2019entreprise_effectu_1\" class=\"paragraphe-western\">Lorsque l\u2019entreprise effectue un\u00a0<strong>don en nature<\/strong>, le re\u00e7u fiscal d\u00e9livr\u00e9 par l\u2019organisme comporte, outre son identit\u00e9, celle de l\u2019entreprise donatrice et la (les) date(s) du don, la description exhaustive (nature et quantit\u00e9s) des biens et services re\u00e7us qu\u2019il a accept\u00e9s, le d\u00e9tail des salari\u00e9s mis \u00e0 disposition, ainsi que le montant de leur valorisation telle qu\u2019elle a \u00e9t\u00e9 d\u00e9termin\u00e9e par l\u2019entreprise<span class=\"footnote_referrer\"><a tabindex=\"0\" role=\"button\"><sup id=\"footnote_plugin_tooltip_901105654_1_5\" class=\"footnote_plugin_tooltip_text\">[5]<\/sup><\/a><\/span>. L\u2019organisme b\u00e9n\u00e9ficiaire ne pourra \u00e9mettre de re\u00e7u fiscal qu\u2019\u00e0 la condition que cette valorisation, \u00e9tablie sous la responsabilit\u00e9 de l\u2019entreprise donatrice, lui soit communiqu\u00e9e. \u00c0 d\u00e9faut, l\u2019entreprise ne pourra pas disposer du re\u00e7u requis ni, en cons\u00e9quence, b\u00e9n\u00e9ficier de la r\u00e9duction d\u2019imp\u00f4t.<\/li>\n<li id=\"Lorsque_l\u2019organisme_n\u2019accep_058\" class=\"paragraphe-western\">Lorsque l\u2019organisme b\u00e9n\u00e9ficiaire n\u2019accepte pas tout ou partie des dons en nature propos\u00e9s par une entreprise (par exemple, s\u2019agissant de dons de produits alimentaires, parce qu\u2019il n\u2019est pas en mesure d\u2019assurer la prise en charge et la distribution effective des produits au public b\u00e9n\u00e9ficiaire de son action), il ne peut d\u00e9livrer un re\u00e7u fiscal qu\u2019\u00e0 raison des seuls dons accept\u00e9s. Corr\u00e9lativement, l\u2019entreprise ne peut pas pr\u00e9tendre au b\u00e9n\u00e9fice de la r\u00e9duction d\u2019imp\u00f4t \u00e0 raison des dons en nature refus\u00e9s par l\u2019organisme.<\/li>\n<\/ul>\n<p class=\"paragraphe-western\">\u00c0 titre de simplification, l\u2019organisme b\u00e9n\u00e9ficiaire peut \u00e9tablir un re\u00e7u unique pour plusieurs dons ou versements effectu\u00e9s par une m\u00eame entreprise au cours d\u2019une p\u00e9riode donn\u00e9e (par exemple : un mois, un trimestre, un semestre, une ann\u00e9e civile ou l\u2019exercice fiscal de l\u2019entreprise donatrice s\u2019il ne co\u00efncide pas avec l\u2019ann\u00e9e civile), sous r\u00e9serve de fournir, au titre des dons en nature, une description exhaustive des biens et services re\u00e7us (nature et quantit\u00e9), le d\u00e9tail des salari\u00e9s mis \u00e0 disposition ainsi que leur valorisation globale<span class=\"footnote_referrer\"><a tabindex=\"0\" role=\"button\"><sup id=\"footnote_plugin_tooltip_901105654_1_6\" class=\"footnote_plugin_tooltip_text\">[6]<\/sup><\/a><\/span>.<\/p>\n<p id=\"quel_que_soit_le_choix_de_lorganisme_beneficiaire_des_dons_le_ou_les_recus_fiscaux_delivres_a_lentreprise_donatrice_devront_faire_apparaitre_une_description_exhaustive_des_biens_et_prestations_recus_et_acceptes_sur_la_periode_sur_laquelle_porte_le_recu_dans_lexemple_lorganisme_devra_donc_indiquer_sur_le_ou_les_recus_fiscaux_la_nature_des_biens_donnees_et_acceptes_pommes_de_terre_pates_etc_leur_quantite_ainsi_que_leur_valorisation_globale_4\" class=\"exemple-western\">Quel que soit le choix de l\u2019organisme b\u00e9n\u00e9ficiaire des dons, le ou les re\u00e7us fiscaux d\u00e9livr\u00e9s \u00e0 l\u2019entreprise donatrice devront faire appara\u00eetre une description exhaustive des biens et prestations re\u00e7us et accept\u00e9s sur la p\u00e9riode sur laquelle porte le re\u00e7u<span class=\"footnote_referrer\"><a tabindex=\"0\" role=\"button\"><sup id=\"footnote_plugin_tooltip_901105654_1_7\" class=\"footnote_plugin_tooltip_text\">[7]<\/sup><\/a><\/span>.<\/p>\n<ul>\n<li id=\"Lorsque_les_dons_et_versemen_0117\" class=\"paragraphe-western\">Lorsque les dons et versements sont r\u00e9alis\u00e9s par l\u2019<strong>interm\u00e9diaire<\/strong>\u00a0d\u2019un organisme qui n\u2019intervient qu\u2019\u00e0 titre de simple\u00a0<strong>collecteur de fonds :<\/strong>\n<ul>\n<li class=\"paragraphe-western\">cet organisme n\u2019est pas lui-m\u00eame \u00e9ligible au r\u00e9gime fiscal du m\u00e9c\u00e9nat (<a title=\"BOI-BIC-RICI-20-30-10-10 - BIC - R\u00e9ductions d'imp\u00f4ts - M\u00e9c\u00e9nat ou r\u00e9duction d'imp\u00f4t pour les dons en faveur des \u0153uvres et organismes vis\u00e9s \u00e0 l'article 238 bis du CGI - Champ d'application - Entreprises concern\u00e9es et organismes b\u00e9n\u00e9ficiaires des dons - 10963-PGP\" href=\"https:\/\/bofip.impots.gouv.fr\/doctrine\/pgp\/10963-PGP%2523210_048\" target=\"_self\" rel=\"external noopener\">II-A-3 \u00a7 210 du BOI-BIC-RICI-20-30-10-10<\/a>) et ne peut donc pas \u00e9mettre de re\u00e7us fiscaux.<\/li>\n<li class=\"paragraphe-western\">Pour autant, les dons et versements effectu\u00e9s aupr\u00e8s de l\u2019organisme collecteur ouvrent droit \u00e0 la r\u00e9duction d\u2019imp\u00f4t lorsque l\u2019organisme b\u00e9n\u00e9ficiaire final des dons est lui-m\u00eame \u00e9ligible au r\u00e9gime fiscal du m\u00e9c\u00e9nat. Tel est le cas :\n<ul>\n<li class=\"paragraphe-western\">des collectes de dons organis\u00e9es par les soci\u00e9t\u00e9s d\u2019amis<span class=\"footnote_referrer\"><a tabindex=\"0\" role=\"button\"><sup id=\"footnote_plugin_tooltip_901105654_1_8\" class=\"footnote_plugin_tooltip_text\">[8]<\/sup><\/a><\/span>,<\/li>\n<li class=\"paragraphe-western\">ainsi que des dons et versements re\u00e7us par les fondations et associations reconnues d\u2019utilit\u00e9 publique pour le compte d\u2019organismes d\u2019int\u00e9r\u00eat g\u00e9n\u00e9ral mentionn\u00e9s au a du 1 de l\u2019<a title=\"article 238 bis du Code g\u00e9n\u00e9ral des imp\u00f4ts depuis le 01\/01\/2022\" href=\"https:\/\/www.legifrance.gouv.fr\/codes\/article_lc\/LEGIARTI000043984257\/2022-01-01\" target=\"_self\" rel=\"external noopener\">article 238 bis du CGI<\/a><span class=\"footnote_referrer\"><a tabindex=\"0\" role=\"button\"><sup id=\"footnote_plugin_tooltip_901105654_1_9\" class=\"footnote_plugin_tooltip_text\">[9]<\/sup><\/a><\/span>\u00a0Dans ce cas, le b\u00e9n\u00e9ficiaire final du don se fait communiquer par l\u2019organisme collecteur l\u2019identit\u00e9 de l\u2019entreprise donatrice afin de pouvoir lui d\u00e9livrer un re\u00e7u fiscal.<\/li>\n<\/ul>\n<\/li>\n<\/ul>\n<\/li>\n<\/ul>\n<ul>\n<li id=\"Lorsque_les_versements_sont&amp;_11\" class=\"paragraphe-western\">Lorsque les versements sont effectu\u00e9s au profit des\u00a0<strong>fonds de dotation<\/strong>\u00a0dont la gestion est d\u00e9sint\u00e9ress\u00e9e pour financer des organismes \u00e9ligibles au r\u00e9gime du m\u00e9c\u00e9nat<span class=\"footnote_referrer\"><a tabindex=\"0\" role=\"button\"><sup id=\"footnote_plugin_tooltip_901105654_1_10\" class=\"footnote_plugin_tooltip_text\">[10]<\/sup><\/a><\/span>, les fonds de dotation d\u00e9livrent aux entreprises donatrices les re\u00e7us fiscaux correspondants aux versements qu\u2019ils ont re\u00e7us.<\/li>\n<\/ul>\n<p>&nbsp;<\/p>\n<p id=\"Les_organismes_ne_respectan_01\" class=\"paragraphe-western\">Pour rappel, les organismes ne respectant pas les conditions pos\u00e9es par l\u2019<a title=\"article 238 bis du Code g\u00e9n\u00e9ral des imp\u00f4ts depuis le 01\/01\/2022\" href=\"https:\/\/www.legifrance.gouv.fr\/codes\/article_lc\/LEGIARTI000043984257\/2022-01-01\" target=\"_self\" rel=\"external noopener\">article 238 bis CGI<\/a>\u00a0et qui d\u00e9livrent sciemment des re\u00e7us fiscaux permettant \u00e0 un contribuable d\u2019obtenir ind\u00fbment cette r\u00e9duction d\u2019imp\u00f4t sont passibles de l\u2019amende fiscale pr\u00e9vue au premier alin\u00e9a de l\u2019<a title=\"article 1740 A du Code g\u00e9n\u00e9ral des imp\u00f4ts depuis le 31\/12\/2018\" href=\"https:\/\/www.legifrance.gouv.fr\/codes\/article_lc\/LEGIARTI000037993667\/2018-12-31\" target=\"_self\" rel=\"external noopener\">article 1740 A du CGI<\/a>.\u00a0Le taux de l\u2019amende est \u00e9gal \u00e0 celui de la r\u00e9duction d\u2019imp\u00f4t et son assiette est constitu\u00e9e par les sommes ind\u00fbment mentionn\u00e9es sur les re\u00e7us d\u00e9livr\u00e9s au contribuable. Lorsque ces re\u00e7us ne mentionnent pas une somme, l\u2019amende est \u00e9gale au montant de la r\u00e9duction d\u2019imp\u00f4t ind\u00fbment obtenue (CGI, art 1740 A).<\/p>\n<p id=\"Par_ailleurs,_sauf_si_le_ma_02\" class=\"paragraphe-western\">Par ailleurs, sauf si le manquement d\u00e9lib\u00e9r\u00e9 de l\u2019entreprise ou l\u2019existence de man\u0153uvres frauduleuses est d\u00e9montr\u00e9, la r\u00e9duction d\u2019imp\u00f4t ne saurait en principe \u00eatre remise en cause lorsque les entreprises sont en possession d\u2019un re\u00e7u fiscal tel que d\u00e9fini au 5 bis de l\u2019article 238 bis du CGI.<\/p>\n<p>Toutefois, dans le cas o\u00f9 la mention sur le re\u00e7u fiscal de la\u00a0<strong>valorisation<\/strong>\u00a0des dons en nature, des dons de prestation ou des mises \u00e0 disposition de personnel est\u00a0<strong>erron\u00e9e,<\/strong>\u00a0dans la mesure o\u00f9 cette valorisation rel\u00e8ve uniquement de la responsabilit\u00e9 de l\u2019entreprise donatrice, le montant de la r\u00e9duction d\u2019imp\u00f4t dont elle a b\u00e9n\u00e9fici\u00e9 sur la base de cette valorisation erron\u00e9e ne peut \u00eatre remis en cause.<\/p>\n<p><strong>En savoir plus :<\/strong><\/p>\n<p><a href=\"https:\/\/bofip.impots.gouv.fr\/bofip\/6476-PGP.html\/identifiant=BOI-BIC-RICI-20-30-10-20-20220608\" target=\"_blank\" rel=\"noopener\">BOI-BIC-RICI-20-30-10-20<\/a><\/p>\n<p id=\"La_delivrance_du_justificati_1\" class=\"paragraphe-western\"><a href=\"https:\/\/bofip.impots.gouv.fr\/bofip\/10214-PGP.html\/identifiant=BOI-BIC-RICI-20-30-10-30-20220608\" target=\"_blank\" rel=\"noopener\">BOI-BIC-RICI-20-30-10-30<\/a><\/p>\n<p class=\"paragraphe-western\"><a href=\"https:\/\/institut-isbl.fr\/dons-et-recus-nouvelle-obligation-declarative\/\" target=\"_blank\" rel=\"noopener\">Dons et re\u00e7us : nouvelle obligation d\u00e9clarative, Institut ISBL avril 2022<\/a><\/p>\n<\/div>\n<\/div>\n<div class=\"footnote_container_prepare\">\n<p><span class=\"footnote_reference_container_label pointer\" tabindex=\"0\" role=\"button\">\u00a0<\/span><\/p>\n<\/div>\n<div id=\"footnote_references_container_901105654_1\">\n<table class=\"footnotes_table footnote-reference-container\">\n<caption class=\"accessibility\">R\u00e9f\u00e9rences<\/caption>\n<tbody>\n<tr class=\"footnotes_plugin_reference_row\">\n<th class=\"footnote_plugin_index_combi pointer\" scope=\"row\"><a id=\"footnote_plugin_reference_901105654_1_1\" class=\"footnote_backlink\"><\/a><span class=\"footnote_index_arrow\">\u2191<\/span>1<\/th>\n<td class=\"footnote_plugin_text\"><a href=\"https:\/\/www.legifrance.gouv.fr\/jorf\/id\/JORFTEXT000043964778#:~:text=I.,de%20neutralit%C3%A9%20du%20service%20public.\" target=\"_blank\" rel=\"noopener\">Loi, n\u00b0 2021-1109 du 24 ao\u00fbt 2021 confortant le respect des principes de la R\u00e9publique, art. 19<\/a><\/td>\n<\/tr>\n<tr class=\"footnotes_plugin_reference_row\">\n<th class=\"footnote_plugin_index_combi pointer\" scope=\"row\"><a id=\"footnote_plugin_reference_901105654_1_2\" class=\"footnote_backlink\"><\/a><span class=\"footnote_index_arrow\">\u2191<\/span>2<\/th>\n<td class=\"footnote_plugin_text\">pour les particuliers et les entreprises relevant de l\u2019imp\u00f4t sur le revenu\u00a0(<a href=\"https:\/\/www.legifrance.gouv.fr\/codes\/article_lc\/LEGIARTI000043662579\/\" target=\"_blank\" rel=\"noopener\">article 200 du code g\u00e9n\u00e9ral des imp\u00f4ts<\/a>)\u00a0;\u00a0pour les entreprises assujetties \u00e0 l\u2019imp\u00f4t sur les soci\u00e9t\u00e9s\u00a0ou \u00e0 l\u2019imp\u00f4t sur le revenu (<a href=\"https:\/\/www.legifrance.gouv.fr\/codes\/article_lc\/LEGIARTI000041470858\" target=\"_blank\" rel=\"noopener\">article 238 bis du code g\u00e9n\u00e9ral des imp\u00f4ts<\/a>)\u00a0;\u00a0pour les personnes redevables de l\u2019imp\u00f4t sur la fortune immobili\u00e8re (<a href=\"https:\/\/www.legifrance.gouv.fr\/codes\/article_lc\/LEGIARTI000037988624\/\" target=\"_blank\" rel=\"noopener\">article 978 du code g\u00e9n\u00e9ral des imp\u00f4ts<\/a>)<\/td>\n<\/tr>\n<tr class=\"footnotes_plugin_reference_row\">\n<th class=\"footnote_plugin_index_combi pointer\" scope=\"row\"><a id=\"footnote_plugin_reference_901105654_1_3\" class=\"footnote_backlink\"><\/a><span class=\"footnote_index_arrow\">\u2191<\/span>3<\/th>\n<td class=\"footnote_plugin_text\"><a href=\"https:\/\/bofip.impots.gouv.fr\/bofip\/6476-PGP.html\/identifiant=BOI-BIC-RICI-20-30-10-20-20220608#30_017%3Cspan%20class=\">https:\/\/bofip.impots.gouv.fr\/bofip\/6476-PGP.html\/identifiant=BOI-BIC-RICI-20-30-10-20-20220608#30_017&Prime; target=\u00a0\u00bb_blank\u00a0\u00bb rel=\u00a0\u00bbnoopener\u00a0\u00bb&gt;<span class=\"footnote_url_wrap\">https:\/\/bofip.impots.gouv.fr\/bofip\/6476-PGP.html\/identifiant=BOI-BIC-RICI-20-30-10-20-20220608#30_017<\/span><\/a><\/td>\n<\/tr>\n<tr class=\"footnotes_plugin_reference_row\">\n<th class=\"footnote_plugin_index_combi pointer\" scope=\"row\"><a id=\"footnote_plugin_reference_901105654_1_4\" class=\"footnote_backlink\"><\/a><span class=\"footnote_index_arrow\">\u2191<\/span>4<\/th>\n<td class=\"footnote_plugin_text\"><a href=\"https:\/\/bofip.impots.gouv.fr\/bofip\/6476-PGP.html\/identifiant=BOI-BIC-RICI-20-30-10-20-20220608#20_09\" target=\"_blank\" rel=\"noopener\"><span class=\"footnote_url_wrap\">https:\/\/bofip.impots.gouv.fr\/bofip\/6476-PGP.html\/identifiant=BOI-BIC-RICI-20-30-10-20-20220608#20_09<\/span><\/a><\/td>\n<\/tr>\n<tr class=\"footnotes_plugin_reference_row\">\n<th class=\"footnote_plugin_index_combi pointer\" scope=\"row\"><a id=\"footnote_plugin_reference_901105654_1_5\" class=\"footnote_backlink\"><\/a><span class=\"footnote_index_arrow\">\u2191<\/span>5<\/th>\n<td class=\"footnote_plugin_text\"><a href=\"https:\/\/bofip.impots.gouv.fr\/bofip\/6476-PGP.html\/identifiant=BOI-BIC-RICI-20-30-10-20-20220608#30_017\" target=\"_blank\" rel=\"noopener\"><span class=\"footnote_url_wrap\">https:\/\/bofip.impots.gouv.fr\/bofip\/6476-PGP.html\/identifiant=BOI-BIC-RICI-20-30-10-20-20220608#30_017<\/span><\/a><\/td>\n<\/tr>\n<tr class=\"footnotes_plugin_reference_row\">\n<th class=\"footnote_plugin_index_combi pointer\" scope=\"row\"><a id=\"footnote_plugin_reference_901105654_1_6\" class=\"footnote_backlink\"><\/a><span class=\"footnote_index_arrow\">\u2191<\/span>6<\/th>\n<td class=\"footnote_plugin_text\">L\u2019organisme b\u00e9n\u00e9ficiaire devra cependant s\u2019assurer que la p\u00e9riode sur laquelle porte le re\u00e7u fiscal n\u2019est pas \u00e0 cheval sur deux exercices fiscaux diff\u00e9rents de l\u2019entreprise donatrice, notamment dans le cas o\u00f9 l\u2019exercice fiscal de l\u2019entreprise donatrice ne co\u00efncide pas avec l\u2019ann\u00e9e civile.<\/p>\n<p id=\"Exemple_:_Une_entreprise_a_d_1\" class=\"exemple-western\">Exemple : Une entreprise dont l\u2019exercice correspond \u00e0 l\u2019ann\u00e9e civile N a donn\u00e9 \u00e0 un organisme \u00e9ligible \u00e0 la r\u00e9duction d\u2019imp\u00f4t m\u00e9c\u00e9nat, qui les a accept\u00e9s :<\/p>\n<ul>\n<li class=\"exemple-western\">50 kg de pommes de terre le 01\/02\/N ;<\/li>\n<li class=\"exemple-western\">10 kg de p\u00e2tes le 27\/03\/N ;<\/li>\n<li class=\"exemple-western\">30 kg de riz le 28\/03\/N ;<\/li>\n<li class=\"exemple-western\">15 kg de tomates et 15 kg de pommes le 05\/06\/N ;<\/li>\n<li class=\"exemple-western\">10 kg de plats cuisin\u00e9s en bo\u00eete de conserve le 08\/12\/N.<\/li>\n<\/ul>\n<\/td>\n<\/tr>\n<tr class=\"footnotes_plugin_reference_row\">\n<th class=\"footnote_plugin_index_combi pointer\" scope=\"row\"><a id=\"footnote_plugin_reference_901105654_1_7\" class=\"footnote_backlink\"><\/a><span class=\"footnote_index_arrow\">\u2191<\/span>7<\/th>\n<td class=\"footnote_plugin_text\">L\u2019organisme devra donc indiquer sur le ou les re\u00e7us fiscaux la nature des biens donn\u00e9es et accept\u00e9s (ex : pommes de terre, p\u00e2tes etc.), leur quantit\u00e9, ainsi que leur valorisation globale.<\/td>\n<\/tr>\n<tr class=\"footnotes_plugin_reference_row\">\n<th class=\"footnote_plugin_index_combi pointer\" scope=\"row\"><a id=\"footnote_plugin_reference_901105654_1_8\" class=\"footnote_backlink\"><\/a><span class=\"footnote_index_arrow\">\u2191<\/span>8<\/th>\n<td class=\"footnote_plugin_text\">II-A-3 \u00a7 210 du BOI-BIC-RICI-20-30-10-10<\/td>\n<\/tr>\n<tr class=\"footnotes_plugin_reference_row\">\n<th class=\"footnote_plugin_index_combi pointer\" scope=\"row\"><a id=\"footnote_plugin_reference_901105654_1_9\" class=\"footnote_backlink\"><\/a><span class=\"footnote_index_arrow\">\u2191<\/span>9<\/th>\n<td class=\"footnote_plugin_text\"><a title=\"BOI-BIC-RICI-20-30-10-15 - BIC - R\u00e9ductions d'imp\u00f4t et cr\u00e9dits d'imp\u00f4t - R\u00e9ductions d'imp\u00f4t - M\u00e9c\u00e9nat ou r\u00e9duction d'imp\u00f4t pour les dons en faveur des \u0153uvres et organismes vis\u00e9s \u00e0 l'article 238 bis du CGI - Champ d'application - Cas particuliers - 10964-PGP\" href=\"https:\/\/bofip.impots.gouv.fr\/doctrine\/pgp\/10964-PGP%2523580_0267\" target=\"_self\" rel=\"external noopener\">VI \u00a7 620 du BOI-BIC-RICI-20-30-10-15<\/a>)<\/td>\n<\/tr>\n<tr class=\"footnotes_plugin_reference_row\">\n<th class=\"footnote_plugin_index_combi pointer\" scope=\"row\"><a id=\"footnote_plugin_reference_901105654_1_10\" class=\"footnote_backlink\"><\/a><span class=\"footnote_index_arrow\">\u2191<\/span>10<\/th>\n<td class=\"footnote_plugin_text\">dans les conditions pr\u00e9vues au 2\u00b0 du g du 1 de l\u2019article 238 bis du CGI (<a title=\"BOI-BIC-RICI-20-30-10-15 - BIC - R\u00e9ductions d'imp\u00f4t et cr\u00e9dits d'imp\u00f4t - R\u00e9ductions d'imp\u00f4t - M\u00e9c\u00e9nat ou r\u00e9duction d'imp\u00f4t pour les dons en faveur des \u0153uvres et organismes vis\u00e9s \u00e0 l'article 238 bis du CGI - Champ d'application - Cas particuliers - 10964-PGP\" href=\"https:\/\/bofip.impots.gouv.fr\/doctrine\/pgp\/10964-PGP%2523230_057\" rel=\"external\">II-B-1-b \u00a7 220 du BOI-BIC-RICI-20-30-10-15<\/a>)<\/td>\n<\/tr>\n<\/tbody>\n<\/table>\n<\/div>\n<\/article>\n<\/div>\n<\/div>\n<\/div>\n<\/div>\n<\/section>\n","protected":false},"excerpt":{"rendered":"<p>Dans un\u00a0pr\u00e9c\u00e9dent article\u00a0nous avons expliqu\u00e9 que l\u2019article 19 de la loi confortant le respect des principes de la R\u00e9publique[1]\u00a0impose\u00a0d\u00e9sormais\u00a0aux organismes b\u00e9n\u00e9ficiaires de dons, de faire une d\u00e9claration au titre desquels ils ont \u00e9mis des re\u00e7us fiscaux indiquant aux contribuables donateurs qu\u2019ils sont en droit de b\u00e9n\u00e9ficier des r\u00e9ductions d\u2019imp\u00f4t pr\u00e9vues par le r\u00e9gime de faveur [&hellip;]<\/p>\n","protected":false},"author":2,"featured_media":0,"comment_status":"closed","ping_status":"closed","sticky":false,"template":"","format":"standard","meta":{"site-sidebar-layout":"default","site-content-layout":"","ast-site-content-layout":"default","site-content-style":"default","site-sidebar-style":"default","ast-global-header-display":"","ast-banner-title-visibility":"","ast-main-header-display":"","ast-hfb-above-header-display":"","ast-hfb-below-header-display":"","ast-hfb-mobile-header-display":"","site-post-title":"","ast-breadcrumbs-content":"","ast-featured-img":"","footer-sml-layout":"","ast-disable-related-posts":"","theme-transparent-header-meta":"","adv-header-id-meta":"","stick-header-meta":"","header-above-stick-meta":"","header-main-stick-meta":"","header-below-stick-meta":"","astra-migrate-meta-layouts":"default","ast-page-background-enabled":"default","ast-page-background-meta":{"desktop":{"background-color":"var(--ast-global-color-4)","background-image":"","background-repeat":"repeat","background-position":"center center","background-size":"auto","background-attachment":"scroll","background-type":"","background-media":"","overlay-type":"","overlay-color":"","overlay-opacity":"","overlay-gradient":""},"tablet":{"background-color":"","background-image":"","background-repeat":"repeat","background-position":"center center","background-size":"auto","background-attachment":"scroll","background-type":"","background-media":"","overlay-type":"","overlay-color":"","overlay-opacity":"","overlay-gradient":""},"mobile":{"background-color":"","background-image":"","background-repeat":"repeat","background-position":"center center","background-size":"auto","background-attachment":"scroll","background-type":"","background-media":"","overlay-type":"","overlay-color":"","overlay-opacity":"","overlay-gradient":""}},"ast-content-background-meta":{"desktop":{"background-color":"var(--ast-global-color-5)","background-image":"","background-repeat":"repeat","background-position":"center center","background-size":"auto","background-attachment":"scroll","background-type":"","background-media":"","overlay-type":"","overlay-color":"","overlay-opacity":"","overlay-gradient":""},"tablet":{"background-color":"var(--ast-global-color-5)","background-image":"","background-repeat":"repeat","background-position":"center center","background-size":"auto","background-attachment":"scroll","background-type":"","background-media":"","overlay-type":"","overlay-color":"","overlay-opacity":"","overlay-gradient":""},"mobile":{"background-color":"var(--ast-global-color-5)","background-image":"","background-repeat":"repeat","background-position":"center center","background-size":"auto","background-attachment":"scroll","background-type":"","background-media":"","overlay-type":"","overlay-color":"","overlay-opacity":"","overlay-gradient":""}},"footnotes":""},"categories":[3,283,386],"tags":[10,145,78,79,233],"class_list":["post-2936","post","type-post","status-publish","format-standard","hentry","category-actualites","category-article","category-avocat-specialise-en-droit-des-associations","tag-association","tag-avocat-specialise-dans-le-secteur-des-osbl","tag-fondation","tag-fonds-de-dotation","tag-mecenat-dentreprise"],"_links":{"self":[{"href":"https:\/\/www.npsconsulting-avocats.fr\/NPS\/wp-json\/wp\/v2\/posts\/2936","targetHints":{"allow":["GET"]}}],"collection":[{"href":"https:\/\/www.npsconsulting-avocats.fr\/NPS\/wp-json\/wp\/v2\/posts"}],"about":[{"href":"https:\/\/www.npsconsulting-avocats.fr\/NPS\/wp-json\/wp\/v2\/types\/post"}],"author":[{"embeddable":true,"href":"https:\/\/www.npsconsulting-avocats.fr\/NPS\/wp-json\/wp\/v2\/users\/2"}],"replies":[{"embeddable":true,"href":"https:\/\/www.npsconsulting-avocats.fr\/NPS\/wp-json\/wp\/v2\/comments?post=2936"}],"version-history":[{"count":1,"href":"https:\/\/www.npsconsulting-avocats.fr\/NPS\/wp-json\/wp\/v2\/posts\/2936\/revisions"}],"predecessor-version":[{"id":3031,"href":"https:\/\/www.npsconsulting-avocats.fr\/NPS\/wp-json\/wp\/v2\/posts\/2936\/revisions\/3031"}],"wp:attachment":[{"href":"https:\/\/www.npsconsulting-avocats.fr\/NPS\/wp-json\/wp\/v2\/media?parent=2936"}],"wp:term":[{"taxonomy":"category","embeddable":true,"href":"https:\/\/www.npsconsulting-avocats.fr\/NPS\/wp-json\/wp\/v2\/categories?post=2936"},{"taxonomy":"post_tag","embeddable":true,"href":"https:\/\/www.npsconsulting-avocats.fr\/NPS\/wp-json\/wp\/v2\/tags?post=2936"}],"curies":[{"name":"wp","href":"https:\/\/api.w.org\/{rel}","templated":true}]}}