{"id":2854,"date":"2021-10-12T18:30:59","date_gmt":"2021-10-12T16:30:59","guid":{"rendered":"https:\/\/www.npsconsulting-avocats.fr\/NPS\/?p=2854"},"modified":"2021-11-04T16:35:50","modified_gmt":"2021-11-04T14:35:50","slug":"un-president-dassociation-ne-peut-pas-etre-condamne-pour-insuffisance-dactif-en-cas-de-simple-negligence","status":"publish","type":"post","link":"https:\/\/www.npsconsulting-avocats.fr\/NPS\/un-president-dassociation-ne-peut-pas-etre-condamne-pour-insuffisance-dactif-en-cas-de-simple-negligence\/","title":{"rendered":"Un pr\u00e9sident d\u2019association ne peut pas \u00eatre condamn\u00e9 pour insuffisance d\u2019actif en cas de simple n\u00e9gligence"},"content":{"rendered":"<section class=\"container-wrap main-title alternate-color border-bottom breadcrumbs-container\">\n<div class=\"container\"><\/div>\n<\/section>\n<section class=\"container-wrap main-color\">\n<div id=\"main-container\" class=\"container\">\n<div class=\"row\">\n<div class=\"template-page col-sm-12 tpl-no with-meta\">\n<div class=\"wrap-content\">\n<article id=\"post-901104544\" class=\"clearfix post-901104544 post type-post status-publish format-standard has-post-thumbnail hentry category-actualites-2 category-associations-actualites-2 tag-president-association-responsabilite tag-responsabilite-president-association\">\n<div class=\"article-meta\"><\/div>\n<div class=\"article-content print-only\">\n<div class=\"pf-content\">\n<p><strong>Les agissements d\u2019un dirigeant peut avoir pour cons\u00e9quence de faire supporter \u00e0 ce dernier l\u2019insuffisance d\u2019actif de l\u2019association. Cependant, une faute de gestion devra \u00eatre caract\u00e9ris\u00e9e et non pas seulement une simple n\u00e9gligence.<\/strong><\/p>\n<p><strong>\u00a0<\/strong><span id=\"more-901104544\"><\/span><\/p>\n<p>Un groupement d\u2019employeurs organis\u00e9 sous forme associative s\u2019est retrouv\u00e9 en difficult\u00e9s financi\u00e8re apr\u00e8s la perte de ses principaux clients. Quelques mois plus tard, la liquidation judiciaire de l\u2019organisme est prononc\u00e9e et sa pr\u00e9sidente condamn\u00e9e, en premi\u00e8re instance, \u00e0 supporter l\u2019int\u00e9gralit\u00e9 de l\u2019insuffisance d\u2019actif.<\/p>\n<p>Pour le tribunal judiciaire, la pr\u00e9sidente a commis une simple n\u00e9gligence en ne transmettant pas les fiches de paie pour calculer le cr\u00e9dit d\u2019imp\u00f4t pour la comp\u00e9titivit\u00e9 et l\u2019emploi (CICE). Par ailleurs, le fait pour cette derni\u00e8re et son mari de s\u2019\u00eatre d\u00e9clar\u00e9s en qualit\u00e9 de salari\u00e9s a entra\u00een\u00e9 des charges injustifi\u00e9es. En l\u2019esp\u00e8ce, les int\u00e9ress\u00e9s \u00e9taient seuls membres actifs du conseil d\u2019administration et disposaient du pouvoir de nomination et r\u00e9vocation des autres employ\u00e9s ainsi que celui de fixer leur r\u00e9mun\u00e9ration.<\/p>\n<p>Condamn\u00e9e en premi\u00e8re instance, la Pr\u00e9sidente a d\u00e9cid\u00e9 de faire appel.<\/p>\n<p>En premier lieu, la Cour d\u2019appel de Grenoble a tenu \u00e0 rappeler les principes de responsabilit\u00e9 financi\u00e8re au sein d\u2019une association\u00a0: lorsque la liquidation judiciaire d\u2019une personne morale fait appara\u00eetre une insuffisance d\u2019actif, le tribunal peut, en cas de faute de gestion ayant contribu\u00e9 \u00e0 l\u2019insuffisance d\u2019actif, d\u00e9cider que le montant de cette insuffisance d\u2019actif sera support\u00e9, en tout ou partie, par tous les dirigeants de droit ou de fait, ou par certains d\u2019entre eux, ayant contribu\u00e9 \u00e0 la faute de gestion (C. com. Art. L 651-2). En cas de pluralit\u00e9 de dirigeants, le tribunal peut, par d\u00e9cision motiv\u00e9e, les d\u00e9clarer solidairement responsables. Cependant, et depuis la loi du 9 d\u00e9cembre 2016 applicable aux proc\u00e9dures en cours, la simple n\u00e9gligence dans la gestion est exclue.<\/p>\n<p>D\u00e8s lors, selon la Cour, la non-transmission des fiches de paie permettant le calcul du CICE ne constitue pas une simple n\u00e9gligence mais caract\u00e9rise bien une faute de gestion en privant l\u2019association de recouvrer un actif important (en l\u2019esp\u00e8ce 17000 \u20ac). Incontestablement, pour la juridiction du second degr\u00e9, cette faute a contribu\u00e9 \u00e0 l\u2019insuffisance d\u2019actif. Cependant, elle consid\u00e8re que le liquidateur n\u2019a pas suffisamment caract\u00e9ris\u00e9e la r\u00e9alit\u00e9 d\u2019une faute de gestion ayant contribu\u00e9 \u00e0 l\u2019insuffisance d\u2019actif en ne justifiant pas avoir contest\u00e9 la qualit\u00e9 de salari\u00e9 des deux \u00e9poux, ni de la position de P\u00f4le emploi en ce qui concerne l\u2019existence d\u2019un v\u00e9ritable lien de subordination. D\u00e8s lors, en condamnant la Pr\u00e9sidente \u00e0 prendre \u00e0 sa charge la totalit\u00e9 de l\u2019insuffisance d\u2019actif, la Cour a consid\u00e9r\u00e9 qu\u2019une telle sanction appara\u00eet tout \u00e0 fait excessive au vu de la seule faute retenue.<\/p>\n<p>Certes, un dirigeant peut \u00eatre condamn\u00e9 \u00e0 supporter la totalit\u00e9 de l\u2019insuffisance d\u2019actif alors m\u00eame que la faute de gestion n\u2019y a contribu\u00e9 que partiellement. Cependant, en l\u2019esp\u00e8ce, il n\u2019a pas \u00e9t\u00e9 contest\u00e9 que l\u2019association a subi la perte de deux importants clients, ce qui a principalement compromis sa situation.<\/p>\n<p>En cons\u00e9quence, le jugement rendu en premi\u00e8re instance a \u00e9t\u00e9 partiellement infirm\u00e9 m\u00eame si la Pr\u00e9sidente a finalement \u00e9t\u00e9 condamn\u00e9 \u00e0 supporter l\u2019insuffisance d\u2019actif de l\u2019association non pas pour la somme de 52\u00a0837 \u20ac correspondant \u00e0 l\u2019int\u00e9gralit\u00e9 du passif constat\u00e9 mais \u00e0 hauteur de 6000 \u20ac.<\/p>\n<p>&nbsp;<\/p>\n<p><strong>ATTENTION (actualisation)<\/strong> :\u00a0 La <a href=\"https:\/\/www.legifrance.gouv.fr\/jorf\/id\/JORFTEXT000043741537\">loi n\u00b0 2021-874 du 1er juillet 2021 en faveur de l\u2019engagement associatif<\/a>, entr\u00e9e en vigueur le 3 juillet 2021, apporte des assouplissements relatifs \u00e0 la mise en \u0153uvre de l\u2019action en comblement du passif \u00e0 l\u2019encontre des dirigeants d\u2019association.<\/p>\n<p><strong>En savoir plus :\u00a0<\/strong><\/p>\n<p>CA Grenoble 3-6-2021 n\u00b020\/01752<\/p>\n<p><a href=\"https:\/\/institut-isbl.fr\/action-en-comblement-dinsuffisance-dactif-un-risque-pour-les-dirigeants-associatifs\/\">Colas Amblard, \u00ab\u00a0Action en comblement d\u2019insuffisance d\u2019actif : un risque pour les dirigeants associatifs !\u00a0\u00bb, Institut ISBL juin 2021<\/a><\/p>\n<p><a href=\"https:\/\/institut-isbl.fr\/exactement-120-ans-apres-la-loi-du-1er-juillet-1901-deux-lois-viennent-enrichir-le-fonctionnent-des-associations\/\">Gerard Lejeune, : \u00ab\u00a0Exactement 120 ans apr\u00e8s la loi du 1er juillet 1901, deux lois viennent enrichir le fonctionnent des associations\u00a0\u00bb, Institut ISBL juillet 2021<\/a><\/p>\n<\/div>\n<\/div>\n<\/article>\n<\/div>\n<\/div>\n<\/div>\n<\/div>\n<\/section>\n","protected":false},"excerpt":{"rendered":"<p>Les agissements d\u2019un dirigeant peut avoir pour cons\u00e9quence de faire supporter \u00e0 ce dernier l\u2019insuffisance d\u2019actif de l\u2019association. Cependant, une faute de gestion devra \u00eatre caract\u00e9ris\u00e9e et non pas seulement une simple n\u00e9gligence. \u00a0 Un groupement d\u2019employeurs organis\u00e9 sous forme associative s\u2019est retrouv\u00e9 en difficult\u00e9s financi\u00e8re apr\u00e8s la perte de ses principaux clients. Quelques mois [&hellip;]<\/p>\n","protected":false},"author":2,"featured_media":0,"comment_status":"closed","ping_status":"closed","sticky":false,"template":"","format":"standard","meta":{"site-sidebar-layout":"default","site-content-layout":"","ast-site-content-layout":"default","site-content-style":"default","site-sidebar-style":"default","ast-global-header-display":"","ast-banner-title-visibility":"","ast-main-header-display":"","ast-hfb-above-header-display":"","ast-hfb-below-header-display":"","ast-hfb-mobile-header-display":"","site-post-title":"","ast-breadcrumbs-content":"","ast-featured-img":"","footer-sml-layout":"","ast-disable-related-posts":"","theme-transparent-header-meta":"","adv-header-id-meta":"","stick-header-meta":"","header-above-stick-meta":"","header-main-stick-meta":"","header-below-stick-meta":"","astra-migrate-meta-layouts":"default","ast-page-background-enabled":"default","ast-page-background-meta":{"desktop":{"background-color":"var(--ast-global-color-4)","background-image":"","background-repeat":"repeat","background-position":"center center","background-size":"auto","background-attachment":"scroll","background-type":"","background-media":"","overlay-type":"","overlay-color":"","overlay-opacity":"","overlay-gradient":""},"tablet":{"background-color":"","background-image":"","background-repeat":"repeat","background-position":"center center","background-size":"auto","background-attachment":"scroll","background-type":"","background-media":"","overlay-type":"","overlay-color":"","overlay-opacity":"","overlay-gradient":""},"mobile":{"background-color":"","background-image":"","background-repeat":"repeat","background-position":"center center","background-size":"auto","background-attachment":"scroll","background-type":"","background-media":"","overlay-type":"","overlay-color":"","overlay-opacity":"","overlay-gradient":""}},"ast-content-background-meta":{"desktop":{"background-color":"var(--ast-global-color-5)","background-image":"","background-repeat":"repeat","background-position":"center center","background-size":"auto","background-attachment":"scroll","background-type":"","background-media":"","overlay-type":"","overlay-color":"","overlay-opacity":"","overlay-gradient":""},"tablet":{"background-color":"var(--ast-global-color-5)","background-image":"","background-repeat":"repeat","background-position":"center center","background-size":"auto","background-attachment":"scroll","background-type":"","background-media":"","overlay-type":"","overlay-color":"","overlay-opacity":"","overlay-gradient":""},"mobile":{"background-color":"var(--ast-global-color-5)","background-image":"","background-repeat":"repeat","background-position":"center center","background-size":"auto","background-attachment":"scroll","background-type":"","background-media":"","overlay-type":"","overlay-color":"","overlay-opacity":"","overlay-gradient":""}},"footnotes":""},"categories":[3,386],"tags":[10,171,138,76,50],"class_list":["post-2854","post","type-post","status-publish","format-standard","hentry","category-actualites","category-avocat-specialise-en-droit-des-associations","tag-association","tag-avocat-et-droit-des-associations","tag-droit-des-associations","tag-nps-consulting","tag-responsabilite-des-dirigeants-associatifs"],"_links":{"self":[{"href":"https:\/\/www.npsconsulting-avocats.fr\/NPS\/wp-json\/wp\/v2\/posts\/2854","targetHints":{"allow":["GET"]}}],"collection":[{"href":"https:\/\/www.npsconsulting-avocats.fr\/NPS\/wp-json\/wp\/v2\/posts"}],"about":[{"href":"https:\/\/www.npsconsulting-avocats.fr\/NPS\/wp-json\/wp\/v2\/types\/post"}],"author":[{"embeddable":true,"href":"https:\/\/www.npsconsulting-avocats.fr\/NPS\/wp-json\/wp\/v2\/users\/2"}],"replies":[{"embeddable":true,"href":"https:\/\/www.npsconsulting-avocats.fr\/NPS\/wp-json\/wp\/v2\/comments?post=2854"}],"version-history":[{"count":1,"href":"https:\/\/www.npsconsulting-avocats.fr\/NPS\/wp-json\/wp\/v2\/posts\/2854\/revisions"}],"predecessor-version":[{"id":2863,"href":"https:\/\/www.npsconsulting-avocats.fr\/NPS\/wp-json\/wp\/v2\/posts\/2854\/revisions\/2863"}],"wp:attachment":[{"href":"https:\/\/www.npsconsulting-avocats.fr\/NPS\/wp-json\/wp\/v2\/media?parent=2854"}],"wp:term":[{"taxonomy":"category","embeddable":true,"href":"https:\/\/www.npsconsulting-avocats.fr\/NPS\/wp-json\/wp\/v2\/categories?post=2854"},{"taxonomy":"post_tag","embeddable":true,"href":"https:\/\/www.npsconsulting-avocats.fr\/NPS\/wp-json\/wp\/v2\/tags?post=2854"}],"curies":[{"name":"wp","href":"https:\/\/api.w.org\/{rel}","templated":true}]}}