{"id":2851,"date":"2021-10-04T11:56:03","date_gmt":"2021-10-04T09:56:03","guid":{"rendered":"https:\/\/www.npsconsulting-avocats.fr\/NPS\/?p=2851"},"modified":"2021-10-04T11:56:29","modified_gmt":"2021-10-04T09:56:29","slug":"associations-en-periode-covid19-de-la-necessite-de-repenser-son-modele-economique","status":"publish","type":"post","link":"https:\/\/www.npsconsulting-avocats.fr\/NPS\/associations-en-periode-covid19-de-la-necessite-de-repenser-son-modele-economique\/","title":{"rendered":"Associations en p\u00e9riode Covid19 : de la n\u00e9cessit\u00e9 de repenser son mod\u00e8le \u00e9conomique"},"content":{"rendered":"<section class=\"container-wrap main-title alternate-color  border-bottom breadcrumbs-container\">\n<div class=\"container\"><\/div>\n<\/section>\n<section class=\"container-wrap main-color\">\n<div id=\"main-container\" class=\"container\">\n<div class=\"row\">\n<div class=\"template-page col-sm-12 tpl-no with-meta\">\n<div class=\"wrap-content\">\n<article id=\"post-901104440\" class=\"clearfix post-901104440 post type-post status-publish format-standard has-post-thumbnail hentry category-edito tag-colas-amblard-modele-socio-economique tag-institut-isbl-modele-socio-economique tag-modele-socio-economique-association\">\n<div class=\"article-meta\"><\/div>\n<div class=\"article-content print-only\">\n<div class=\"pf-content\">\n<div class=\"page\" title=\"Page 1\">\n<div class=\"layoutArea\">\n<div class=\"column\">\n<p><strong>Les derniers mois qui pre\u0301ce\u0300dent vraisemblablement l\u2019arrive\u0301e d\u2019une sortie de crise sanitaire doivent e\u0302tre l\u2019occasion pour les associations d\u2019interroger leur mode\u0300le socio-e\u0301conomique.<\/strong><\/p>\n<p>&nbsp;<\/p>\n<\/div>\n<\/div>\n<\/div>\n<div class=\"page\" title=\"Page 1\">\n<div class=\"layoutArea\">\n<div class=\"column\">\n<p>Bien plus qu\u2019un processus de diversification des ressources, le fait d\u2019interroger leur mode\u0300le socio-e\u0301conomique<span class=\"footnote_referrer\"><a tabindex=\"0\" role=\"button\"><sup id=\"footnote_plugin_tooltip_901104440_1_1\" class=\"footnote_plugin_tooltip_text\">[1]<\/sup><\/a><\/span> impose de\u0301sormais aux institutions sans but lucratif (ISBL) \u2013 a\u0300 l\u2019instar des associations, fondations et fonds de dotation \u2013 de repenser la globalite\u0301 de la \u00ab chai\u0302ne de valeurs \u00bb qu\u2019elles se proposent non seulement de produire, mais e\u0301galement de porter collectivement dans un monde en pleine mutation.<\/p>\n<div class=\"page\" title=\"Page 1\">\n<div class=\"layoutArea\">\n<div class=\"column\">\n<p>&nbsp;<\/p>\n<p><strong>1\/ VERS UN MODE\u0300LE\u00a0\u00ab SOCIO-E\u0301CONOMIQUE \u00bb\u00a0ASSOCIATIF ?<\/strong><\/p>\n<p>Bien connu du monde capitaliste traditionnel, le concept de mode\u0300le \u00ab e\u0301conomique \u00bb s\u2019est longtemps limite\u0301 a\u0300 de\u0301finir un mode de de\u0301veloppement optimise\u0301 des \u00ab revenus \u00bb de l\u2019entreprise. Or, pour certains<span class=\"footnote_referrer\"><a tabindex=\"0\" role=\"button\"><sup id=\"footnote_plugin_tooltip_901104440_1_2\" class=\"footnote_plugin_tooltip_text\">[2]<\/sup><\/a><\/span>, cette approche restrictive du concept doit e\u0302tre de\u0301passe\u0301e pour e\u0302tre mieux a\u0300 me\u0302me d\u2019appre\u0301hender le fait qu\u2019une entreprise \u2013 peu importe son statut juridique \u2013 \u00ab cre\u0301e, de\u0301livre et capture de la valeur \u00bb. Pour d\u2019autres<span class=\"footnote_referrer\"><a tabindex=\"0\" role=\"button\"><sup id=\"footnote_plugin_tooltip_901104440_1_3\" class=\"footnote_plugin_tooltip_text\">[3]<\/sup><\/a><\/span>, il s\u2019agit d\u2019aller plus loin en proposant une nouvelle de\u0301finition du concept lui- me\u0302me : \u00ab Le mode\u0300le e\u0301conomique est la description pour une entreprise des me\u0301canismes lui permettant de cre\u0301er de la valeur a\u0300 travers : la proposition de valeurs faite a\u0300 ses clients (soit, dans un contexte associatif, ses publics cibles, be\u0301ne\u0301ficiaires, usagers, membres) ; son architecture de valeur ; et de capter cette valeur pour la transformer en profits. \u00bb<\/p>\n<div class=\"page\" title=\"Page 1\">\n<div class=\"layoutArea\">\n<div class=\"column\">\n<p>Adapte\u0301e au contexte de sortie de crise, cette de\u0301finition nous invite e\u0301galement a\u0300 tenir compte de l\u2019originalite\u0301 de la de\u0301marche entrepreneuriale propose\u0301e par les ISBL<span class=\"footnote_referrer\"><a tabindex=\"0\" role=\"button\"><sup id=\"footnote_plugin_tooltip_901104440_1_4\" class=\"footnote_plugin_tooltip_text\">[4]<\/sup><\/a><\/span> et les structures de l\u2019e\u0301conomie sociale et solidaire (ESS)<span class=\"footnote_referrer\"><a tabindex=\"0\" role=\"button\"><sup id=\"footnote_plugin_tooltip_901104440_1_5\" class=\"footnote_plugin_tooltip_text\">[5]<\/sup><\/a><\/span> en ge\u0301ne\u0301ral, en ce que ces organisations tendent prioritairement \u2013 du moins jusqu\u2019a\u0300 la fin de la crise sanitaire compte tenu des nombreuses situations d\u2019urgence qu\u2019elle ge\u0301ne\u0300re<span class=\"footnote_referrer\"><a tabindex=\"0\" role=\"button\"><sup id=\"footnote_plugin_tooltip_901104440_1_6\" class=\"footnote_plugin_tooltip_text\">[6]<\/sup><\/a><\/span> \u2013 a\u0300 \u00ab satisfaire un besoin qui n\u2019est pas pris en compte par le marche\u0301 ou qui l\u2019est de fac\u0327on peu satisfaisante \u00bb<span class=\"footnote_referrer\"><a tabindex=\"0\" role=\"button\"><sup id=\"footnote_plugin_tooltip_901104440_1_7\" class=\"footnote_plugin_tooltip_text\">[7]<\/sup><\/a><\/span>. Toutefois, si cette nouvelle de\u0301finition encourage la vocation naturelle des ISBL dans la re\u0301solution de proble\u0301matiques sociales, elle alerte e\u0301galement sur les risques d\u2019\u00abisomorphisme institutionnel\u00bb<span class=\"footnote_referrer\"><a tabindex=\"0\" role=\"button\"><sup id=\"footnote_plugin_tooltip_901104440_1_8\" class=\"footnote_plugin_tooltip_text\">[8]<\/sup><\/a><\/span> auxquels ces organismes sont re\u0301gulie\u0300rement expose\u0301s, ce \u00ab virus mortel \u00bb ayant en effet quasi automatiquement pour conse\u0301quence d\u2019entrai\u0302ner une banalisation de leur action et, par contrecoup, une moindre efficacite\u0301 de leur part en termes de re\u0301alisations collectives.<\/p>\n<div class=\"page\" title=\"Page 1\">\n<div class=\"layoutArea\">\n<div class=\"column\">\n<p>De\u0300s lors, parler de mode\u0300les \u00ab socio-e\u0301conomiques \u00bb a\u0300 propos d\u2019ISBL ou d\u2019entreprises de l\u2019ESS apparai\u0302t d\u2019autant plus pertinent que cette nouvelle approche propose\u0301e permet de mieux cerner les particularismes de ces modes d\u2019entreprendre \u2013 but non lucratif<span class=\"footnote_referrer\"><a tabindex=\"0\" role=\"button\"><sup id=\"footnote_plugin_tooltip_901104440_1_9\" class=\"footnote_plugin_tooltip_text\">[9]<\/sup><\/a><\/span> ou lucrativite\u0301 limite\u0301e \u2013, mais aussi et surtout de prendre conscience de l\u2019importance des forces d\u2019innovation et de transformation<span class=\"footnote_referrer\"><a tabindex=\"0\" role=\"button\"><sup id=\"footnote_plugin_tooltip_901104440_1_10\" class=\"footnote_plugin_tooltip_text\">[10]<\/sup><\/a><\/span> qui, actuellement, regorgent au sein de ces organismes \u00ab socialement inte\u0301resse\u0301s \u00bb<span class=\"footnote_referrer\"><a tabindex=\"0\" role=\"button\"><sup id=\"footnote_plugin_tooltip_901104440_1_11\" class=\"footnote_plugin_tooltip_text\">[11]<\/sup><\/a><\/span>.<\/p>\n<\/div>\n<div class=\"page\" title=\"Page 1\">\n<div class=\"layoutArea\">\n<div class=\"column\">\n<p>&nbsp;<\/p>\n<p><strong>2) FAIRE E\u0301VOLUER SON\u00a0MODE\u0300LE SOCIO-E\u0301CONOMIQUE ASSOCIATIF ?<\/strong><\/p>\n<p>L\u2019e\u0301volution des mode\u0300les socio-e\u0301conomiques des ISBL doit progressivement conduire ces organismes vers un mode de fonctionnement optimal \u2013 alliant performance e\u0301conomique et utilite\u0301 sociale \u2013 tout en leur permettant de mieux identifier les diffe\u0301rentes e\u0301tapes pour y parvenir. Cette proble\u0301matique n\u2019est donc pas quelque chose a\u0300 re\u0301soudre \u00ab une bonne fois pour toutes \u00bb, mais doit au contraire demeurer en permanence \u00ab au c\u0153ur de la re\u0301flexion et de la vie \u00bb<span class=\"footnote_referrer\"><a tabindex=\"0\" role=\"button\"><sup id=\"footnote_plugin_tooltip_901104440_1_12\" class=\"footnote_plugin_tooltip_text\">[12]<\/sup><\/a><\/span> de ces structures, cela afin de pre\u0301server la cohe\u0301rence des projets qu\u2019elles se proposent de porter, de trouver les moyens ne\u0301cessaires a\u0300 leur re\u0301alisation et d\u2019organiser les activite\u0301s susceptibles d\u2019en de\u0301couler.<\/p>\n<\/div>\n<div class=\"page\" title=\"Page 2\">\n<div class=\"layoutArea\">\n<div class=\"column\">\n<p>&nbsp;<\/p>\n<p><strong>POURQUOI ?<\/strong><\/p>\n<p>Les raisons pour lesquelles les ISBL sont amene\u0301es a\u0300 faire e\u0301voluer leur mode\u0300le socio- e\u0301conomique sont multiples et varie\u0301es. Elles peuvent e\u0301galement e\u0302tre tre\u0300s diffe\u0301rentes en fonction de leur degre\u0301 de maturite\u0301 ou de de\u0301veloppement.<\/p>\n<div class=\"page\" title=\"Page 2\">\n<div class=\"layoutArea\">\n<div class=\"column\">\n<p>&nbsp;<\/p>\n<ul>\n<li><strong>Re\u0301agir et e\u0301voluer<\/strong><\/li>\n<\/ul>\n<p>Faire e\u0301voluer son mode\u0300le socio-e\u0301conomique doit en effet demeurer une exigence constante, notamment en raison des contraintes nouvelles re\u0301gulie\u0300rement impose\u0301es par les financeurs \u2013 publics et\/ou prive\u0301s \u2013 et de la volonte\u0301 des ISBL de s\u2019y conformer, ou pas.<\/p>\n<p>Pour certaines d\u2019entre elles, il s\u2019agira de faire face a\u0300 une e\u0301volution des financements accorde\u0301s et, pour d\u2019autres, de s\u2019adapter a\u0300 une modification de leurs conditions d\u2019attribution. En effet, il n\u2019est pas rare qu\u2019une association ou une fondation s\u2019interroge sur la poursuite d\u2019une activite\u0301 lorsqu\u2019elle n\u2019est plus finance\u0301e et la question de sa de\u0301pendance a\u0300 une ressource spe\u0301cifique peut se poser de\u0300s lors que ce financement vient a\u0300 faire de\u0301faut.<\/p>\n<div class=\"page\" title=\"Page 2\">\n<div class=\"layoutArea\">\n<div class=\"column\">\n<p>Confronte\u0301es a\u0300 la rare\u0301faction des subventions publiques<span class=\"footnote_referrer\"><a tabindex=\"0\" role=\"button\"><sup id=\"footnote_plugin_tooltip_901104440_1_13\" class=\"footnote_plugin_tooltip_text\">[13]<\/sup><\/a><\/span>, les ISBL sont de plus en plus nombreuses a\u0300 adopter un mode\u0300le socio-e\u0301conomique inte\u0301grant un principe d\u2019hybridation des sources de financement, notamment en vue d\u2019e\u0301viter que la perte de l\u2019une d\u2019entre elles ne leur soit fatale. Ainsi, s\u2019adapter aux e\u0301volutions constantes de leur environnement, re\u0301pondre a\u0300 des besoins sociaux \u2013 non ou mal satisfaits \u2013 e\u0301mergeant dans leur territoire (pre\u0301servation de l\u2019environnement, emploi, culture, lutte contre la pauvrete\u0301 etc.), ou encore perfectionner leur gouvernance<span class=\"footnote_referrer\"><a tabindex=\"0\" role=\"button\"><sup id=\"footnote_plugin_tooltip_901104440_1_14\" class=\"footnote_plugin_tooltip_text\">[14]<\/sup><\/a><\/span> sont autant de raisons pour lesquelles il est important pour les ISBL de revisiter re\u0301gulie\u0300rement leur mode\u0300le socio-e\u0301conomique. Par conse\u0301quent, si la question du choix du mode\u0300le socio-e\u0301conomique se pose de\u0300s leur cre\u0301ation (quel projet ? quelle forme juridique ? quelles ressources induites ?), cette proble\u0301matique demeurera en pointille\u0301 tout au long de leur processus de de\u0301veloppement, les obligeant constamment a\u0300 anticiper les e\u0301le\u0301ments de contexte interne et externe susceptibles d\u2019impacter la poursuite des objectifs qu\u2019elles s\u2019assignent.<\/p>\n<div class=\"page\" title=\"Page 2\">\n<div class=\"layoutArea\">\n<div class=\"column\">\n<p><em>In fine<\/em>, il s\u2019agira principalement de re\u0301soudre dans la dure\u0301e l\u2019e\u0301quation budge\u0301taire lie\u0301e a\u0300 des e\u0301volutions endoge\u0300nes (en lien avec les membres, la dynamique interne, le climat social) et exoge\u0300nes (en lien notamment avec l\u2019e\u0301volution des logiques institutionnelles, sociologiques, culturelles, environnementales) afin de permettre aux ISBL de conserver leur efficience e\u0301conomique et, par conse\u0301quent, de renforcer leur impact en matie\u0300re de prise en charge de besoins ou d\u2019enjeux sociaux non ou mal re\u0301gule\u0301s.<\/p>\n<div class=\"page\" title=\"Page 2\">\n<div class=\"layoutArea\">\n<div class=\"column\">\n<p>&nbsp;<\/p>\n<ul>\n<li><strong>Se renforcer et se de\u0301velopper<\/strong><\/li>\n<\/ul>\n<p>Vouloir faire e\u0301voluer son mode\u0300le socio- e\u0301conomique rele\u0300ve de la responsabilite\u0301 de chaque ISBL. Pour celles qui le souhaitent, il s\u2019agira de de\u0301velopper leur impact sur le plan qualitatif et quantitatif en ame\u0301liorant la porte\u0301e de leur action (efficacite\u0301 de la prise en charge), mais aussi en augmentant leur nombre (de\u0301multiplication de la prise en charge, essaimage). Or, la\u0300 encore, compte tenu de la nature spe\u0301cifique de ces \u00ab nouveaux \u00bb modes d\u2019entreprendre<span class=\"footnote_referrer\"><a tabindex=\"0\" role=\"button\"><sup id=\"footnote_plugin_tooltip_901104440_1_15\" class=\"footnote_plugin_tooltip_text\">[15]<\/sup><\/a><\/span>, il appartiendra aux ISBL de renforcer leur organisation mate\u0301rielle et humaine afin de disposer de plus de moyens pour e\u0301laborer (quoi et pour qui ?) et produire (comment ?) cette \u00ab chai\u0302ne de valeurs \u00bb (utilite\u0301 sociale, inte\u0301re\u0302t ge\u0301ne\u0301ral, utilite\u0301 publique<span class=\"footnote_referrer\"><a tabindex=\"0\" role=\"button\"><sup id=\"footnote_plugin_tooltip_901104440_1_16\" class=\"footnote_plugin_tooltip_text\">[16]<\/sup><\/a><\/span>) qui, de\u0300s lors, se pre\u0301sente comme l\u2019e\u0301le\u0301ment central de leur mode\u0300le socio-e\u0301conomique. A\u0300 ce stade du de\u0301veloppement, les ISBL devront en outre savoir identifier les ressources, activite\u0301s et partenaires cle\u0301s qui leur permettront de cre\u0301er cette plus-value ajoute\u0301e, source d\u2019innovation et de transformation sociale<span class=\"footnote_referrer\"><a tabindex=\"0\" role=\"button\"><sup id=\"footnote_plugin_tooltip_901104440_1_17\" class=\"footnote_plugin_tooltip_text\">[17]<\/sup><\/a><\/span>.<\/p>\n<\/div>\n<\/div>\n<\/div>\n<\/div>\n<\/div>\n<\/div>\n<\/div>\n<\/div>\n<\/div>\n<\/div>\n<\/div>\n<\/div>\n<\/div>\n<\/div>\n<\/div>\n<\/div>\n<\/div>\n<\/div>\n<\/div>\n<\/div>\n<\/div>\n<\/div>\n<\/div>\n<\/div>\n<\/div>\n<div class=\"page\" title=\"Page 2\">\n<div class=\"layoutArea\">\n<div class=\"column\">\n<p>&nbsp;<\/p>\n<p><strong>COMMENT ?<\/strong><\/p>\n<p>Faire e\u0301voluer son mode\u0300le socio-e\u0301conomique suppose de pre\u0301server \u00ab l\u2019e\u0301quilibre de la maison \u00bb<span class=\"footnote_referrer\"><a tabindex=\"0\" role=\"button\"><sup id=\"footnote_plugin_tooltip_901104440_1_18\" class=\"footnote_plugin_tooltip_text\">[18]<\/sup><\/a><\/span> et, ainsi, de pe\u0301renniser son ISBL dans la dure\u0301e par la re\u0301ponse apporte\u0301e en continu a\u0300 cette question : comment optimiser les flux de revenus (produits) et la structure de cou\u0302ts (charges) ?<\/p>\n<p>Or, s\u2019agissant pre\u0301cise\u0301ment des ISBL, cette question ne\u0301cessite de tenir compte de la spe\u0301cificite\u0301 de leur mode d\u2019intervention e\u0301conomique : parce qu\u2019elles ont vocation a\u0300 satisfaire des besoins sociaux \u2013 ou environnementaux \u2013, une grande partie de leurs ressources (25 %) demeure encore issue de contributions publiques directes (subvention) et indirectes (exone\u0301ration, franchise) si l\u2019on y inte\u0300gre les ressources lie\u0301es au me\u0301ce\u0301nat (5 %)<span class=\"footnote_referrer\"><a tabindex=\"0\" role=\"button\"><sup id=\"footnote_plugin_tooltip_901104440_1_19\" class=\"footnote_plugin_tooltip_text\">[19]<\/sup><\/a><\/span>. Pour une large part, les mode\u0300les socio-e\u0301conomiques des ISBL devront donc principalement reposer sur un projet et des moyens d\u2019action clairement identifie\u0301s, mais e\u0301galement sur une organisation le\u0301gale et statutaire en ade\u0301quation parfaite avec les contraintes fiscales en de\u0301coulant \u2013 pre\u0301cise\u0301ment pour sanctuariser les 25 % de budget des ISBL vise\u0301es ci-dessus. Il s\u2019agira donc pour les ISBL d\u2019acque\u0301rir une parfaite mai\u0302trise de leur projet associatif et, bien entendu, des capacite\u0301s juridiques et financie\u0300res induites par ce projet \u2013 notamment en termes de mobilisation des ressources publiques et prive\u0301es possibles \u2013 afin d\u2019envisager une optimisation de leur re\u0301gime fiscal<span class=\"footnote_referrer\"><a tabindex=\"0\" role=\"button\"><sup id=\"footnote_plugin_tooltip_901104440_1_20\" class=\"footnote_plugin_tooltip_text\">[20]<\/sup><\/a><\/span>. Autrement dit, pour continuer a\u0300 be\u0301ne\u0301ficier de cette \u00ab manne financie\u0300re \u00bb d\u2019origine publique souvent incontournable, il est important pour les ISBL \u2013 a\u0300 l\u2019exception des fonds de dotation<span class=\"footnote_referrer\"><a tabindex=\"0\" role=\"button\"><sup id=\"footnote_plugin_tooltip_901104440_1_21\" class=\"footnote_plugin_tooltip_text\">[21]<\/sup><\/a><\/span> \u2013 de pre\u0301server leurs capacite\u0301s d\u2019innovation sociale<span class=\"footnote_referrer\"><a tabindex=\"0\" role=\"button\"><sup id=\"footnote_plugin_tooltip_901104440_1_22\" class=\"footnote_plugin_tooltip_text\">[22]<\/sup><\/a><\/span> par la formulation d\u2019une offre de services ou de biens<span class=\"footnote_referrer\"><a tabindex=\"0\" role=\"button\"><sup id=\"footnote_plugin_tooltip_901104440_1_23\" class=\"footnote_plugin_tooltip_text\">[23]<\/sup><\/a><\/span> qui se diffe\u0301rencie de celles d\u2019ores et de\u0301ja\u0300 existantes sur le marche\u0301 concurrentiel \u2013 selon les crite\u0300res de diffe\u0301renciation : utilite\u0301 sociale<span class=\"footnote_referrer\"><a tabindex=\"0\" role=\"button\"><sup id=\"footnote_plugin_tooltip_901104440_1_24\" class=\"footnote_plugin_tooltip_text\">[24]<\/sup><\/a><\/span> ou inte\u0301re\u0302t ge\u0301ne\u0301ral<span class=\"footnote_referrer\"><a tabindex=\"0\" role=\"button\"><sup id=\"footnote_plugin_tooltip_901104440_1_25\" class=\"footnote_plugin_tooltip_text\">[25]<\/sup><\/a><\/span> \u2013 et le respect d\u2019un certain nombre d\u2019autres obligations fiscales spe\u0301cifiques telles que la gestion de\u0301sinte\u0301resse\u0301e<span class=\"footnote_referrer\"><a tabindex=\"0\" role=\"button\"><sup id=\"footnote_plugin_tooltip_901104440_1_26\" class=\"footnote_plugin_tooltip_text\">[26]<\/sup><\/a><\/span> et la non-lucrativite\u0301<span class=\"footnote_referrer\"><a tabindex=\"0\" role=\"button\"><sup id=\"footnote_plugin_tooltip_901104440_1_27\" class=\"footnote_plugin_tooltip_text\">[27]<\/sup><\/a><\/span>.<\/p>\n<div class=\"page\" title=\"Page 3\">\n<div class=\"layoutArea\">\n<div class=\"column\">\n<p>De\u0300s lors, pour une ISBL, trouver le bon mode\u0300le socio-e\u0301conomique s\u2019apparente a\u0300 un ve\u0301ritable exercice d\u2019e\u0301quilibriste au quotidien, ce qui, dans un contexte de sortie de crise aux contours incertains, n\u2019est pas chose aise\u0301e.<\/p>\n<p>Au niveau de chaque structure, cela requiert une expertise pre\u0301cise (hybridation des ressources mone\u0301taires et non mone\u0301taires) et une agilite\u0301 certaine, en particulier lorsque l\u2019optimisation du mode\u0300le socio-e\u0301conomique ne\u0301cessitera de s\u2019adosser a\u0300 des organisations complexes<span class=\"footnote_referrer\"><a tabindex=\"0\" role=\"button\"><sup id=\"footnote_plugin_tooltip_901104440_1_28\" class=\"footnote_plugin_tooltip_text\">[28]<\/sup><\/a><\/span> (coope\u0301ration, mutualisation, voire fusion, cre\u0301ation de fonds de dotation<span class=\"footnote_referrer\"><a tabindex=\"0\" role=\"button\"><sup id=\"footnote_plugin_tooltip_901104440_1_29\" class=\"footnote_plugin_tooltip_text\">[29]<\/sup><\/a><\/span>) ou d\u2019engager une restructuration profonde (sectorisation ou filialisation<span class=\"footnote_referrer\"><a tabindex=\"0\" role=\"button\"><sup id=\"footnote_plugin_tooltip_901104440_1_30\" class=\"footnote_plugin_tooltip_text\">[30]<\/sup><\/a><\/span>, transformation). Au niveau du secteur, cela ne\u0301cessite de collaborer activement avec les instances repre\u0301sentatives du monde associatif et de l\u2019ESS (Le Mouvement associatif, ESS France, etc.) pour que ces mode\u0300les socio-e\u0301conomiques vertueux puissent \u00ab incarner le monde d\u2019apre\u0300s et l\u2019e\u0301conomie de demain \u00bb<span class=\"footnote_referrer\"><a tabindex=\"0\" role=\"button\"><sup id=\"footnote_plugin_tooltip_901104440_1_31\" class=\"footnote_plugin_tooltip_text\">[31]<\/sup><\/a><\/span>.<\/p>\n<\/div>\n<\/div>\n<\/div>\n<p><strong>Colas AMBLARD, docteur en droit,\u00a0<\/strong><b>avocat associ\u00e9<\/b><\/p>\n<p>NPS consulting avocats<\/p>\n<p>&nbsp;<\/p>\n<\/div>\n<\/div>\n<\/div>\n<\/div>\n<p><strong>En savoir plus :\u00a0<\/strong><\/p>\n<div class=\"page\" title=\"Page 1\">\n<div class=\"layoutArea\">\n<div class=\"column\">\n<p><strong><a href=\"https:\/\/institut-isbl.fr\/wp-content\/uploads\/sites\/3\/2021\/09\/26_28_dossier_apres_crise.pdf\">Juris Associations 642 \u2013 1er juillet 2021<\/a><\/strong><\/p>\n<p>Notes de lecture :<\/p>\n<\/div>\n<\/div>\n<\/div>\n<\/div>\n<\/div>\n<\/div>\n<div class=\"abh_box abh_box_down abh_box_business\">\n<div class=\"abh_tab_content\">\n<section class=\"vcard author abh_about_tab abh_tab\">\n<div class=\"abh_text\"><\/div>\n<\/section>\n<\/div>\n<\/div>\n<div class=\"speaker-mute footnotes_reference_container\">\n<div class=\"footnote_container_prepare\">\n<p>&nbsp;<\/p>\n<\/div>\n<div id=\"footnote_references_container_901104440_1\">\n<table class=\"footnotes_table footnote-reference-container\">\n<caption class=\"accessibility\">\u00a0<\/caption>\n<tbody>\n<tr class=\"footnotes_plugin_reference_row\">\n<th class=\"footnote_plugin_index_combi pointer\" scope=\"row\"><a id=\"footnote_plugin_reference_901104440_1_1\" class=\"footnote_backlink\"><\/a><span class=\"footnote_index_arrow\">\u2191<\/span>1<\/th>\n<td class=\"footnote_plugin_text\">Sur les mode\u0300les socio-e\u0301conomiques associatifs, v. en dernier lieu dossier \u00ab Mode\u0300les socio-e\u0301conomiques \u2013 Action\u2026 re\u0301action ! \u00bb, JA 2020, no 623, p. 15.<\/td>\n<\/tr>\n<tr class=\"footnotes_plugin_reference_row\">\n<th class=\"footnote_plugin_index_combi pointer\" scope=\"row\"><a id=\"footnote_plugin_reference_901104440_1_2\" class=\"footnote_backlink\"><\/a><span class=\"footnote_index_arrow\">\u2191<\/span>2<\/th>\n<td class=\"footnote_plugin_text\">V. not. A. Osterwalder, Y. Pigneur, Business model nouvelle ge\u0301ne\u0301ration \u2013 Un guide pour visionnaires, re\u0301volutionnaires et challengers, Pearson, 2011.<\/td>\n<\/tr>\n<tr class=\"footnotes_plugin_reference_row\">\n<th class=\"footnote_plugin_index_combi pointer\" scope=\"row\"><a id=\"footnote_plugin_reference_901104440_1_3\" class=\"footnote_backlink\"><\/a><span class=\"footnote_index_arrow\">\u2191<\/span>3<\/th>\n<td class=\"footnote_plugin_text\">B. Moingeon, L. Lehmann-Ortega, (Re\u0301)inventez votre business model \u2013 Avec l\u2019approche Odysse\u0301e 3.14, 2e e\u0301d., Dunod, 2017.<\/td>\n<\/tr>\n<tr class=\"footnotes_plugin_reference_row\">\n<th class=\"footnote_plugin_index_combi pointer\" scope=\"row\"><a id=\"footnote_plugin_reference_901104440_1_4\" class=\"footnote_backlink\"><\/a><span class=\"footnote_index_arrow\">\u2191<\/span>4<\/th>\n<td class=\"footnote_plugin_text\">Pour les associations, v. <a href=\"https:\/\/institut-isbl.fr\/gouvernance-entreprises-associatives-administration-fonctionnement-dalloz-juris-associations-serie-aout-2019\/\">C. Amblard, La Gouvernance des entreprises associatives, Juris e\u0301ditions \u2013 Dalloz, coll. \u00ab Hors-se\u0301rie \u00bb, aou\u0302t 2019.<\/a><\/td>\n<\/tr>\n<tr class=\"footnotes_plugin_reference_row\">\n<th class=\"footnote_plugin_index_combi pointer\" scope=\"row\"><a id=\"footnote_plugin_reference_901104440_1_5\" class=\"footnote_backlink\"><\/a><span class=\"footnote_index_arrow\">\u2191<\/span>5<\/th>\n<td class=\"footnote_plugin_text\">L. n\u00b0 2014-856 du 31 juill. 2014, JO du 1er aou\u0302t, art. 1er et 2.<\/td>\n<\/tr>\n<tr class=\"footnotes_plugin_reference_row\">\n<th class=\"footnote_plugin_index_combi pointer\" scope=\"row\"><a id=\"footnote_plugin_reference_901104440_1_6\" class=\"footnote_backlink\"><\/a><span class=\"footnote_index_arrow\">\u2191<\/span>6<\/th>\n<td class=\"footnote_plugin_text\">Oxfam France, \u00ab Ine\u0301galite\u0301s et pauvrete\u0301 en France : les voyants au rouge \u00bb, janv. 2021.<\/td>\n<\/tr>\n<tr class=\"footnotes_plugin_reference_row\">\n<th class=\"footnote_plugin_index_combi pointer\" scope=\"row\"><a id=\"footnote_plugin_reference_901104440_1_7\" class=\"footnote_backlink\"><\/a><span class=\"footnote_index_arrow\">\u2191<\/span>7<\/th>\n<td class=\"footnote_plugin_text\">BOFiP-Impo\u0302ts, BOI-IS-CHAMP-10-50-10-20 du 7 juin 2020, \u00a7 590, JA 2020, n\u00b0 613, p. 37, e\u0301tude C. Amblard in dossier \u00ab Gouvernance \u2013 Un je(u) collectif \u00bb.<\/td>\n<\/tr>\n<tr class=\"footnotes_plugin_reference_row\">\n<th class=\"footnote_plugin_index_combi pointer\" scope=\"row\"><a id=\"footnote_plugin_reference_901104440_1_8\" class=\"footnote_backlink\"><\/a><span class=\"footnote_index_arrow\">\u2191<\/span>8<\/th>\n<td class=\"footnote_plugin_text\">P.J. DiMaggio, W.W. Powell, \u00ab The Iron Cage Revisited : Institutional Isomorphism and Collective Rationality in Organizational Fields \u00bb, American Sociological Review, vol. 48, n\u00b0 2, 1983, p. 147-160 ; v. e\u0301gal. B. Enjolras, \u00ab Associations et isomorphisme institutionnel \u00bb, Recma 1996, n\u00b0 261.<\/td>\n<\/tr>\n<tr class=\"footnotes_plugin_reference_row\">\n<th class=\"footnote_plugin_index_combi pointer\" scope=\"row\"><a id=\"footnote_plugin_reference_901104440_1_9\" class=\"footnote_backlink\"><\/a><span class=\"footnote_index_arrow\">\u2191<\/span>9<\/th>\n<td class=\"footnote_plugin_text\"><a href=\"https:\/\/institut-isbl.fr\/but-non-lucratif-un-concept-incontournable-et-encore-mal-apprehende-par-les-associations\/\">C. Amblard, \u00ab But non lucratif : un concept incontournable encore mal mai\u0302trise\u0301 par les associations \u00bb, www.institut-isbl.fr, 26 juill. 2020.<\/a><\/td>\n<\/tr>\n<tr class=\"footnotes_plugin_reference_row\">\n<th class=\"footnote_plugin_index_combi pointer\" scope=\"row\"><a id=\"footnote_plugin_reference_901104440_1_10\" class=\"footnote_backlink\"><\/a><span class=\"footnote_index_arrow\">\u2191<\/span>10<\/th>\n<td class=\"footnote_plugin_text\"><a href=\"https:\/\/institut-isbl.fr\/apres-covid-19-leconomie-sociale-et-solidaire-prete-a-relever-le-defi-du-changement\/\">C. Amblard, \u00ab \u201cApre\u0300s\u201d Covid-19 : l\u2019e\u0301conomie sociale et solidaire pre\u0302te a\u0300 relever le de\u0301fi du changement ! \u00bb www.institut-isbl.fr, 27 avr. 2020.<\/a><\/td>\n<\/tr>\n<tr class=\"footnotes_plugin_reference_row\">\n<th class=\"footnote_plugin_index_combi pointer\" scope=\"row\"><a id=\"footnote_plugin_reference_901104440_1_11\" class=\"footnote_backlink\"><\/a><span class=\"footnote_index_arrow\">\u2191<\/span>11<\/th>\n<td class=\"footnote_plugin_text\"><a href=\"https:\/\/institut-isbl.fr\/gouvernance-entreprises-associatives-administration-fonctionnement-dalloz-juris-associations-serie-aout-2019\/\">C. Amblard, La Gouvernance des entreprises associatives, pre\u0301c., p. 194 et s.<\/a><\/td>\n<\/tr>\n<tr class=\"footnotes_plugin_reference_row\">\n<th class=\"footnote_plugin_index_combi pointer\" scope=\"row\"><a id=\"footnote_plugin_reference_901104440_1_12\" class=\"footnote_backlink\"><\/a><span class=\"footnote_index_arrow\">\u2191<\/span>12<\/th>\n<td class=\"footnote_plugin_text\">Coordination Sud, \u00ab Faire e\u0301voluer le mode\u0300le e\u0301conomique de son ONG \u2013 Pourquoi et comment ? \u00bb, juin 2020, JA 2020, n\u00b0 626, p. 9, obs. S. Sprungard.<\/td>\n<\/tr>\n<tr class=\"footnotes_plugin_reference_row\">\n<th class=\"footnote_plugin_index_combi pointer\" scope=\"row\"><a id=\"footnote_plugin_reference_901104440_1_13\" class=\"footnote_backlink\"><\/a><span class=\"footnote_index_arrow\">\u2191<\/span>13<\/th>\n<td class=\"footnote_plugin_text\">Entre 2005 et 2017, les subventions sont passe\u0301es en moyenne de 34 % a\u0300 20 % dans les budgets associatifs ; <a href=\"https:\/\/institut-isbl.fr\/paysage-associatif-francais-mesures-evolutions-3eme-edition\/\">V. Tchernonog, L. Prouteau, Le Paysage associatif franc\u0327ais \u2013 Mesures et e\u0301volutions, 3e e\u0301d., Juris e\u0301ditions \u2013 Dalloz, coll. \u00ab Hors-se\u0301rie \u00bb, mai 2019<\/a>.<\/td>\n<\/tr>\n<tr class=\"footnotes_plugin_reference_row\">\n<th class=\"footnote_plugin_index_combi pointer\" scope=\"row\"><a id=\"footnote_plugin_reference_901104440_1_14\" class=\"footnote_backlink\"><\/a><span class=\"footnote_index_arrow\">\u2191<\/span>14<\/th>\n<td class=\"footnote_plugin_text\"><a href=\"https:\/\/institut-isbl.fr\/moderniser-la-gouvernance-des-acteurs-de-less-lexemple-des-siae\/\">J. Tronchon, \u00ab Moderniser la gouvernance des acteurs de l\u2019ESS : l\u2019exemple des SIAE \u00bb, www.institut-isbl.fr, 20 avr. 2020<\/a>.<\/td>\n<\/tr>\n<tr class=\"footnotes_plugin_reference_row\">\n<th class=\"footnote_plugin_index_combi pointer\" scope=\"row\"><a id=\"footnote_plugin_reference_901104440_1_15\" class=\"footnote_backlink\"><\/a><span class=\"footnote_index_arrow\">\u2191<\/span>15<\/th>\n<td class=\"footnote_plugin_text\">JA 2018, n\u00b0 582, p. 35, e\u0301tude C. Amblard.<\/td>\n<\/tr>\n<tr class=\"footnotes_plugin_reference_row\">\n<th class=\"footnote_plugin_index_combi pointer\" scope=\"row\"><a id=\"footnote_plugin_reference_901104440_1_16\" class=\"footnote_backlink\"><\/a><span class=\"footnote_index_arrow\">\u2191<\/span>16<\/th>\n<td class=\"footnote_plugin_text\">JA 2016, n\u00b0 546, p. 24, e\u0301tude. C. Amblard.<\/td>\n<\/tr>\n<tr class=\"footnotes_plugin_reference_row\">\n<th class=\"footnote_plugin_index_combi pointer\" scope=\"row\"><a id=\"footnote_plugin_reference_901104440_1_17\" class=\"footnote_backlink\"><\/a><span class=\"footnote_index_arrow\">\u2191<\/span>17<\/th>\n<td class=\"footnote_plugin_text\">JA 2019, no 607, p. 12.<\/td>\n<\/tr>\n<tr class=\"footnotes_plugin_reference_row\">\n<th class=\"footnote_plugin_index_combi pointer\" scope=\"row\"><a id=\"footnote_plugin_reference_901104440_1_18\" class=\"footnote_backlink\"><\/a><span class=\"footnote_index_arrow\">\u2191<\/span>18<\/th>\n<td class=\"footnote_plugin_text\"><a href=\"https:\/\/institut-isbl.fr\/conduire-le-changement-de-son-modele-socio-economique-2\/\">Le Rameau, \u00ab Appropriation de la diversite\u0301 des mode\u0300les e\u0301conomiques \u2013 Savoir articuler vision, action, gestion \u00bb, 7e webinaire du cycle annuel, 15 avr. 2021.<\/a><\/td>\n<\/tr>\n<tr class=\"footnotes_plugin_reference_row\">\n<th class=\"footnote_plugin_index_combi pointer\" scope=\"row\"><a id=\"footnote_plugin_reference_901104440_1_19\" class=\"footnote_backlink\"><\/a><span class=\"footnote_index_arrow\">\u2191<\/span>19<\/th>\n<td class=\"footnote_plugin_text\"><a href=\"https:\/\/institut-isbl.fr\/paysage-associatif-francais-mesures-evolutions-3eme-edition\/\">V. Tchernonog, L. Prouteau, Le Paysage asso- ciatif franc\u0327ais \u2013 Mesures et e\u0301volutions, pre\u0301c<\/a><\/td>\n<\/tr>\n<tr class=\"footnotes_plugin_reference_row\">\n<th class=\"footnote_plugin_index_combi pointer\" scope=\"row\"><a id=\"footnote_plugin_reference_901104440_1_20\" class=\"footnote_backlink\"><\/a><span class=\"footnote_index_arrow\">\u2191<\/span>20<\/th>\n<td class=\"footnote_plugin_text\">JA 2020, n\u00b0 625, p. 36, e\u0301tude. C. Amblard.<\/td>\n<\/tr>\n<tr class=\"footnotes_plugin_reference_row\">\n<th class=\"footnote_plugin_index_combi pointer\" scope=\"row\"><a id=\"footnote_plugin_reference_901104440_1_21\" class=\"footnote_backlink\"><\/a><span class=\"footnote_index_arrow\">\u2191<\/span>21<\/th>\n<td class=\"footnote_plugin_text\">L. n\u00b0 2008-776 du 4 aou\u0302t 2008, art. 140, III, al. 3.<\/td>\n<\/tr>\n<tr class=\"footnotes_plugin_reference_row\">\n<th class=\"footnote_plugin_index_combi pointer\" scope=\"row\"><a id=\"footnote_plugin_reference_901104440_1_22\" class=\"footnote_backlink\"><\/a><span class=\"footnote_index_arrow\">\u2191<\/span>22<\/th>\n<td class=\"footnote_plugin_text\">JA 2020, no 613, p. 37, e\u0301tude. C. Amblard.<\/td>\n<\/tr>\n<tr class=\"footnotes_plugin_reference_row\">\n<th class=\"footnote_plugin_index_combi pointer\" scope=\"row\"><a id=\"footnote_plugin_reference_901104440_1_23\" class=\"footnote_backlink\"><\/a><span class=\"footnote_index_arrow\">\u2191<\/span>23<\/th>\n<td class=\"footnote_plugin_text\">Entre 2005 et 2017, les recettes d\u2019activite\u0301 sont passe\u0301es en moyenne de 49 % a\u0300 66 % dans les budgets associatifs ; V. Tchernonog, L. Prouteau,\u00a0Le Paysage associatif franc\u0327ais \u2013 Mesures et e\u0301volutions, pre\u0301c.<\/td>\n<\/tr>\n<tr class=\"footnotes_plugin_reference_row\">\n<th class=\"footnote_plugin_index_combi pointer\" scope=\"row\"><a id=\"footnote_plugin_reference_901104440_1_24\" class=\"footnote_backlink\"><\/a><span class=\"footnote_index_arrow\">\u2191<\/span>24<\/th>\n<td class=\"footnote_plugin_text\">OFIP-Impo\u0302ts, BOI-IS-CHAMP-10-50-10-20 du 7 juin 2017,\u00a7590a\u0300620.<\/td>\n<\/tr>\n<tr class=\"footnotes_plugin_reference_row\">\n<th class=\"footnote_plugin_index_combi pointer\" scope=\"row\"><a id=\"footnote_plugin_reference_901104440_1_25\" class=\"footnote_backlink\"><\/a><span class=\"footnote_index_arrow\">\u2191<\/span>25<\/th>\n<td class=\"footnote_plugin_text\">CGI, art. 200 et 238 bis.<\/td>\n<\/tr>\n<tr class=\"footnotes_plugin_reference_row\">\n<th class=\"footnote_plugin_index_combi pointer\" scope=\"row\"><a id=\"footnote_plugin_reference_901104440_1_26\" class=\"footnote_backlink\"><\/a><span class=\"footnote_index_arrow\">\u2191<\/span>26<\/th>\n<td class=\"footnote_plugin_text\">BOFIP-Impo\u0302ts, BOI-IS-CHAMP-10-50-10-20, pre\u0301c., \u00a7 50 a\u0300 510.<\/td>\n<\/tr>\n<tr class=\"footnotes_plugin_reference_row\">\n<th class=\"footnote_plugin_index_combi pointer\" scope=\"row\"><a id=\"footnote_plugin_reference_901104440_1_27\" class=\"footnote_backlink\"><\/a><span class=\"footnote_index_arrow\">\u2191<\/span>27<\/th>\n<td class=\"footnote_plugin_text\">Ibid., \u00a7 520 a\u0300 760.<\/td>\n<\/tr>\n<tr class=\"footnotes_plugin_reference_row\">\n<th class=\"footnote_plugin_index_combi pointer\" scope=\"row\"><a id=\"footnote_plugin_reference_901104440_1_28\" class=\"footnote_backlink\"><\/a><span class=\"footnote_index_arrow\">\u2191<\/span>28<\/th>\n<td class=\"footnote_plugin_text\">A 2015, n\u00b0 525, p. 37, e\u0301tude. C. Amblard.<\/td>\n<\/tr>\n<tr class=\"footnotes_plugin_reference_row\">\n<th class=\"footnote_plugin_index_combi pointer\" scope=\"row\"><a id=\"footnote_plugin_reference_901104440_1_29\" class=\"footnote_backlink\"><\/a><span class=\"footnote_index_arrow\">\u2191<\/span>29<\/th>\n<td class=\"footnote_plugin_text\"><a href=\"https:\/\/institut-isbl.fr\/parution-de-la-2eme-edition-de-louvrage-fonds-de-dotation-une-revolution-dans-le-monde-des-institutions-sans-but-lucratif\/\">C. Amblard, Fonds de dotation : une re\u0301volution dans le monde des institutions sans but lucratif, Wolters Kluwer, coll. \u00ab Lamy Axe Droit \u00bb, 2e e\u0301d., 2015<\/a>.<\/td>\n<\/tr>\n<tr class=\"footnotes_plugin_reference_row\">\n<th class=\"footnote_plugin_index_combi pointer\" scope=\"row\"><a id=\"footnote_plugin_reference_901104440_1_30\" class=\"footnote_backlink\"><\/a><span class=\"footnote_index_arrow\">\u2191<\/span>30<\/th>\n<td class=\"footnote_plugin_text\">JA 2021, n\u00b0 640, p. 33, e\u0301tude C. Amblard.<\/td>\n<\/tr>\n<tr class=\"footnotes_plugin_reference_row\">\n<th class=\"footnote_plugin_index_combi pointer\" scope=\"row\"><a id=\"footnote_plugin_reference_901104440_1_31\" class=\"footnote_backlink\"><\/a><span class=\"footnote_index_arrow\">\u2191<\/span>31<\/th>\n<td class=\"footnote_plugin_text\"><a href=\"https:\/\/institut-isbl.fr\/wp-content\/uploads\/sites\/3\/2020\/05\/Tribune-Saddier-ESS-et-les-Jours-dApr%C3%A8s-04052020.pdf\">J. Saddier, tribune \u00ab ESS France : \u201cPour que les jours d\u2019apre\u0300s soient les jours heureux !\u201d \u00bb, 4 mai 2020.<\/a><\/td>\n<\/tr>\n<\/tbody>\n<\/table>\n<\/div>\n<\/div>\n<div class=\"entry-content wrapper contenugenerique\">\n<hr \/>\n<\/div>\n<\/div>\n<\/article>\n<\/div>\n<\/div>\n<\/div>\n<\/div>\n<\/section>\n","protected":false},"excerpt":{"rendered":"<p>Les derniers mois qui pre\u0301ce\u0300dent vraisemblablement l\u2019arrive\u0301e d\u2019une sortie de crise sanitaire doivent e\u0302tre l\u2019occasion pour les associations d\u2019interroger leur mode\u0300le socio-e\u0301conomique. &nbsp; Bien plus qu\u2019un processus de diversification des ressources, le fait d\u2019interroger leur mode\u0300le socio-e\u0301conomique[1] impose de\u0301sormais aux institutions sans but lucratif (ISBL) \u2013 a\u0300 l\u2019instar des associations, fondations et fonds de dotation [&hellip;]<\/p>\n","protected":false},"author":2,"featured_media":0,"comment_status":"closed","ping_status":"closed","sticky":false,"template":"","format":"standard","meta":{"site-sidebar-layout":"default","site-content-layout":"","ast-site-content-layout":"default","site-content-style":"default","site-sidebar-style":"default","ast-global-header-display":"","ast-banner-title-visibility":"","ast-main-header-display":"","ast-hfb-above-header-display":"","ast-hfb-below-header-display":"","ast-hfb-mobile-header-display":"","site-post-title":"","ast-breadcrumbs-content":"","ast-featured-img":"","footer-sml-layout":"","ast-disable-related-posts":"","theme-transparent-header-meta":"","adv-header-id-meta":"","stick-header-meta":"","header-above-stick-meta":"","header-main-stick-meta":"","header-below-stick-meta":"","astra-migrate-meta-layouts":"default","ast-page-background-enabled":"default","ast-page-background-meta":{"desktop":{"background-color":"var(--ast-global-color-4)","background-image":"","background-repeat":"repeat","background-position":"center center","background-size":"auto","background-attachment":"scroll","background-type":"","background-media":"","overlay-type":"","overlay-color":"","overlay-opacity":"","overlay-gradient":""},"tablet":{"background-color":"","background-image":"","background-repeat":"repeat","background-position":"center center","background-size":"auto","background-attachment":"scroll","background-type":"","background-media":"","overlay-type":"","overlay-color":"","overlay-opacity":"","overlay-gradient":""},"mobile":{"background-color":"","background-image":"","background-repeat":"repeat","background-position":"center center","background-size":"auto","background-attachment":"scroll","background-type":"","background-media":"","overlay-type":"","overlay-color":"","overlay-opacity":"","overlay-gradient":""}},"ast-content-background-meta":{"desktop":{"background-color":"var(--ast-global-color-5)","background-image":"","background-repeat":"repeat","background-position":"center center","background-size":"auto","background-attachment":"scroll","background-type":"","background-media":"","overlay-type":"","overlay-color":"","overlay-opacity":"","overlay-gradient":""},"tablet":{"background-color":"var(--ast-global-color-5)","background-image":"","background-repeat":"repeat","background-position":"center center","background-size":"auto","background-attachment":"scroll","background-type":"","background-media":"","overlay-type":"","overlay-color":"","overlay-opacity":"","overlay-gradient":""},"mobile":{"background-color":"var(--ast-global-color-5)","background-image":"","background-repeat":"repeat","background-position":"center center","background-size":"auto","background-attachment":"scroll","background-type":"","background-media":"","overlay-type":"","overlay-color":"","overlay-opacity":"","overlay-gradient":""}},"footnotes":""},"categories":[283,266,386],"tags":[10,328,363],"class_list":["post-2851","post","type-post","status-publish","format-standard","hentry","category-article","category-avocat-et-association","category-avocat-specialise-en-droit-des-associations","tag-association","tag-modele-economique","tag-modele-economique-associatif"],"_links":{"self":[{"href":"https:\/\/www.npsconsulting-avocats.fr\/NPS\/wp-json\/wp\/v2\/posts\/2851","targetHints":{"allow":["GET"]}}],"collection":[{"href":"https:\/\/www.npsconsulting-avocats.fr\/NPS\/wp-json\/wp\/v2\/posts"}],"about":[{"href":"https:\/\/www.npsconsulting-avocats.fr\/NPS\/wp-json\/wp\/v2\/types\/post"}],"author":[{"embeddable":true,"href":"https:\/\/www.npsconsulting-avocats.fr\/NPS\/wp-json\/wp\/v2\/users\/2"}],"replies":[{"embeddable":true,"href":"https:\/\/www.npsconsulting-avocats.fr\/NPS\/wp-json\/wp\/v2\/comments?post=2851"}],"version-history":[{"count":0,"href":"https:\/\/www.npsconsulting-avocats.fr\/NPS\/wp-json\/wp\/v2\/posts\/2851\/revisions"}],"wp:attachment":[{"href":"https:\/\/www.npsconsulting-avocats.fr\/NPS\/wp-json\/wp\/v2\/media?parent=2851"}],"wp:term":[{"taxonomy":"category","embeddable":true,"href":"https:\/\/www.npsconsulting-avocats.fr\/NPS\/wp-json\/wp\/v2\/categories?post=2851"},{"taxonomy":"post_tag","embeddable":true,"href":"https:\/\/www.npsconsulting-avocats.fr\/NPS\/wp-json\/wp\/v2\/tags?post=2851"}],"curies":[{"name":"wp","href":"https:\/\/api.w.org\/{rel}","templated":true}]}}