{"id":2721,"date":"2020-11-02T11:29:09","date_gmt":"2020-11-02T09:29:09","guid":{"rendered":"http:\/\/www.npsconsulting-avocats.fr\/NPS\/?p=2721"},"modified":"2020-11-24T16:51:55","modified_gmt":"2020-11-24T14:51:55","slug":"institutions-sans-but-lucratif-comment-tenir-vos-assemblees-generales-en-periode-de-confinement-covid-19","status":"publish","type":"post","link":"https:\/\/www.npsconsulting-avocats.fr\/NPS\/institutions-sans-but-lucratif-comment-tenir-vos-assemblees-generales-en-periode-de-confinement-covid-19\/","title":{"rendered":"Institutions sans but lucratif : comment tenir vos assembl\u00e9es g\u00e9n\u00e9rales en p\u00e9riode de crise sanitaire ?"},"content":{"rendered":"<p><strong>Alors m\u00eame que la situation de crise sanitaire li\u00e9e au COVID-19 emp\u00eache ou limite toute circulation sur le territoire nationale et \u00e0 l\u2019\u00e9tranger, comment faire fonctionner votre institution sans but lucratif (ISBL) dans des conditions r\u00e9guli\u00e8res\u00a0? Des ordonnances du 25 mars 2020 applicables aux associations, mutuelles, coop\u00e9ratives ainsi qu\u2019aux fondations et fonds de dotation organisent la possibilit\u00e9 de d\u00e9lib\u00e9rer sous une forme d\u00e9mat\u00e9rialis\u00e9e. D\u00e9cryptage.<\/strong><\/p>\n<p><!--more--><\/p>\n<p>&nbsp;<\/p>\n<p>Traditionnellement, beaucoup d\u2019assembl\u00e9es g\u00e9n\u00e9rales et de r\u00e9unions de conseil d\u2019administrations doivent se tenir avant le 30 juin, soit parce qu\u2019il convient de proc\u00e9der \u00e0 l\u2019approbation des comptes arr\u00eat\u00e9s au 31 d\u00e9cembre de l\u2019ann\u00e9e pr\u00e9c\u00e9dente, soit parce que des op\u00e9rations de restructuration (fusion, scission ou apport partiel d\u2019actif)<a href=\"#_ftn1\" name=\"_ftnref1\">[1]<\/a> doivent \u00eatre ent\u00e9rin\u00e9es avant cette \u00e9ch\u00e9ance. Mais comment faire lorsque des mesures de fermeture des fronti\u00e8res ont \u00e9t\u00e9 prises ou lorsque toute circulation entre r\u00e9gions est interdite et que les r\u00e9unions sont limit\u00e9es \u00e0 10 personnes maximum ?<\/p>\n<p>&nbsp;<\/p>\n<h3><strong>I. R\u00c8GLES APPLICABLES AU SECTEUR DES ISBL COMPTE TENU DE LA SITUATION COVID-19<\/strong><\/h3>\n<p>&nbsp;<\/p>\n<h3><strong>1.1. Concernant la tenue des assembl\u00e9es g\u00e9n\u00e9rales<\/strong><\/h3>\n<p>Lors de son allocution du 13\u00a0avril dernier, Emmanuel Macron a abord\u00e9 la question du maintien de la fermeture des fronti\u00e8res avec les pays-non europ\u00e9ens \u00ab\u00a0<em>jusqu&rsquo;\u00e0 la mi-juillet au moins<\/em><em>\u00a0<\/em><em>\u00bb.<\/em><em>\u00a0<\/em>Par ailleurs, un certain nombre de pays interdisent pour le moment l&rsquo;acc\u00e8s de leurs ressortissants sur notre territoire national.<\/p>\n<p>&nbsp;<\/p>\n<h4><em>1.1.1. Report d\u2019une assembl\u00e9e g\u00e9n\u00e9rale organis\u00e9e en France ou \u00e0 l\u2019\u00e9tranger<\/em><\/h4>\n<p>A l\u2019heure actuelle, il n\u2019est pas possible de savoir si la fermeture des fronti\u00e8res sera lev\u00e9e, apr\u00e8s la mi-juillet, ni si les restrictions prises en mati\u00e8re de circulation sur le territoire national ou du droit de se r\u00e9unir au-del\u00e0 de 10 personnes seront lev\u00e9es.<\/p>\n<p>Dans ces conditions certaines associations, parmi lesquelles les ONG, s\u2019interrogent sur la possibilit\u00e9 d\u2019organiser des assembl\u00e9es g\u00e9n\u00e9rales ou des r\u00e9unions de conseil d\u2019administrations en France ou \u00e0 l\u2019\u00e9tranger.<\/p>\n<p>En tout \u00e9tat de cause, il est parfaitement loisible \u00e0 une association de d\u00e9placer la date de tenue de son assembl\u00e9e g\u00e9n\u00e9rale, particuli\u00e8rement en raison des circonstances actuelles.<\/p>\n<p>Par cons\u00e9quent, il convient de v\u00e9rifier vos statuts afin d\u2019identifier l\u2019organe d\u00e9lib\u00e9rant qui dispose du pouvoir de convoquer l\u2019assembl\u00e9e g\u00e9n\u00e9rale afin que ce dernier puisse valablement d\u00e9cider de reporter les r\u00e9unions initialement pr\u00e9vues si aucune autre solution n\u2019appara\u00eet envisageable (cf. <em>infra <\/em>2.1.3).<\/p>\n<p>&nbsp;<\/p>\n<h4><em>1.1.2. Maintien de l\u2019assembl\u00e9e g\u00e9n\u00e9rale sous forme d\u00e9mat\u00e9rialis\u00e9e<\/em><\/h4>\n<p>A l\u2019heure actuelle et jusqu\u2019\u00e0 nouvel ordre, il est parfaitement possible de tenir une assembl\u00e9e g\u00e9n\u00e9rale sous une forme d\u00e9mat\u00e9rialis\u00e9e dans le cadre du dispositif COVID-19 (<a href=\"https:\/\/www.legifrance.gouv.fr\/affichTexte.do?cidTexte=JORFTEXT000041755899&amp;categorieLien=id\">Ord. n\u00b02020-321 du 25 mars 2020<\/a>, art. 3 \u00e0 6).<\/p>\n<p>L\u2019article 4 de l\u2019ordonnance du 25 mars 2020 pr\u00e9cit\u00e9e autorise, en effet, la tenue des assembl\u00e9es sans que les membres assistent physiquement \u00e0 la s\u00e9ance. Ces mesures concernent les assembl\u00e9es g\u00e9n\u00e9rales devant se r\u00e9unir en un endroit ayant fait l\u2019objet d\u2019une mesure administrative limitant ou interdisant les rassemblements collectifs pour des motifs sanitaires.<\/p>\n<p>Ce dispositif exceptionnel rappelle qu\u2019il est indispensable de permettre aux assembl\u00e9es g\u00e9n\u00e9rales de statuer sur les d\u00e9cisions relevant de leur comp\u00e9tence et dont l\u2019ajournement pourrait avoir des cons\u00e9quences significatives sur le fonctionnement de l\u2019association.<\/p>\n<p>Mais, si l\u2019ordonnance dispense les associations de tenir physiquement des assembl\u00e9es g\u00e9n\u00e9rales, ces organismes doivent pour autant continuer \u00e0 respecter les obligations l\u00e9gales et statutaires qui leur sont applicables (sauf pour ce qui concerne l\u2019approbation des comptes \u2013 cf <em>infra <\/em>2.1.3) et les autres droits des membres, tels que le droit de vote ou de poser des questions restent inchang\u00e9s.<\/p>\n<p>&nbsp;<\/p>\n<h4><em>1.1.3. Organe comp\u00e9tent pour d\u00e9cider de d\u00e9lib\u00e9rer sous la forme d\u00e9mat\u00e9rialis\u00e9e <\/em><\/h4>\n<p>En application de l\u2019article 4 de l\u2019ordonnance du 25 mars 2020 pr\u00e9cit\u00e9e, l\u2019organe comp\u00e9tent pour convoquer ou le repr\u00e9sentant l\u00e9gal agissant sur d\u00e9l\u00e9gation peut d\u00e9cider que l\u2019assembl\u00e9e g\u00e9n\u00e9rale se tiendra sans que les membres et les autres personnes ayant le droit d\u2019y assister ne soient pr\u00e9sents physiquement.<\/p>\n<p>Ce sera \u00e0 lui de choisir le mode de d\u00e9mat\u00e9rialisation\u00a0auquel il souhaite recourir (cf. <em>infra <\/em>2.2.1. et 2.2.2.).<\/p>\n<p>Ce choix pourra concerner l\u2019ensemble des d\u00e9cisions relevant de la comp\u00e9tence des assembl\u00e9es g\u00e9n\u00e9rales ordinaires ou extraordinaires, c\u2019est-\u00e0-dire celles relatives aux comptes (cf. <em>infra<\/em> 2.1.2., f) ou celles portant sur la validation d\u00e9finitive d\u2019un trait\u00e9 de fusion, scission ou apport partiel d\u2019actif.<\/p>\n<p><strong><em>a) Modes de d\u00e9mat\u00e9rialisation<\/em><\/strong><\/p>\n<p>Il convient de distinguer le vote en ligne (avec consultation \u00e9crite), des votes \u00e0 distance (votes \u00e9lectroniques), des visioconf\u00e9rences ou encore des proc\u00e9d\u00e9s de signature \u00e9lectronique.<\/p>\n<p>L\u2019article 6 assouplit le recours \u00e0 la consultation \u00e9crite des assembl\u00e9es g\u00e9n\u00e9rales en la rendant possible \u00ab\u00a0<em>sans qu\u2019une clause des statuts (\u2026) ne soit n\u00e9cessaire \u00e0 cet effet ni ne puisse s\u2019y opposer.<\/em>\u00a0\u00bb (par d\u00e9rogation \u00e0 la jurisprudence applicable\u00a0: <a href=\"https:\/\/www.courdecassation.fr\/jurisprudence_2\/premiere_chambre_civile_568\/102_25_35941.html\">Cass. 1<sup>\u00e8re<\/sup> civ. 25 janv. 2017, n\u00b015-25.561<\/a>).<\/p>\n<p>Pour tous les autres modes de d\u00e9mat\u00e9rialisation, un doute subsiste sur la n\u00e9cessit\u00e9 que les statuts pr\u00e9voient un tel recours compte tenu de la jurisprudence pr\u00e9cit\u00e9e. Mais ce doute nous semble tenir \u00e0 une impr\u00e9cision dans la r\u00e9daction de l\u2019ordonnance n\u00b02020-321 du 25 mars 2020, si l\u2019on en juge le I de l\u2019article 5 de cette m\u00eame ordonnance et compte tenu de l\u2019esprit de cette ordonnance.<\/p>\n<p>En tout \u00e9tat de cause, pour les associations ou fondations reconnues d\u2019utilit\u00e9 publique qui ont adopt\u00e9 les statuts-types de vigueur, dans leur version propos\u00e9e du 19 juin 2018, cette possibilit\u00e9 de d\u00e9lib\u00e9rer sous une forme d\u00e9mat\u00e9rialis\u00e9e est bel et bien pr\u00e9vue.<\/p>\n<p><strong><em>b) Moyens techniques utilis\u00e9s<\/em><\/strong><\/p>\n<p>Quel que soit le moyen technique utilis\u00e9, celui-ci doit garantir l\u2019int\u00e9grit\u00e9 et la qualit\u00e9 des d\u00e9bats\u00a0; \u00e0 d\u00e9faut, l\u2019association ne saurait recourir auxdits moyens.<\/p>\n<p><strong><em>c) Droit d\u2019information pr\u00e9alable des membres<\/em><\/strong><\/p>\n<p><em>\u00a0<\/em>Ce dispositif \u00e9tend et facilite l\u2019exercice d\u00e9mat\u00e9rialis\u00e9 du droit de communication des documents n\u00e9cessaires aux membres d\u2019une assembl\u00e9e g\u00e9n\u00e9rale pour leur permettre de d\u00e9lib\u00e9rer en toute connaissance de cause.<\/p>\n<p>Ainsi, lorsqu\u2019un organisme doit statutaire ou r\u00e8glementairement faire droit \u00e0 une demande de communication d\u2019un document ou d\u2019une information \u00e0 un membre d\u2019une assembl\u00e9e, pr\u00e9alablement \u00e0 la tenue de celle-ci, cette communication peut d\u00e9sormais \u00eatre effectu\u00e9e par message \u00e9lectronique, sous r\u00e9serve que le membre indique dans sa demande son adresse \u00e9lectronique.<\/p>\n<p><em>\u00a0<\/em><strong><em>d) Modalit\u00e9s de convocation<\/em><\/strong><\/p>\n<p>Lorsque tout ou partie des formalit\u00e9s de convocation de l\u2019assembl\u00e9e g\u00e9n\u00e9rale ont \u00e9t\u00e9 accomplies et qu\u2019ult\u00e9rieurement l\u2019organe d\u00e9lib\u00e9rant d\u00e9cide de recourir aux techniques de d\u00e9mat\u00e9rialisation pour la tenue de cette assembl\u00e9e, les membres doivent en \u00eatre inform\u00e9s par tous les moyens 3 jours ouvr\u00e9s au moins avant la date de cette assembl\u00e9e g\u00e9n\u00e9rale, sans pr\u00e9judice des formalit\u00e9s restant \u00e0 accomplir \u00e0 la date de cette d\u00e9cision.<\/p>\n<p>Dans ce cas, la modification du lieu de l\u2019assembl\u00e9e ou des modes de participations ne donne pas lieu au renouvellement des formalit\u00e9s de convocation et ne constitue pas une irr\u00e9gularit\u00e9 de convocation.<\/p>\n<p><strong><em>e) Modalit\u00e9s de d\u00e9lib\u00e9ration : quorum et majorit\u00e9<\/em><\/strong><\/p>\n<p><em>\u00a0<\/em>Sans qu\u2019une clause des statuts ne soit n\u00e9cessaire \u00e0 cet effet, ni ne puisse s\u2019y opposer, l\u2019organe d\u00e9lib\u00e9rant comp\u00e9tent ou son d\u00e9l\u00e9gataire peut d\u00e9cider que sont r\u00e9put\u00e9s pr\u00e9sents pour le calcul du quorum et de la majorit\u00e9 les membres des assembl\u00e9es qui participent par une conf\u00e9rence t\u00e9l\u00e9phonique ou audiovisuelle permettant leur identification.<\/p>\n<p>Les autres personnes ayant le droit d\u2019assister aux s\u00e9ances des assembl\u00e9es peuvent y assister par les m\u00eames moyens.<\/p>\n<p><strong><em>f) Retranscription des d\u00e9lib\u00e9rations<\/em><\/strong><\/p>\n<p>Les moyens techniques mis en \u0153uvre doivent au moins transmettre la voix des participants et permettre la retransmission continue et simultan\u00e9e des d\u00e9lib\u00e9rations.<\/p>\n<p>&nbsp;<\/p>\n<h4><em>1.1.4 Sur les r\u00e8gles sp\u00e9cifiques en mati\u00e8re d\u2019approbation des comptes<\/em><\/h4>\n<p>Pour les associations ayant une activit\u00e9 \u00e9conomique et l\u2019obligation, \u00e0 ce titre, d\u2019\u00e9tablir des comptes annuels et de les soumettre, avec le rapport de gestion, \u00e0 l\u2019approbation de l\u2019assembl\u00e9e g\u00e9n\u00e9rale au plus tard dans les six mois de la cl\u00f4ture de l\u2019exercice, ce d\u00e9lai de six mois ne peut \u00eatre prolong\u00e9, en principe, qu\u2019\u00e0 la demande du repr\u00e9sentant l\u00e9gal de l\u2019association, par ordonnance du pr\u00e9sident tribunal judiciaire statuant sur requ\u00eate\u00a0<em>(<a href=\"https:\/\/www.legifrance.gouv.fr\/affichCodeArticle.do?cidTexte=LEGITEXT000005634379&amp;idArticle=LEGIARTI000006268865\">C. com. art. R 612-2<\/a> modifi\u00e9)<\/em>.<\/p>\n<p>Un assouplissement, par mesures gouvernementales, a cependant \u00e9t\u00e9 pr\u00e9vu s\u2019agissant de l\u2019approbation des comptes de l\u2019exercice 2019 compte tenu de la situation exceptionnelle li\u00e9e \u00e0 la crise sanitaire.<\/p>\n<p>L\u2019<a href=\"https:\/\/www.legifrance.gouv.fr\/affichTexte.do?cidTexte=JORFTEXT000041755864&amp;categorieLien=id\">ordonnance n\u00b02020-318 du 25 mars 2020<\/a> laisse un\u00a0d\u00e9lai suppl\u00e9mentaire de 3 mois, soit jusqu\u2019au 30 septembre 2020<strong>,<\/strong>\u00a0pour r\u00e9aliser les obligations relatives \u00e0 l\u2019\u00e9tablissement et l\u2019approbation des comptes.<\/p>\n<p><em>\u00a0<\/em><\/p>\n<h3><strong>1.2. Concernant la tenue des r\u00e9unions des conseils d&rsquo;administration, de surveillance ou de direction<\/strong><\/h3>\n<p>&nbsp;<\/p>\n<h4><strong><em>1.2.1. D\u00e9lib\u00e9rations au moyen d\u2019une conf\u00e9rence t\u00e9l\u00e9phonique ou audiovisuelle<\/em><\/strong><\/h4>\n<p>Sans qu&rsquo;une clause des statuts ou du r\u00e8glement int\u00e9rieur soit n\u00e9cessaire \u00e0 cet effet, ni ne puisse s&rsquo;y opposer, sont r\u00e9put\u00e9s pr\u00e9sents aux r\u00e9unions des organes coll\u00e9giaux d&rsquo;administration, de surveillance ou de direction, leurs membres qui y participent au moyen d&rsquo;une conf\u00e9rence t\u00e9l\u00e9phonique ou audiovisuelle permettant leur identification et garantissant leur participation effective.<\/p>\n<p>Ces moyens transmettent au moins la voix des participants et satisfont \u00e0 des caract\u00e9ristiques techniques permettant la retransmission continue et simultan\u00e9e des d\u00e9lib\u00e9rations.<\/p>\n<p>Ces dispositions sont applicables quel que soit l&rsquo;objet de la d\u00e9cision sur laquelle l&rsquo;organe est appel\u00e9 \u00e0 statuer.<\/p>\n<h4><strong><em>1.2.2. D\u00e9lib\u00e9rations prises par voie de consultation \u00e9crite<\/em><\/strong><\/h4>\n<p>Sans qu&rsquo;une clause des statuts ou du r\u00e8glement int\u00e9rieur ne soit n\u00e9cessaire \u00e0 cet effet ni ne puisse s&rsquo;y opposer, les d\u00e9cisions des organes coll\u00e9giaux d&rsquo;administration, de surveillance ou de direction peuvent \u00eatre prises par voie de consultation \u00e9crite de leurs membres dans des conditions assurant la coll\u00e9gialit\u00e9 de la d\u00e9lib\u00e9ration.<\/p>\n<p>Ces dispositions sont \u00e9galement applicables quel que soit l&rsquo;objet de la d\u00e9cision sur laquelle l&rsquo;organe est appel\u00e9 \u00e0 statuer.<\/p>\n<p>&nbsp;<\/p>\n<h3><strong><em>1.3. Conseil consultatif<\/em><\/strong><\/h3>\n<p>Aucune disposition sp\u00e9cifique ne concerne les organes simplement consultatifs, tel que par exemple le Conseil consultatif pr\u00e9vu par l\u2019article 2 du <a href=\"https:\/\/www.legifrance.gouv.fr\/affichTexteArticle.do;jsessionid=7CD6E2AE04AFF9159F4E901D066CE9F5.tplgfr37s_1?idArticle=LEGIARTI000020248546&amp;cidTexte=LEGITEXT000020248532&amp;dateTexte=20200502\">d\u00e9cret n\u00b02009-158 du 11 f\u00e9vrier 2009<\/a> pr\u00e9vu pour les fonds de dotation \u00ab<em>\u00a0lorsque le montant de la dotation exc\u00e8de 1 million d\u2019euros<\/em>.\u00a0\u00bb<\/p>\n<p>N\u00e9anmoins, il serait logique de penser que les dispositions ci-dessus au 2.2. sont applicables dans des conditions identiques, <em>a fortiori <\/em>si la r\u00e9union de cet organe est pr\u00e9vue le m\u00eame jour.<\/p>\n<p>&nbsp;<\/p>\n<h3>II. PR\u00c9CONISATIONS STRAT\u00c9GIQUES EN MATI\u00c8RE DE <strong>D\u00c9LIB\u00c9RATIONS<\/strong> A DISTANCE<\/h3>\n<p>&nbsp;<\/p>\n<h3><strong>2.1. Votre ISBL doit s\u2019adapter aux circonstances<\/strong><\/h3>\n<p>En tout \u00e9tat de cause, si les restrictions impos\u00e9es par la situation sanitaire li\u00e9e au COVID-19 devaient perdurer, il conviendrait soit de reporter vos r\u00e9unions pr\u00e9vues en France ou \u00e0 l\u2019\u00e9tranger jusqu\u2019au 30 septembre prochain, soit de d\u00e9lib\u00e9rer par voie d\u00e9mat\u00e9rialis\u00e9e conform\u00e9ment aux dispositions d\u00e9crites ci-dessus, si ce dispositif exceptionnel \u00e9tait maintenu au-del\u00e0 de la mi-juillet 2020.<\/p>\n<p>A cet effet, il importe d&rsquo;op\u00e9rer au pr\u00e9alable une v\u00e9rification de ce que pr\u00e9voient vos statuts et r\u00e8glement int\u00e9rieur en mati\u00e8re de tenue d\u2019assembl\u00e9e g\u00e9n\u00e9rale et d\u2019organisation de r\u00e9unions des organes consultatifs ou de gestion.<\/p>\n<p>Si certaines de r\u00e8gles modalit\u00e9s statutaires ou r\u00e8glementaires de fonctionnement interne semblent adapt\u00e9es \u00e0 la mise en \u0153uvre d\u2019un proc\u00e9d\u00e9 de vote \u00e0 distance, compte tenu de la nature de votre ISBL, il importe de continuer d\u2019en faire application de fa\u00e7on rigoureuse.<\/p>\n<p>Si tel n\u2019est pas le cas, il appartiendra pr\u00e9alablement au conseil d\u2019administration, si ce dernier dispose de ces pouvoirs statutaires, de compl\u00e9ter le r\u00e8glement int\u00e9rieur en int\u00e9grant des r\u00e8gles de fonctionnement propres \u00e0 la tenue des assembl\u00e9es g\u00e9n\u00e9rales en int\u00e9grant un dispositif organisant un syst\u00e8me de d\u00e9lib\u00e9rations par voie d\u00e9mat\u00e9rialis\u00e9e.<\/p>\n<p>Pour s\u2019assurer de la r\u00e9gularit\u00e9 de ces d\u00e9cisions et afin de limiter les risques de remises en cause des d\u00e9cisions prises par les instances (pour des questions de r\u00e9gularit\u00e9 \u2013 prescription : 5 ans), dans ces conditions exceptionnelles, il est essentiel de conserver des preuves<strong>\u00a0<\/strong>des modalit\u00e9s de prise de d\u00e9cisions.<\/p>\n<p>&nbsp;<\/p>\n<h3><strong>2.2. Ind\u00e9pendamment des circonstances, votre ISBL doit continuer \u00e0 d\u00e9lib\u00e9rer dans des conditions r\u00e9guli\u00e8res <\/strong><\/h3>\n<p>Sur le plan de la r\u00e9gularit\u00e9 des d\u00e9cisions \u00e0 prendre, il conviendra en outre de pouvoir d\u00e9montrer la qualit\u00e9 des moyens techniques mis en \u0153uvre, c\u2019est-\u00e0-dire :<\/p>\n<ul>\n<li>s\u2019assurer que l\u2019ensemble des membres dispose techniquement de la possibilit\u00e9 de d\u00e9lib\u00e9rer sous une forme d\u00e9mat\u00e9rialis\u00e9e (e-mail, t\u00e9l\u00e9phone, ordinateur compatible avec le logiciel utilis\u00e9\u2026),<\/li>\n<li>v\u00e9rifier que les membres ont tous les comp\u00e9tences n\u00e9cessaires pour utiliser leur mat\u00e9riel informatique et, surtout, de mettre en place les solutions techniques de vote \u00e0 distance,<\/li>\n<li>disposer d\u2019une justification des pr\u00e9sences\u00a0: impressions d\u2019\u00e9cran, enregistrement des \u00e9changes, copie de messages dans les outils de \u00ab\u00a0chat\u00a0\u00bb,<\/li>\n<li>organiser un enregistrement audio ou vid\u00e9o des votes \u00e9mis et des r\u00e9sultats des diff\u00e9rents scrutins,<\/li>\n<li>mentionner dans les proc\u00e8s-verbaux l\u2019outil de communication audio ou vid\u00e9o utilis\u00e9,<\/li>\n<li>conserver la fiche technique de l\u2019outil utilis\u00e9.<\/li>\n<\/ul>\n<p>En outre, comme pour toute r\u00e9union de vos instances, il s\u2019agira de\u00a0:<\/p>\n<ul>\n<li>s\u2019assurer que tous les membres ont bien \u00e9t\u00e9 convoqu\u00e9s (pr\u00e9voir de demander un accus\u00e9 de r\u00e9ception pour toute convocation par e-mail),<\/li>\n<li>s\u2019assurer que l\u2019ensemble des documents, devant \u00eatre transmis aux membres pr\u00e9alablement \u00e0 la r\u00e9union, est bien parvenu aux membres (v\u00e9rifier que le volume des documents ne d\u00e9passe pas la capacit\u00e9 de r\u00e9ception des membres ; et au besoin utiliser une solution de type <a href=\"https:\/\/wetransfer.com\/\">WeTransfer<\/a>),<\/li>\n<li>respecter le quorum (s\u2019il existe) et les r\u00e8gles de majorit\u00e9 pr\u00e9vues dans les statuts ou le r\u00e8glement int\u00e9rieur,<\/li>\n<li>s\u2019assurer de la comptabilisation des mandats de repr\u00e9sentation (s\u2019ils sont admis statutairement),<\/li>\n<li>r\u00e9diger des proc\u00e8s-verbaux qu\u2019il conviendra de faire signer dans les formes ordinaires.<\/li>\n<\/ul>\n<p>Pour plus de s\u00e9curit\u00e9, vous pouvez m\u00eame demander aux organes de l\u2019association, avant toute prise de d\u00e9cisions, de valider les modalit\u00e9s de vote exceptionnelles.<\/p>\n<p>&nbsp;<\/p>\n<h3><strong>III. CONCERNANT LA PROBL\u00c9MATIQUE DE RENOUVELLEMENT DES MANDATS D\u2019ADMINISTRATEURS ARRIV\u00c9S A \u00c9CH\u00c9ANCE<\/strong><\/h3>\n<p>La r\u00e9solution de cette probl\u00e9matique d\u00e9coule directement de la possibilit\u00e9 ou non de tenir l\u2019assembl\u00e9e g\u00e9n\u00e9rale dans les d\u00e9lais initialement impartis (cf <em>supra<\/em>).<\/p>\n<p>Si la fermeture des fronti\u00e8res devait perdurer au-del\u00e0 de mi-juillet 2020 ou si les restrictions pr\u00e9c\u00e9demment d\u00e9crites devaient \u00eatre maintenues, la seule possibilit\u00e9 consisterait, soit \u00e0 repousser la tenue de cette r\u00e9union, soit \u00e0 proc\u00e9der par la voie d\u00e9mat\u00e9rialis\u00e9e dans les conditions ci-avant d\u00e9crites.<\/p>\n<p>Dans l\u2019hypoth\u00e8se o\u00f9 la premi\u00e8re option serait retenue, une telle situation am\u00e8nerait \u00e0 proroger \u00e0 titre exceptionnel les mandats des administrateurs actuellement en poste, jusqu\u2019aux plus prochaines r\u00e9unions susceptibles de se tenir valablement.<\/p>\n<p>La deuxi\u00e8me hypoth\u00e8se permettrait au contraire de purger l\u2019ordre du jour, tel que pr\u00e9vu initialement (sans obligation de prendre des d\u00e9cisions provisoires ou d\u00e9rogatoires).<\/p>\n<p>&nbsp;<\/p>\n<h3><strong>IV. CONCERNANT LA PROBL\u00c9MATIQUE DE FIXATION DES COTISATIONS RE\u00c7UES OU A PERCEVOIR<\/strong><\/h3>\n<p>Si votre ISBL rencontre des difficult\u00e9s ind\u00e9pendantes de sa volont\u00e9 et remplissant les cas de force majeure (selon les crit\u00e8res d\u2019impr\u00e9visibilit\u00e9, irr\u00e9sistibilit\u00e9 et d\u2019ext\u00e9riorit\u00e9 en application de l\u2019article 1218 du Code civil) li\u00e9es \u00e0 la crise sanitaire actuelle, il n\u2019emp\u00eache que cette derni\u00e8re est n\u00e9anmoins en mesure de poursuivre ses activit\u00e9s statutaires, m\u00eame de fa\u00e7on d\u00e9rogatoire ou \u00e0 distance.<\/p>\n<p>Dans ces conditions, les membres doivent absolument maintenir leurs engagements pour le pass\u00e9 mais aussi pour le futur, s\u2019ils veulent garantir la p\u00e9rennit\u00e9 financi\u00e8re de leur structure.<\/p>\n<p>Pour les cotisations d&rsquo;ores et d\u00e9j\u00e0 vers\u00e9es courant 2020, l&rsquo;ISBL ne subit aucune contraire particuli\u00e8re en terme de remboursement. Cela \u00e9tant, il lui est toujours possible de d\u00e9caler les pr\u00e9l\u00e8vements s&rsquo;il est pr\u00e9vu que le paiement de ces derni\u00e8res interviennent par fraction voire m\u00eame de d\u00e9livrer des <a href=\"https:\/\/www.service-public.fr\/professionnels-entreprises\/vosdroits\/F22263\">re\u00e7us fiscaux au titre du m\u00e9c\u00e9nat<\/a> lorsque l&rsquo;organisme rempli les crit\u00e8res de l&rsquo;int\u00e9r\u00eat g\u00e9n\u00e9ral (CGI, art. 200 et 238 bis), solution par ailleurs valable hors situation Covid-19.<\/p>\n<p>&nbsp;<\/p>\n<h3><strong>V. SUR LES AUTRES DISPOSITIFS D\u2019ACCOMPAGNEMENT ET DE SOUTIEN DES ISBL AU REGARD DE LA SITUATION COVID-19<\/strong><\/h3>\n<p>En tout \u00e9tat de cause, votre ISBL doit s\u2019efforcer au maximum de se tenir inform\u00e9e des derni\u00e8res mesures prises dans le cadre du dispositif COVID-19.<\/p>\n<p>Ils sont actuellement trop nombreux pour \u00eatre d\u00e9velopp\u00e9s de fa\u00e7on exhaustive dans le cadre du pr\u00e9sent article.<\/p>\n<p>A toutes fins utiles, vous pouvez consulter les informations diffus\u00e9es sur les sites internet suivants :<\/p>\n<ul>\n<li>Mouvement associatif\u00a0: <a href=\"https:\/\/lemouvementassociatif.org\/covid-19-associations-faire-face-a-la-crise\/\">https:\/\/lemouvementassociatif.org\/covid-19-associations-faire-face-a-la-crise\/<\/a><\/li>\n<li>Institut ISBL\u00a0: <a href=\"https:\/\/institut-isbl.fr\/\">https:\/\/institut-isbl.fr\/<\/a> (rubrique associations)<\/li>\n<li>Minist\u00e8re de l\u2019emploi\u00a0: <a href=\"https:\/\/travail-emploi.gouv.fr\/le-ministere-en-action\/coronavirus-covid-19\/\">https:\/\/travail-emploi.gouv.fr\/le-ministere-en-action\/coronavirus-covid-19\/<\/a><\/li>\n<li>Minist\u00e8re de l\u2019Economie et des Finances\u00a0: <a href=\"https:\/\/www.economie.gouv.fr\/covid19-soutien-entreprises\">https:\/\/www.economie.gouv.fr\/covid19-soutien-entreprises<\/a><\/li>\n<\/ul>\n<p><strong>\u00a0<\/strong><\/p>\n<p><strong>Colas AMBLARD<\/strong><\/p>\n<p><strong>Docteur en droit &#8211; Avocat associ\u00e9<\/strong><\/p>\n<p>&nbsp;<\/p>\n<p><strong>Note de r\u00e9f\u00e9rences :<br \/>\n<\/strong><\/p>\n<p><a href=\"#_ftnref1\" name=\"_ftn1\">[1]<\/a> L. 2014-856 du 31 juill. 2014 relative \u00e0 l\u2019\u00e9conomie sociale et solidaire, art. 71<\/p>\n","protected":false},"excerpt":{"rendered":"<p>Alors m\u00eame que la situation de crise sanitaire li\u00e9e au COVID-19 emp\u00eache ou limite toute circulation sur le territoire nationale et \u00e0 l\u2019\u00e9tranger, comment faire fonctionner votre institution sans but lucratif (ISBL) dans des conditions r\u00e9guli\u00e8res\u00a0? Des ordonnances du 25 mars 2020 applicables aux associations, mutuelles, coop\u00e9ratives ainsi qu\u2019aux fondations et fonds de dotation organisent [&hellip;]<\/p>\n","protected":false},"author":2,"featured_media":2722,"comment_status":"open","ping_status":"open","sticky":false,"template":"","format":"standard","meta":{"site-sidebar-layout":"default","site-content-layout":"","ast-site-content-layout":"default","site-content-style":"default","site-sidebar-style":"default","ast-global-header-display":"","ast-banner-title-visibility":"","ast-main-header-display":"","ast-hfb-above-header-display":"","ast-hfb-below-header-display":"","ast-hfb-mobile-header-display":"","site-post-title":"","ast-breadcrumbs-content":"","ast-featured-img":"","footer-sml-layout":"","ast-disable-related-posts":"","theme-transparent-header-meta":"","adv-header-id-meta":"","stick-header-meta":"","header-above-stick-meta":"","header-main-stick-meta":"","header-below-stick-meta":"","astra-migrate-meta-layouts":"default","ast-page-background-enabled":"default","ast-page-background-meta":{"desktop":{"background-color":"var(--ast-global-color-4)","background-image":"","background-repeat":"repeat","background-position":"center center","background-size":"auto","background-attachment":"scroll","background-type":"","background-media":"","overlay-type":"","overlay-color":"","overlay-opacity":"","overlay-gradient":""},"tablet":{"background-color":"","background-image":"","background-repeat":"repeat","background-position":"center center","background-size":"auto","background-attachment":"scroll","background-type":"","background-media":"","overlay-type":"","overlay-color":"","overlay-opacity":"","overlay-gradient":""},"mobile":{"background-color":"","background-image":"","background-repeat":"repeat","background-position":"center center","background-size":"auto","background-attachment":"scroll","background-type":"","background-media":"","overlay-type":"","overlay-color":"","overlay-opacity":"","overlay-gradient":""}},"ast-content-background-meta":{"desktop":{"background-color":"var(--ast-global-color-5)","background-image":"","background-repeat":"repeat","background-position":"center center","background-size":"auto","background-attachment":"scroll","background-type":"","background-media":"","overlay-type":"","overlay-color":"","overlay-opacity":"","overlay-gradient":""},"tablet":{"background-color":"var(--ast-global-color-5)","background-image":"","background-repeat":"repeat","background-position":"center center","background-size":"auto","background-attachment":"scroll","background-type":"","background-media":"","overlay-type":"","overlay-color":"","overlay-opacity":"","overlay-gradient":""},"mobile":{"background-color":"var(--ast-global-color-5)","background-image":"","background-repeat":"repeat","background-position":"center center","background-size":"auto","background-attachment":"scroll","background-type":"","background-media":"","overlay-type":"","overlay-color":"","overlay-opacity":"","overlay-gradient":""}},"footnotes":""},"categories":[283],"tags":[10,411,409,402,410,78,79],"class_list":["post-2721","post","type-post","status-publish","format-standard","has-post-thumbnail","hentry","category-article","tag-association","tag-association-et-deliberation-a-distance","tag-confinement","tag-coronavirus-covid-19-et-association","tag-covid-19","tag-fondation","tag-fonds-de-dotation"],"_links":{"self":[{"href":"https:\/\/www.npsconsulting-avocats.fr\/NPS\/wp-json\/wp\/v2\/posts\/2721","targetHints":{"allow":["GET"]}}],"collection":[{"href":"https:\/\/www.npsconsulting-avocats.fr\/NPS\/wp-json\/wp\/v2\/posts"}],"about":[{"href":"https:\/\/www.npsconsulting-avocats.fr\/NPS\/wp-json\/wp\/v2\/types\/post"}],"author":[{"embeddable":true,"href":"https:\/\/www.npsconsulting-avocats.fr\/NPS\/wp-json\/wp\/v2\/users\/2"}],"replies":[{"embeddable":true,"href":"https:\/\/www.npsconsulting-avocats.fr\/NPS\/wp-json\/wp\/v2\/comments?post=2721"}],"version-history":[{"count":7,"href":"https:\/\/www.npsconsulting-avocats.fr\/NPS\/wp-json\/wp\/v2\/posts\/2721\/revisions"}],"predecessor-version":[{"id":2727,"href":"https:\/\/www.npsconsulting-avocats.fr\/NPS\/wp-json\/wp\/v2\/posts\/2721\/revisions\/2727"}],"wp:featuredmedia":[{"embeddable":true,"href":"https:\/\/www.npsconsulting-avocats.fr\/NPS\/wp-json\/wp\/v2\/media\/2722"}],"wp:attachment":[{"href":"https:\/\/www.npsconsulting-avocats.fr\/NPS\/wp-json\/wp\/v2\/media?parent=2721"}],"wp:term":[{"taxonomy":"category","embeddable":true,"href":"https:\/\/www.npsconsulting-avocats.fr\/NPS\/wp-json\/wp\/v2\/categories?post=2721"},{"taxonomy":"post_tag","embeddable":true,"href":"https:\/\/www.npsconsulting-avocats.fr\/NPS\/wp-json\/wp\/v2\/tags?post=2721"}],"curies":[{"name":"wp","href":"https:\/\/api.w.org\/{rel}","templated":true}]}}