{"id":2679,"date":"2020-03-04T19:32:43","date_gmt":"2020-03-04T17:32:43","guid":{"rendered":"http:\/\/www.npsconsulting-avocats.fr\/NPS\/?p=2679"},"modified":"2020-03-04T19:37:48","modified_gmt":"2020-03-04T17:37:48","slug":"utilite-sociale-lavantage-competitif-des-associations","status":"publish","type":"post","link":"https:\/\/www.npsconsulting-avocats.fr\/NPS\/utilite-sociale-lavantage-competitif-des-associations\/","title":{"rendered":"Utilit\u00e9 sociale : l\u2019avantage comp\u00e9titif des associations"},"content":{"rendered":"<section class=\"container-wrap main-color\">\n<div id=\"main-container\" class=\"container\">\n<div class=\"row\">\n<div class=\"template-page col-sm-12 tpl-no with-meta\">\n<div class=\"wrap-content\">\n<article id=\"post-901102384\" class=\"clearfix post-901102384 post type-post status-publish format-standard has-post-thumbnail hentry category-edito tag-avantage-competitif-association tag-utilite-sociale\">\n<div class=\"article-content\">\n<div class=\"pf-content\">\n<p><strong>En droit fiscal, le crit\u00e8re d\u2019utilit\u00e9 sociale constitue\u2028 une notion fondamentale dans la construction des mod\u00e8les \u00e9conomiques associatifs. Explications.<\/strong><\/p>\n<p>Outre le maintien du statut d\u2019institution sans but lucratif (ISBL) que l\u2019utilit\u00e9 sociale conf\u00e8re d\u2019un point de vue fiscal \u2013 sans oublier la gestion b\u00e9n\u00e9vole et d\u00e9sint\u00e9ress\u00e9e -, ce crit\u00e8re en voie de consolidation sur le plan juridique permet aux associations d\u2019\u00e9viter tout risque de banalisation de leur action.<\/p>\n<h3><strong>Une notion fondamentale <\/strong><\/h3>\n<p>L\u2019intervention \u00e9conomique associative est consid\u00e9r\u00e9e comme d\u2019utilit\u00e9 sociale lorsque l\u2019un ou l\u2019autre des crit\u00e8res du \u00ab <em>produit<\/em> \u00bb et du \u00ab <em>public<\/em> \u00bb sont alternativement remplis, associ\u00e9s au crit\u00e8re du \u00ab <em>prix<\/em> \u00bb.<\/p>\n<ul>\n<li>\n<h4><strong>Approche fiscale <\/strong><\/h4>\n<\/li>\n<\/ul>\n<p><strong>Produit ou service fourni<\/strong>. Selon la doctrine fiscale, \u00ab <em>est d\u2019utilit\u00e9 sociale l\u2019activit\u00e9 qui tend \u00e0 satisfaire un besoin qui n\u2019est pas pris en compte par le march\u00e9 ou qui l\u2019est de fa\u00e7on peu satisfaisante<\/em> \u00bb<sup id=\"footnote_plugin_tooltip_1\" class=\"footnote_plugin_tooltip_text\">1)<\/sup>.<\/p>\n<p>Selon l\u2019administration, le fait que l\u2019association remplisse une mission de service public administratif constitue un indice fort d\u2019utilit\u00e9 sociale<sup id=\"footnote_plugin_tooltip_2\" class=\"footnote_plugin_tooltip_text\">2)<\/sup>. De la m\u00eame fa\u00e7on, lorsque ce type d\u2019op\u00e9rateur b\u00e9n\u00e9ficie d\u2019une proc\u00e9dure de reconnaissance ou d\u2019un agr\u00e9ment d\u00e9livr\u00e9 par l\u2019\u00c9tat ou une autre administration<sup id=\"footnote_plugin_tooltip_3\" class=\"footnote_plugin_tooltip_text\">3)<\/sup>, cela peut contribuer \u00e0 l\u2019appr\u00e9ciation de son utilit\u00e9 sociale<sup id=\"footnote_plugin_tooltip_4\" class=\"footnote_plugin_tooltip_text\">4)<\/sup>\u00a0d\u00e8s lors que sont prises en consid\u00e9ration la nature du besoin \u00e0 satisfaire et les conditions dans lesquelles il y est fait face. Cela \u00e9tant, la doctrine fiscale pr\u00e9cise que ces formes de reconnaissance administratives \u00ab <em>constituent un \u00e9l\u00e9ment qui n\u2019est ni n\u00e9cessaire ni suffisant pour \u00e9tablir ce crit\u00e8re d\u2019utilit\u00e9 sociale<\/em> \u00bb.<\/p>\n<p><strong>Public b\u00e9n\u00e9ficiaire.<\/strong> \u00ab <em>Sont susceptibles d\u2019\u00eatre d\u2019utilit\u00e9 sociale les actes payants r\u00e9alis\u00e9s principalement au profit de personnes justifiant l\u2019octroi d\u2019avantages particuliers au vu de leur situation \u00e9conomique et sociale (ch\u00f4meurs, personnes handicap\u00e9es notamment, etc.)<\/em> \u00bb<sup id=\"footnote_plugin_tooltip_5\" class=\"footnote_plugin_tooltip_text\">5)<\/sup>.\u00a0Comme le Conseil d\u2019\u00c9tat l\u2019a clairement affirm\u00e9 dans son c\u00e9l\u00e8bre arr\u00eat \u00ab Jeune France \u00bb du 1 octobre 1999<sup id=\"footnote_plugin_tooltip_6\" class=\"footnote_plugin_tooltip_text\">6)<\/sup>, la recherche de l\u2019utilit\u00e9 sociale conduit en d\u00e9finitive \u00e0 mettre en corr\u00e9lation le \u00ab <em>produit ou le service fourni<\/em> \u00bb avec le public b\u00e9n\u00e9ficiaire des services propos\u00e9s par l\u2019association. Aussi, pour pr\u00e9server son statut fiscal d\u2019ISBL, l\u2019association devra soit pratiquer une politique de prix inf\u00e9rieure \u00e0 ceux du secteur concurrentiel, soit moduler ses tarifs en fonction de la situation du b\u00e9n\u00e9ficiaire. Cela \u00e9tant, la jurisprudence consid\u00e8re que le crit\u00e8re du public \u00ab <em>ne doit pas s\u2019entendre des seules situations de d\u00e9tresse physique ou morale \u00bb et que celui du produit \u00ab ne saurait se limiter \u00e0 satisfaire des besoins les plus \u00e9l\u00e9mentaires<\/em> \u00bb<sup id=\"footnote_plugin_tooltip_7\" class=\"footnote_plugin_tooltip_text\">7)<\/sup>. D\u00e8s lors, a \u00e9t\u00e9 reconnue d\u2019utilit\u00e9 sociale l\u2019action associative destin\u00e9e \u00e0 \u00ab <em>assurer \u00e0 des tiers, m\u00eame relativement ais\u00e9s, un service factur\u00e9 au-dessous de son prix de revient et que les exigences du profil ne leur permettraient pas de se procurer aupr\u00e8s du secteur commercial<\/em> \u00bb.<\/p>\n<ul>\n<li>\n<h4><strong>Exemples d\u2019application <\/strong><\/h4>\n<\/li>\n<\/ul>\n<p>Quelques exemples d\u2019application concr\u00e8te permettent de mieux appr\u00e9hender cette notion d\u2019utilit\u00e9 sociale.\u2028S\u2019agissant des maisons des jeunes et de la culture (MJC)<sup id=\"footnote_plugin_tooltip_8\" class=\"footnote_plugin_tooltip_text\">8)<\/sup>:<\/p>\n<p>&#8211; produit : \u00ab <em>en g\u00e9n\u00e9ral, les produits ou prestations offerts sont couramment propos\u00e9s par les organismes du secteur commercial. Le produit ne pourra constituer un crit\u00e8re de diff\u00e9renciation que si des activit\u00e9s sont sp\u00e9cialement organis\u00e9es \u00e0 destination de publics dignes d\u2019int\u00e9r\u00eat social (jeunes en difficult\u00e9, personnes du troisi\u00e8me \u00e2ge, ch\u00f4meurs, personnes de condition modeste, etc.) qui n\u00e9cessitent des modalit\u00e9s sp\u00e9cifiques d\u2019organisation de l\u2019activit\u00e9<\/em> \u00bb ;<\/p>\n<p>&#8211; public : \u00ab <em>les associations peuvent proposer leurs activit\u00e9s \u00e0 tous les types de public afin de favoriser le brassage social et les relations interg\u00e9n\u00e9rationnelles. La pr\u00e9sence d\u2019au moins 50 % de publics dignes d\u2019int\u00e9r\u00eat social peut n\u00e9anmoins constituer un crit\u00e8re de diff\u00e9renciation<\/em> \u00bb.<\/p>\n<p>S\u2019agissant des centres de loisirs sans h\u00e9bergement<sup id=\"footnote_plugin_tooltip_9\" class=\"footnote_plugin_tooltip_text\">9)<\/sup>\u00a0:<\/p>\n<p>&#8211; produit : il \u00ab doit se caract\u00e9riser par l\u2019accueil d\u2019enfants et d\u2019adolescents dans des centres de loisirs am\u00e9nag\u00e9s et de proximit\u00e9 \u00bb ;<\/p>\n<p>&#8211; public : \u00ab ces centres doivent s\u2019adresser \u00e0 l\u2019ensemble des jeunes quel que soit leur milieu social et permettent d\u2019\u00e9viter le d\u00e9s\u0153uvrement des jeunes dont les parents travaillent et qui n\u2019ont pas acc\u00e8s \u00e0 d\u2019autres loisirs \u00bb.<\/p>\n<ul>\n<li>\n<h4><strong>Mod\u00e8les \u00e9conomiques <\/strong><\/h4>\n<\/li>\n<\/ul>\n<p>Alors m\u00eame que l\u2019association peut s\u2019adonner \u00e0 des op\u00e9rations \u00e9conomiques habituelles<sup id=\"footnote_plugin_tooltip_10\" class=\"footnote_plugin_tooltip_text\">10)<\/sup>, la notion d\u2019utilit\u00e9 sociale jouera un r\u00f4le fondamental dans le maintien de son \u00e9quilibre financier. Certes, il conviendra au pr\u00e9alable de s\u2019interroger sur le respect du crit\u00e8re de gestion d\u00e9sint\u00e9ress\u00e9e<sup id=\"footnote_plugin_tooltip_11\" class=\"footnote_plugin_tooltip_text\">11)<\/sup>\u00a0et la pr\u00e9sence de concurrents eux-m\u00eames assujettis sur un m\u00eame march\u00e9<sup id=\"footnote_plugin_tooltip_12\" class=\"footnote_plugin_tooltip_text\">12)<\/sup>. Mais, d\u00e8s lors que ces deux premi\u00e8res \u00e9tapes d\u2019analyse seront remplies, l\u2019association pourra encaisser le produit de sa facturation, sans limitation de chiffre d\u2019affaires, tout en pr\u00e9servant son statut fiscal d\u2019organisme non assujetti aux imp\u00f4ts commerciaux.<\/p>\n<p>Pour les associations ayant int\u00e9r\u00eat \u00e0 conserver ce statut<sup id=\"footnote_plugin_tooltip_13\" class=\"footnote_plugin_tooltip_text\">13)<\/sup>, le respect de la r\u00e8gle des \u00ab <em>4 P<\/em> \u00bb<sup id=\"footnote_plugin_tooltip_14\" class=\"footnote_plugin_tooltip_text\">14)<\/sup>\u00a0constitue un passage oblig\u00e9 pour \u00e9ventuellement :<\/p>\n<p>&#8211; faire valoir leur qualit\u00e9 d\u2019organisme d\u2019int\u00e9r\u00eat g\u00e9n\u00e9ral<sup id=\"footnote_plugin_tooltip_15\" class=\"footnote_plugin_tooltip_text\">15)<\/sup>\u00a0afin d\u2019envisager la mise en \u0153uvre d\u2019une politique de m\u00e9c\u00e9nat<sup id=\"footnote_plugin_tooltip_16\" class=\"footnote_plugin_tooltip_text\">16)<\/sup>\u00a0;<\/p>\n<p>&#8211; b\u00e9n\u00e9ficier de la franchise commerciale<sup id=\"footnote_plugin_tooltip_17\" class=\"footnote_plugin_tooltip_text\">17)<\/sup>\u00a0fix\u00e9e \u00e0 72 000 euros depuis le 1er janvier 2020 ou de la possibilit\u00e9 de sectoriser leurs activit\u00e9s lucratives non pr\u00e9pond\u00e9rantes<sup id=\"footnote_plugin_tooltip_18\" class=\"footnote_plugin_tooltip_text\">18)<\/sup>;<\/p>\n<p>&#8211; b\u00e9n\u00e9ficier d\u2019exon\u00e9rations sp\u00e9cifiques<sup id=\"footnote_plugin_tooltip_19\" class=\"footnote_plugin_tooltip_text\">19)<\/sup>\u00a0;<\/p>\n<p>&#8211; percevoir des subventions dans un cadre s\u00e9curis\u00e9<sup id=\"footnote_plugin_tooltip_20\" class=\"footnote_plugin_tooltip_text\">20)<\/sup>.<\/p>\n<p>En d\u00e9finitive, le respect du crit\u00e8re d\u2019utilit\u00e9 sociale permet \u00e0 l\u2019association d\u2019envisager la mise en \u0153uvre d\u2019une politique d\u2019hybridation de ses ressources publiques et priv\u00e9es.<\/p>\n<p>&nbsp;<\/p>\n<h3><strong>Une notion en voie de consolidation \u2028sur le plan juridique<\/strong><strong>\u2028<\/strong><\/h3>\n<p>Il est int\u00e9ressant de constater que la notion d\u2019utilit\u00e9 sociale tend \u00e0 recevoir une acception unanime au travers de diff\u00e9rentes approches juridiques.<\/p>\n<ul>\n<li>\n<h4><strong>P\u00e9rim\u00e8tre ESS <\/strong><\/h4>\n<\/li>\n<\/ul>\n<p>Selon l\u2019article 2 de la loi relative \u00e0 l\u2019\u00e9conomie sociale et solidaire (ESS)<sup id=\"footnote_plugin_tooltip_21\" class=\"footnote_plugin_tooltip_text\">21)<\/sup>, \u00ab sont consid\u00e9r\u00e9es comme poursuivant une utilit\u00e9 sociale au sens de la pr\u00e9sente loi les entreprises dont l\u2019objet social satisfait \u00e0 titre principal \u00e0 l\u2019une au moins des trois conditions suivantes :<\/p>\n<p>1\u00b0) Elles ont pour objectif d\u2019apporter, \u00e0 travers leur activit\u00e9, un soutien \u00e0 des personnes en situation de fragilit\u00e9 soit du fait de leur situation \u00e9conomique ou sociale, soit du fait de leur situation personnelle et particuli\u00e8rement de leur \u00e9tat de sant\u00e9 ou de leurs besoins en mati\u00e8re d\u2019accompagnement social ou m\u00e9dico-social. Ces personnes peuvent \u00eatre des salari\u00e9s, des usagers, des clients, des membres ou des b\u00e9n\u00e9ficiaires de cette entreprise ;<\/p>\n<p>2\u00b0) Elles ont pour objectif de contribuer \u00e0 la lutte contre les exclusions et les in\u00e9galit\u00e9s sanitaires, sociales, \u00e9conomiques et culturelles, \u00e0 l\u2019\u00e9ducation \u00e0 la citoyennet\u00e9, notamment par l\u2019\u00e9ducation populaire, \u00e0 la pr\u00e9servation et au d\u00e9veloppement du lien social ou au maintien et au renforcement de la coh\u00e9sion territoriale ;<\/p>\n<p>3\u00b0)Elles concourent au d\u00e9veloppement durable dans ses dimensions \u00e9conomique, sociale, environnementale et participative, \u00e0 la transition \u00e9nerg\u00e9tique ou \u00e0 la solidarit\u00e9 internationale, sous r\u00e9serve que leur activit\u00e9 soit li\u00e9e \u00e0 l\u2019un des objectifs mentionn\u00e9s aux 1\u00b0 et 2\u00b0 \u00bb. Ce concept permet aux entreprises relevant de l\u2019article 1er de la loi ESS de solliciter l\u2019agr\u00e9ment d\u2019\u00ab entreprise solidaire d\u2019utilit\u00e9 sociale \u00bb (ESUS)<sup id=\"footnote_plugin_tooltip_22\" class=\"footnote_plugin_tooltip_text\">22)<\/sup>. Cela \u00e9tant, cette approche juridique concerne \u00e0 un degr\u00e9 moindre les associations et les fondations dans la mesure o\u00f9 ces entit\u00e9s, en raison de leurs statuts juridiques, rel\u00e8vent automatiquement du champ de l\u2019ESS.<\/p>\n<ul>\n<li>\n<h4><strong>Innovation sociale <\/strong><\/h4>\n<\/li>\n<\/ul>\n<p>En application de l\u2019article 15 de la loi ESS, \u00ab<em> est consid\u00e9r\u00e9 comme relevant de l\u2019innovation sociale le projet d\u2019une ou de plusieurs entreprises consistant \u00e0 offrir des produits ou des services pr\u00e9sentant l\u2019une des caract\u00e9ristiques suivantes :<\/em><\/p>\n<p><em>1\u00b0 Soit r\u00e9pondre \u00e0 des besoins sociaux non ou mal satisfaits, que ce soit dans les conditions actuelles du march\u00e9 ou dans le cadre des politiques publiques ;\u2028\u0084\u0084<\/em><\/p>\n<p><em>2\u00b0 Soit r\u00e9pondre \u00e0 des besoins sociaux par une forme innovante d\u2019entreprise, par un processus innovant de production de biens ou de services ou encore par un mode innovant d\u2019organisation du travail. Les proc\u00e9dures de consultation et d\u2019\u00e9laboration des projets socialement innovants auxquelles sont associ\u00e9s les b\u00e9n\u00e9ficiaires concern\u00e9s par ce type de projet ainsi que les modalit\u00e9s de financement de tels projets rel\u00e8vent \u00e9galement de l\u2019innovation sociale<\/em> \u00bb.<\/p>\n<p>Le caract\u00e8re innovant de l\u2019activit\u00e9 associative doit, en outre, engendrer pour ce type d\u2019entreprise des difficult\u00e9s \u00e0 en assurer le financement int\u00e9gral aux conditions normales de march\u00e9<sup id=\"footnote_plugin_tooltip_23\" class=\"footnote_plugin_tooltip_text\">23)<\/sup>.<\/p>\n<p>Cette d\u00e9finition l\u00e9gale a \u00e9t\u00e9 compl\u00e9t\u00e9e par le Conseil sup\u00e9rieur de l\u2019\u00e9conomie sociale et solidaire (CSESS)<sup id=\"footnote_plugin_tooltip_24\" class=\"footnote_plugin_tooltip_text\">24)<\/sup>\u00a0afin de pouvoir b\u00e9n\u00e9ficier de financements publics au titre de l\u2019innovation sociale.<\/p>\n<ul>\n<li>\n<h4><strong>Concurrence d\u00e9loyale <\/strong><\/h4>\n<\/li>\n<\/ul>\n<p>La d\u00e9cision rendue en date du 2 avril 2008 par le tribunal de grande instance d\u2019Annecy<sup id=\"footnote_plugin_tooltip_25\" class=\"footnote_plugin_tooltip_text\">25)<\/sup>\u00e9claire particuli\u00e8rement sur la m\u00e9thode retenue par le juge civil pour caract\u00e9riser un acte de concurrence d\u00e9loyale caract\u00e9ristique d\u2019une faute. D\u00e9sormais, l\u2019appr\u00e9ciation de cette faute repose explicitement sur l\u2019application de la r\u00e8gle fiscale des \u00ab 4P \u00bb, et notamment les crit\u00e8res fiscaux du produit et du public pr\u00e9c\u00e9demment vis\u00e9s. En l\u2019esp\u00e8ce, le syndicat professionnel des m\u00e9tiers de la danse, de la forme et du loisir en salle estimait qu\u2019une association, dont l\u2019objet consiste en la pratique et la promotion du tango et de toutes autres formes de danse, \u00e9tait \u00e0 l\u2019origine d\u2019une concurrence d\u00e9loyale \u00e0 l\u2019\u00e9gard des \u00e9coles de danse. \u00c0 l\u2019appui de ses pr\u00e9tentions, le syndicat faisait valoir que \u00ab <em>l\u2019association n\u2019ayant pas les m\u00eames charges que les \u00e9coles de danse, elle leur cause un dommage qui les oblige \u00e0 fermer, alors que l\u2019association a mis en six ans pr\u00e8s de 7 000 euros de c\u00f4t\u00e9<\/em> \u00bb. Il indique \u00e9galement que \u00ab <em>l\u2019association d\u00e9tourne des \u00e9coles de danse [\u2026] une client\u00e8le qui veut apprendre le tango et toutes autres formes de danse, cette derni\u00e8re ayant multipli\u00e9, en six ans, par quatre son nombre d\u2019adh\u00e9rents<\/em> \u00bb. Ce \u00e0 quoi l\u2019association r\u00e9torque que \u00ab le rattachement de la concurrence d\u00e9loyale \u00e0 la responsabilit\u00e9 civile et donc \u00e0 l\u2019article 1240 du code civil, suppose la r\u00e9union de trois \u00e9l\u00e9ments, \u00e0 savoir des agissements d\u00e9loyaux constitutifs d\u2019une faute, un pr\u00e9judice, et un rapport de causalit\u00e9 entre les agissements d\u00e9loyaux et le pr\u00e9judice \u00bb. Comment, d\u00e8s lors, mat\u00e9rialiser l\u2019existence d\u2019une faute pr\u00e9judiciable commise par une association en droit de la concurrence ? En l\u2019esp\u00e8ce, la juridiction civile retient que :<\/p>\n<p>&#8211; sur le produit : \u00ab <em>lors des s\u00e9ances r\u00e9unissant les membres de l\u2019association, leurs savoirs sont \u00e9chang\u00e9s selon leur niveau, sans aucun professeur attitr\u00e9, les plus aguerris donnant particuli\u00e8rement des conseils aux autres<\/em> \u00bb ;<\/p>\n<p>&#8211; sur le public : \u00ab <em>l\u2019association regroupe un public souhaitant mettre en commun sa pratique du tango argentin dans un cadre de partage et de convivialit\u00e9<\/em> \u00bb, cela afin de \u00ab <em>nouer des contacts<\/em> \u00bb ;<\/p>\n<p>&#8211; sur les prix : les tarifs pratiqu\u00e9s \u00ab <em>permettent de toucher un large public, notamment des personnes plus modestes<\/em> \u00bb ;<\/p>\n<p>&#8211; sur la publicit\u00e9 : une publicit\u00e9 pour un stage de tango argentin \u00ab <em>pourrait s\u2019assimiler \u00e0 une publicit\u00e9 concurrentielle, s\u2019il s\u2019agissait d\u2019un acte isol\u00e9<\/em> \u00bb.<\/p>\n<p>Enfin, le tribunal souligne que :<\/p>\n<p>&#8211; \u00ab <em>l\u2019association [\u2026] est g\u00e9r\u00e9e par des personnes b\u00e9n\u00e9voles, et donc non r\u00e9mun\u00e9r\u00e9es, n\u2019ayant aucun int\u00e9r\u00eat dans les r\u00e9sultats de l\u2019exploitation<\/em> \u00bb ;<\/p>\n<p>&#8211; \u00ab <em>les 7348,84 euros d\u2019exc\u00e9dents[\u2026] sont l\u00e9gitimes et ne signifient pas que l\u2019association d\u00e9gage des profits comme une entreprise peut le faire<\/em> \u00bb.<\/p>\n<p>C\u2019est donc tout naturellement que la juridiction civile conclut que \u00ab <em>la situation de concurrence d\u00e9loyale \u00e0 l\u2019encontre du syndicat professionnel de la danse [\u2026] ne saurait \u00eatre retenue<\/em> \u00bb, ce dernier ne rapportant pas la preuve que \u00ab les agissements non fautifs de l\u2019association \u00bb sont \u00e0 l\u2019origine du \u00ab <em>pr\u00e9judice subi par les \u00e9coles de danse [\u2026], \u00e0 savoir une perte de client\u00e8le et une baisse de leur chiffre d\u2019affaires<\/em> \u00bb. Cette jurisprudence confirme l\u2019influence grandissante de la doctrine fiscale dans la d\u00e9finition des grandes orientations du secteur associatif.<\/p>\n<p>&nbsp;<\/p>\n<p><strong>Colas AMBLARD<\/strong><\/p>\n<p>Docteur en droit &#8211; Avocat associ\u00e9 NPS <em>consulting<\/em><\/p>\n<p>Charg\u00e9 d&rsquo;enseignement \u00e0 l&rsquo;Universit\u00e9 Lyon III<strong><br \/>\n<\/strong><\/p>\n<p><a href=\"https:\/\/institut-isbl.fr\/equipe-isbl\/colas-amblard\/?team_cpt=page-templates%2Ffull-width\">voir la fiche de l&rsquo;auteur<\/a><\/p>\n<p>&nbsp;<\/p>\n<p><strong>En savoir plus :<\/strong><\/p>\n<p class=\"page-title\"><strong><a href=\"https:\/\/institut-isbl.fr\/wp-content\/uploads\/sites\/3\/2020\/02\/37_39_fiscal_utilit\u00e9_sociale.pdf\">Juris associations du 15\u00a0f\u00e9vrier 2020 n\u00b0613<\/a><\/strong><\/p>\n<p class=\"page-title\"><a href=\"https:\/\/institut-isbl.fr\/retour-fnaf-2019\/\"><strong>Retour sur le FNAF 2019<\/strong><\/a>\u00a0:\u00a0Intervention de <a href=\"https:\/\/institut-isbl.fr\/equipes\/xavier-roussinet\/\">Xavier ROUSSINET<\/a> et <a href=\"https:\/\/institut-isbl.fr\/equipes\/colas-amblard\/\">Colas AMBLARD<\/a>\u00a0au 14\u00e8me Forum National des Associations et des Fondations au Palais des Congr\u00e8s de Paris<\/p>\n<\/div>\n<div class=\"abh_box abh_box_down abh_box_business\">\n<div class=\"abh_tab_content\">\n<section class=\"vcard abh_about_tab abh_tab\">\n<div class=\"abh_text\">\n<div class=\"description note abh_description\"><\/div>\n<\/div>\n<\/section>\n<\/div>\n<\/div>\n<div class=\"footnote_container_prepare\">\n<p><strong>R\u00e9f\u00e9rences<\/strong> :<\/p>\n<\/div>\n<div id=\"footnote_references_container\">\n<table class=\"footnote-reference-container\">\n<tbody>\n<tr>\n<td class=\"footnote_plugin_index\"><span id=\"footnote_plugin_reference_1\">1.<\/span><\/td>\n<td class=\"footnote_plugin_link\">\u2191<\/td>\n<td class=\"footnote_plugin_text\"><em>BOFiP-Imp\u00f4ts<\/em>, BOI-IS-CHAMP-10-50- 10-20 du 7 juin 2017, \u00a7 590.<\/td>\n<\/tr>\n<tr>\n<td class=\"footnote_plugin_index\"><span id=\"footnote_plugin_reference_2\">2.<\/span><\/td>\n<td class=\"footnote_plugin_link\">\u2191<\/td>\n<td class=\"footnote_plugin_text\">V. not. en ce sens CE 28 juill. 1999, no 150296, <em>RJF <\/em>10\/99, no 1149 ; CE\u00a0 5 juin 2002, no 219339, <em>RJF <\/em>8-9\/02, no 911 ; CAA Bordeaux, 27 mai 2004, no 00BX00545, <em>RJF <\/em>12\/04, no 1231.<\/td>\n<\/tr>\n<tr>\n<td class=\"footnote_plugin_index\"><span id=\"footnote_plugin_reference_3\">3.<\/span><\/td>\n<td class=\"footnote_plugin_link\">\u2191<\/td>\n<td class=\"footnote_plugin_text\">Dossier \u00ab Modes de reconnaissance \u2013 La garde-robe associative \u00bb, <em>JA <\/em>2019, no 600, p. 16.<\/td>\n<\/tr>\n<tr>\n<td class=\"footnote_plugin_index\"><span id=\"footnote_plugin_reference_4\">4.<\/span><\/td>\n<td class=\"footnote_plugin_link\">\u2191<\/td>\n<td class=\"footnote_plugin_text\"><em>BOFiP-Imp\u00f4ts<\/em>, BOI-IS-CHAMP- 10-50-10-20, pr\u00e9c., \u00a7 600.<\/td>\n<\/tr>\n<tr>\n<td class=\"footnote_plugin_index\"><span id=\"footnote_plugin_reference_5\">5.<\/span><\/td>\n<td class=\"footnote_plugin_link\">\u2191<\/td>\n<td class=\"footnote_plugin_text\"><em>Ibid.<\/em>, \u00a7 610.<\/td>\n<\/tr>\n<tr>\n<td class=\"footnote_plugin_index\"><span id=\"footnote_plugin_reference_6\">6.<\/span><\/td>\n<td class=\"footnote_plugin_link\">\u2191<\/td>\n<td class=\"footnote_plugin_text\">CE 1er oct. 1999, no 170289.<\/td>\n<\/tr>\n<tr>\n<td class=\"footnote_plugin_index\"><span id=\"footnote_plugin_reference_7\">7.<\/span><\/td>\n<td class=\"footnote_plugin_link\">\u2191<\/td>\n<td class=\"footnote_plugin_text\">Concl. Fabre <em>in <\/em>CE 24 oct.1979, nos 14820 \u00e0 14822, <em>DF <\/em>1980,\u2028no 1897 ; v. \u00e9gal. CE 17 oct. 1984, no 39928, <em>DF <\/em>1985, com. 251.<\/td>\n<\/tr>\n<tr>\n<td class=\"footnote_plugin_index\"><span id=\"footnote_plugin_reference_8\">8.<\/span><\/td>\n<td class=\"footnote_plugin_link\">\u2191<\/td>\n<td class=\"footnote_plugin_text\"><em>BOFiP-Imp\u00f4ts<\/em>, BOI-IS-CHAMP-10- 50-30-10 du 4 avr. 2018, \u00a7 130 : RES\u2028no 2005\/87 (OSBL) du 7 sept 2005.<\/td>\n<\/tr>\n<tr>\n<td class=\"footnote_plugin_index\"><span id=\"footnote_plugin_reference_9\">9.<\/span><\/td>\n<td class=\"footnote_plugin_link\">\u2191<\/td>\n<td class=\"footnote_plugin_text\"><em>BOFiP-Imp\u00f4ts<\/em>, BOI-IS-CHAMP-10-50- 30-20 du 12 sept. 2012, \u00a7 30 : RES no 2005\/74 (OSBL) du 6 sept. 2005.<\/td>\n<\/tr>\n<tr>\n<td class=\"footnote_plugin_index\"><span id=\"footnote_plugin_reference_10\">10.<\/span><\/td>\n<td class=\"footnote_plugin_link\">\u2191<\/td>\n<td class=\"footnote_plugin_text\">C. com., art. L. 442-10.<\/td>\n<\/tr>\n<tr>\n<td class=\"footnote_plugin_index\"><span id=\"footnote_plugin_reference_11\">11.<\/span><\/td>\n<td class=\"footnote_plugin_link\">\u2191<\/td>\n<td class=\"footnote_plugin_text\"><em>BOFiP-Imp\u00f4ts<\/em>, BOI-IS-CHAMP- 10-50-10-20, pr\u00e9c.\u00a7 50 et s.<\/td>\n<\/tr>\n<tr>\n<td class=\"footnote_plugin_index\"><span id=\"footnote_plugin_reference_12\">12.<\/span><\/td>\n<td class=\"footnote_plugin_link\">\u2191<\/td>\n<td class=\"footnote_plugin_text\"><em>Ibid.<\/em>, \u00a7 530 et s.<\/td>\n<\/tr>\n<tr>\n<td class=\"footnote_plugin_index\"><span id=\"footnote_plugin_reference_13\">13.<\/span><\/td>\n<td class=\"footnote_plugin_link\">\u2191<\/td>\n<td class=\"footnote_plugin_text\">Certaines associations, telles que les \u00e9tablissements et services d\u2019aide par le travail (ESAT) ou les ateliers prot\u00e9g\u00e9s, peuvent opter pour le paiement de la TVA (<em>BOFiP-Imp\u00f4ts<\/em>, BOI-TVA-CHAMP- 30-10-30-20 du 15 mai 2019, \u00a7 90).<\/td>\n<\/tr>\n<tr>\n<td class=\"footnote_plugin_index\"><span id=\"footnote_plugin_reference_14\">14.<\/span><\/td>\n<td class=\"footnote_plugin_link\">\u2191<\/td>\n<td class=\"footnote_plugin_text\">Produit, public, prix, publicit\u00e9.<\/td>\n<\/tr>\n<tr>\n<td class=\"footnote_plugin_index\"><span id=\"footnote_plugin_reference_15\">15.<\/span><\/td>\n<td class=\"footnote_plugin_link\">\u2191<\/td>\n<td class=\"footnote_plugin_text\">CGI, art. 200 et 238 <em>bis<\/em>.<\/td>\n<\/tr>\n<tr>\n<td class=\"footnote_plugin_index\"><span id=\"footnote_plugin_reference_16\">16.<\/span><\/td>\n<td class=\"footnote_plugin_link\">\u2191<\/td>\n<td class=\"footnote_plugin_text\">L. no 2003-709 du 1er ao\u00fbt 2003<\/td>\n<\/tr>\n<tr>\n<td class=\"footnote_plugin_index\"><span id=\"footnote_plugin_reference_17\">17.<\/span><\/td>\n<td class=\"footnote_plugin_link\">\u2191<\/td>\n<td class=\"footnote_plugin_text\"><em>BOFiP-Imp\u00f4ts<\/em>, BOI-IS-CHAMP-10- 50-20-20 du 27 f\u00e9vr. 2019.<\/td>\n<\/tr>\n<tr>\n<td class=\"footnote_plugin_index\"><span id=\"footnote_plugin_reference_18\">18.<\/span><\/td>\n<td class=\"footnote_plugin_link\">\u2191<\/td>\n<td class=\"footnote_plugin_text\"><em>BOFiP-Imp\u00f4ts<\/em>, BOI-IS-CHAMP-10- 50-20-10 du 3 oct. 2018.<\/td>\n<\/tr>\n<tr>\n<td class=\"footnote_plugin_index\"><span id=\"footnote_plugin_reference_19\">19.<\/span><\/td>\n<td class=\"footnote_plugin_link\">\u2191<\/td>\n<td class=\"footnote_plugin_text\">CGI, art. 261 ; <em>BOFiP-Imp\u00f4ts<\/em>, BOI-TVA- CHAMP-30-10-30-10 du 15 mai 2019.<\/td>\n<\/tr>\n<tr>\n<td class=\"footnote_plugin_index\"><span id=\"footnote_plugin_reference_20\">20.<\/span><\/td>\n<td class=\"footnote_plugin_link\">\u2191<\/td>\n<td class=\"footnote_plugin_text\">Circ. no 5811-Sg du 29 sept. 2015.<\/td>\n<\/tr>\n<tr>\n<td class=\"footnote_plugin_index\"><span id=\"footnote_plugin_reference_21\">21.<\/span><\/td>\n<td class=\"footnote_plugin_link\">\u2191<\/td>\n<td class=\"footnote_plugin_text\">L. no 2014-856 du 31 juill. 2014, art. 2.<\/td>\n<\/tr>\n<tr>\n<td class=\"footnote_plugin_index\"><span id=\"footnote_plugin_reference_22\">22.<\/span><\/td>\n<td class=\"footnote_plugin_link\">\u2191<\/td>\n<td class=\"footnote_plugin_text\"><em>Ibid.<\/em>, art. 11, r\u00e9d. C. trav.,\u2028art. L. 3332-17-1.<\/td>\n<\/tr>\n<tr>\n<td class=\"footnote_plugin_index\"><span id=\"footnote_plugin_reference_23\">23.<\/span><\/td>\n<td class=\"footnote_plugin_link\">\u2191<\/td>\n<td class=\"footnote_plugin_text\">Cette condition ne s\u2019applique pas aux financements accord\u00e9s au titre de l\u2019innovation sociale par les collectivit\u00e9s territoriales.<\/td>\n<\/tr>\n<tr>\n<td class=\"footnote_plugin_index\"><span id=\"footnote_plugin_reference_24\">24.<\/span><\/td>\n<td class=\"footnote_plugin_link\">\u2191<\/td>\n<td class=\"footnote_plugin_text\">CSESS, \u00ab Rapport de synth\u00e8se du groupe de travail Innovation sociale \u2013 Projet d\u2019avis \u00bb, d\u00e9c. 2011 ; Avise, \u00ab Mode d\u2019emploi \u2013 L\u2019innovation sociale \u00bb, juill. 2015.<\/td>\n<\/tr>\n<tr>\n<td class=\"footnote_plugin_index\"><span id=\"footnote_plugin_reference_25\">25.<\/span><\/td>\n<td class=\"footnote_plugin_link\">\u2191<\/td>\n<td class=\"footnote_plugin_text\">[25] TGI Annecy, 2 avr. 2008, no 06\/01809.<\/td>\n<\/tr>\n<\/tbody>\n<\/table>\n<\/div>\n<\/div>\n<\/article>\n<\/div>\n<\/div>\n<\/div>\n<\/div>\n<\/section>\n","protected":false},"excerpt":{"rendered":"<p>En droit fiscal, le crit\u00e8re d\u2019utilit\u00e9 sociale constitue\u2028 une notion fondamentale dans la construction des mod\u00e8les \u00e9conomiques associatifs. Explications. Outre le maintien du statut d\u2019institution sans but lucratif (ISBL) que l\u2019utilit\u00e9 sociale conf\u00e8re d\u2019un point de vue fiscal \u2013 sans oublier la gestion b\u00e9n\u00e9vole et d\u00e9sint\u00e9ress\u00e9e -, ce crit\u00e8re en voie de consolidation sur le [&hellip;]<\/p>\n","protected":false},"author":2,"featured_media":0,"comment_status":"open","ping_status":"open","sticky":false,"template":"","format":"standard","meta":{"site-sidebar-layout":"default","site-content-layout":"","ast-site-content-layout":"default","site-content-style":"default","site-sidebar-style":"default","ast-global-header-display":"","ast-banner-title-visibility":"","ast-main-header-display":"","ast-hfb-above-header-display":"","ast-hfb-below-header-display":"","ast-hfb-mobile-header-display":"","site-post-title":"","ast-breadcrumbs-content":"","ast-featured-img":"","footer-sml-layout":"","ast-disable-related-posts":"","theme-transparent-header-meta":"","adv-header-id-meta":"","stick-header-meta":"","header-above-stick-meta":"","header-main-stick-meta":"","header-below-stick-meta":"","astra-migrate-meta-layouts":"default","ast-page-background-enabled":"default","ast-page-background-meta":{"desktop":{"background-color":"var(--ast-global-color-4)","background-image":"","background-repeat":"repeat","background-position":"center center","background-size":"auto","background-attachment":"scroll","background-type":"","background-media":"","overlay-type":"","overlay-color":"","overlay-opacity":"","overlay-gradient":""},"tablet":{"background-color":"","background-image":"","background-repeat":"repeat","background-position":"center center","background-size":"auto","background-attachment":"scroll","background-type":"","background-media":"","overlay-type":"","overlay-color":"","overlay-opacity":"","overlay-gradient":""},"mobile":{"background-color":"","background-image":"","background-repeat":"repeat","background-position":"center center","background-size":"auto","background-attachment":"scroll","background-type":"","background-media":"","overlay-type":"","overlay-color":"","overlay-opacity":"","overlay-gradient":""}},"ast-content-background-meta":{"desktop":{"background-color":"var(--ast-global-color-5)","background-image":"","background-repeat":"repeat","background-position":"center center","background-size":"auto","background-attachment":"scroll","background-type":"","background-media":"","overlay-type":"","overlay-color":"","overlay-opacity":"","overlay-gradient":""},"tablet":{"background-color":"var(--ast-global-color-5)","background-image":"","background-repeat":"repeat","background-position":"center center","background-size":"auto","background-attachment":"scroll","background-type":"","background-media":"","overlay-type":"","overlay-color":"","overlay-opacity":"","overlay-gradient":""},"mobile":{"background-color":"var(--ast-global-color-5)","background-image":"","background-repeat":"repeat","background-position":"center center","background-size":"auto","background-attachment":"scroll","background-type":"","background-media":"","overlay-type":"","overlay-color":"","overlay-opacity":"","overlay-gradient":""}},"footnotes":""},"categories":[283],"tags":[10,259,313,137,43,138,126,153,37],"class_list":["post-2679","post","type-post","status-publish","format-standard","hentry","category-article","tag-association","tag-association-et-avocat","tag-avocat-en-droit-des-associations","tag-avocat-specialise-dans-le-secteur-associatif","tag-colas-amblard","tag-droit-des-associations","tag-fiscalite-des-associations","tag-gouvernance-associative","tag-utilite-sociale"],"_links":{"self":[{"href":"https:\/\/www.npsconsulting-avocats.fr\/NPS\/wp-json\/wp\/v2\/posts\/2679","targetHints":{"allow":["GET"]}}],"collection":[{"href":"https:\/\/www.npsconsulting-avocats.fr\/NPS\/wp-json\/wp\/v2\/posts"}],"about":[{"href":"https:\/\/www.npsconsulting-avocats.fr\/NPS\/wp-json\/wp\/v2\/types\/post"}],"author":[{"embeddable":true,"href":"https:\/\/www.npsconsulting-avocats.fr\/NPS\/wp-json\/wp\/v2\/users\/2"}],"replies":[{"embeddable":true,"href":"https:\/\/www.npsconsulting-avocats.fr\/NPS\/wp-json\/wp\/v2\/comments?post=2679"}],"version-history":[{"count":4,"href":"https:\/\/www.npsconsulting-avocats.fr\/NPS\/wp-json\/wp\/v2\/posts\/2679\/revisions"}],"predecessor-version":[{"id":2683,"href":"https:\/\/www.npsconsulting-avocats.fr\/NPS\/wp-json\/wp\/v2\/posts\/2679\/revisions\/2683"}],"wp:attachment":[{"href":"https:\/\/www.npsconsulting-avocats.fr\/NPS\/wp-json\/wp\/v2\/media?parent=2679"}],"wp:term":[{"taxonomy":"category","embeddable":true,"href":"https:\/\/www.npsconsulting-avocats.fr\/NPS\/wp-json\/wp\/v2\/categories?post=2679"},{"taxonomy":"post_tag","embeddable":true,"href":"https:\/\/www.npsconsulting-avocats.fr\/NPS\/wp-json\/wp\/v2\/tags?post=2679"}],"curies":[{"name":"wp","href":"https:\/\/api.w.org\/{rel}","templated":true}]}}