{"id":2676,"date":"2020-02-26T17:57:08","date_gmt":"2020-02-26T15:57:08","guid":{"rendered":"http:\/\/www.npsconsulting-avocats.fr\/NPS\/?p=2676"},"modified":"2020-02-26T17:57:08","modified_gmt":"2020-02-26T15:57:08","slug":"formation-du-12-mars-2020-quels-modeles-economiques-pour-les-associations-aspects-juridiques-et-fiscaux","status":"publish","type":"post","link":"https:\/\/www.npsconsulting-avocats.fr\/NPS\/formation-du-12-mars-2020-quels-modeles-economiques-pour-les-associations-aspects-juridiques-et-fiscaux\/","title":{"rendered":"FORMATION du 12 mars 2020 : Quels mod\u00e8les \u00e9conomiques pour les associations ? \u2013 aspects juridiques et fiscaux"},"content":{"rendered":"<section class=\"container-wrap main-title alternate-color border-bottom breadcrumbs-container\">\n<div class=\"container\">\n<h1 class=\"page-title\" style=\"text-align: center;\">FORMATION du 12 mars 2020<\/h1>\n<\/div>\n<\/section>\n<div class=\"kleo_framework breadcrumb\"><\/div>\n<div>\n<p><strong>Le jeudi 12 mars 2020 aura lieu \u00e0 LYON une formation Atelier-D\u00e9bat ISBL CONSULTANTS intitul\u00e9e : <a href=\"https:\/\/isbl-consultants-services.fr\/blog\/formation-du-14-novembre-2019-quels-modeles-economiques-pour-les-associations-aspects-juridiques-et-fiscaux\/\">\u201cQuels mod\u00e8les \u00e9conomiques pour les associations ? \u2013 aspects juridiques et fiscaux\u201d<\/a><\/strong><\/p>\n<p><strong>R\u00e9servez d\u00e8s maintenant votre Atelier-D\u00e9bat (programme, conditions g\u00e9n\u00e9rales et <a href=\"https:\/\/isbl-consultants-services.fr\/wp-content\/uploads\/sites\/6\/2019\/10\/bulletin-dinscription-12032020doc.doc\">bulletin d\u2019inscription<\/a> ci-joints).<\/strong><\/p>\n<\/div>\n<div><\/div>\n<section class=\"container-wrap main-color\">\n<div id=\"main-container\" class=\"container\">\n<div class=\"row\">\n<div class=\"template-page col-sm-9 tpl-right with-meta\">\n<div class=\"wrap-content\">\n<article id=\"post-901099563\" class=\"clearfix post-901099563 post type-post status-publish format-standard has-post-thumbnail hentry category-associations-formation-inter category-nos-references_audit-consulting-formations category-formation-inter category-nos-references category-notre-actualite\">\n<div class=\"article-meta\"><span class=\"post-meta\"> <small class=\"meta-author author vcard\"><a class=\"url fn n\" title=\"Afficher tous les messages de Colas Amblard\" href=\"https:\/\/isbl-consultants-services.fr\/blog\/author\/colasamblard\/\" rel=\"author\"><img loading=\"lazy\" decoding=\"async\" class=\"avatar avatar-50 wp-user-avatar wp-user-avatar-50 alignnone photo\" src=\"https:\/\/isbl-consultants-services.fr\/wp-content\/uploads\/sites\/6\/2019\/05\/Colas-Amblard-800-150x150.jpg\" alt=\"Colas Amblard\" width=\"50\" height=\"50\" \/><\/a><\/small><\/span><strong>\u00a0\u00a0 Intervenant :<\/strong>\u00a0<a href=\"https:\/\/institut-isbl.fr\/equipe-isbl\/colas-amblard\/\">Colas AMBLARD<\/a>, Docteur en droit, Avocat associ\u00e9 Soci\u00e9t\u00e9 d\u2019avocats NPS CONSULTING, il a plus particuli\u00e8rement en charge la gestion de dossiers complexes li\u00e9s \u00e0 la cr\u00e9ation, l\u2019optimisation et \u00e0 la restructuration des organismes sans but lucratif (associations, fondations, fonds de dotation).<\/div>\n<div class=\"article-content\">\n<div class=\"pf-content\">\n<h3><strong>Objectifs :<\/strong><\/h3>\n<ul>\n<li>Optimisation des ressources des f\u00e9d\u00e9rations et des associations<\/li>\n<li>S\u00e9curisation des financements publics<\/li>\n<\/ul>\n<h3><strong>Programme :<\/strong><\/h3>\n<div class=\"page\" title=\"Page 5\">\n<p><strong>A. Rappel des capacit\u00e9s juridiques et fiscales.\u00a0<\/strong><\/p>\n<p><strong>1. Capacit\u00e9s juridiques<\/strong><\/p>\n<p>\u2013 Rappel de la loi et d\u00e9cret 1901<\/p>\n<p>\u2013 Rappel de la jurisprudence<\/p>\n<p>\u2013 Association et activit\u00e9s \u00e9conomiques\/lucratives\u00a0: notion d\u2019entreprise associative \u00e0 finalit\u00e9 sociale<\/p>\n<p>\u2013 Les diff\u00e9rentes ressources accessibles aux associations (droit d\u2019entr\u00e9e, cotisation, subvention, m\u00e9c\u00e9nat et financement participatif, produits des activit\u00e9s \u00e9conomiques non lucratives, produits des activit\u00e9s lucratives accessoires, revenus du patrimoine et gestion de l\u2019immobilier, organisation de manifestations exceptionnelles\u2026)<\/p>\n<p><strong>2. Capacit\u00e9s fiscales<\/strong><\/p>\n<p>\u2013 Rappel de l\u2019instruction fiscale BOI 4 H-5-06 du 18 d\u00e9cembre 2006<\/p>\n<p>\u2013 Rappel de la doctrine administrative et de la jurisprudence<\/p>\n<p>\u2013 Quel mod\u00e8le \u00e9conomique pour quel r\u00e9gime fiscal\u00a0?<\/p>\n<p>\u2013 Identifier les exon\u00e9rations fiscales li\u00e9es au secteur associatif<\/p>\n<p><strong>B. Associations : comment optimiser son mod\u00e8le \u00e9conomique\u00a0?<\/strong><\/p>\n<p>\u2013 Identifier ses contraintes\/objectifs\/capacit\u00e9s<\/p>\n<p>\u2013 D\u00e9terminer son mod\u00e8le \u00e9conomique\u00a0: quelles ressources pour quel(le)s projets ou finalit\u00e9s\u00a0?<\/p>\n<p>\u2013 Entamer les r\u00e9flexions et d\u00e9marches ad\u00e9quates (rescrit, sectorisation\/filialisation comptable\u2026)<\/p>\n<p>\u2013 Adapter sa gouvernance et (r\u00e9)organiser son\/ses action(s) dans les territoires<\/p>\n<p>\u2013 Diversifier ses ressources (M\u00e9c\u00e9nat, financement participatif, activit\u00e9s lucratives\u2026)<\/p>\n<p>\u2013 Cr\u00e9er les outils ad\u00e9quats (fonds de dotation, filiale\u2026)<\/p>\n<p>\u2013 Optimiser son r\u00e9gime fiscal (non-assujettissement, exon\u00e9rations sp\u00e9cifiques)<\/p>\n<p>\u2013 Mettre en place des outils de mutualisation ou des actions de regroupement (fusion, apport partiel d\u2019actif)<\/p>\n<\/div>\n<h3><strong>Public vis\u00e9 :\u00a0<\/strong><\/h3>\n<p>Dirigeants associatifs, Directeurs\u00a0salari\u00e9s,\u00a0Professionnels du secteur associatif (avocats, experts-comptables, consultants\u2026)<\/p>\n<h3><strong>Pr\u00e9requis : <\/strong><\/h3>\n<p>Aucun pr\u00e9requis n\u2019est exig\u00e9 en termes de comp\u00e9tences ou d\u2019exp\u00e9rience.<\/p>\n<h3><strong>M\u00e9thode<\/strong> :<\/h3>\n<p>L\u2019intervention sera :<\/p>\n<p>\u2013 interactive et un temps d\u2019\u00e9change sera organis\u00e9 entre l\u2019intervenant et les participants<\/p>\n<p>\u2013 essentiellement bas\u00e9e sur des exemples pratiques, tir\u00e9s d\u2019exp\u00e9riences professionnelles<\/p>\n<p>\u2013 quiz de restitution<\/p>\n<p style=\"text-align: center;\"><strong>***<\/strong><\/p>\n<p><strong>Renseignements<\/strong> : Valentina RICCI \u2013 ISBL CONSULTANTS, 7 rue D\u00e9sir\u00e9e \u2013 69001 Lyon \u2013 contact@isbl-consultants.fr\/services<\/p>\n<p><strong>Horaires<\/strong>\u00a0: 9H30\/12h30 \u2013 repas avec l\u2019intervenant \u2013 13h30\/17H30<\/p>\n<p><strong>Lieu<\/strong>\u00a0: 1 Place Francisque R\u00e9gaud \u2013 69002 Lyon<\/p>\n<p>Pour en savoir plus :<\/p>\n<p><strong>Inscription Atelier-D\u00e9bat du \u00a012\/03\/2020<\/strong>\u00a0:<a href=\"https:\/\/isbl-consultants-services.fr\/wp-content\/uploads\/sites\/6\/2019\/10\/bulletin-dinscription-12032020doc.doc\">\u00a0<strong>Je r\u00e9serve maintenant<\/strong><\/a><\/p>\n<h3><a href=\"https:\/\/www.eventbrite.fr\/e\/billets-formation-quels-modeles-economiques-pour-les-associations-aspects-juridiques-et-fiscaux-52677239040\"><strong>Inscription en ligne<\/strong><\/a><\/h3>\n<h3><strong>T\u00e9l\u00e9chargez le bulletin d\u2019inscription et inscrivez vous : <a href=\"https:\/\/isbl-consultants-services.fr\/wp-content\/uploads\/sites\/6\/2019\/10\/bulletin-dinscription-12032020doc.doc\">ICI<\/a><\/strong><\/h3>\n<p><a href=\"https:\/\/isbl-consultants-services.fr\/wp-content\/uploads\/sites\/6\/2019\/10\/bulletin-dinscription-12032020doc.doc\">bulletin d\u2019inscription \u2013 12032020doc<\/a><\/p>\n<p><a href=\"https:\/\/www.isbl-consultants-services.fr\/services\/wp-content\/uploads\/sites\/6\/2015\/11\/cond_gener_vente1364.pdf\">conditions\u00a0 g\u00e9n\u00e9rales de vente<\/a><\/p>\n<p><a href=\"https:\/\/www.isbl-consultants-services.fr\/services\/wp-content\/uploads\/sites\/6\/2017\/05\/re%CC%80glement-inte%CC%81rieur-.pdf\">r\u00e8glement int\u00e9rieur<\/a><\/p>\n<p>ISBL CONSULTANTS est d\u00e9clar\u00e9e en Pr\u00e9fecture du Rh\u00f4ne sous le n\u00b082690942169 et DataDock\u00e9e<\/p>\n<p>Pour la prise en charge de votre journ\u00e9e de formation consultez votre OPCA.<\/p>\n<p><a href=\"https:\/\/www.isbl-consultants-services.fr\/services\/wp-content\/uploads\/sites\/6\/2018\/06\/Picto_datadocke.jpg\"><img loading=\"lazy\" decoding=\"async\" class=\"alignnone wp-image-901095294\" src=\"https:\/\/www.isbl-consultants-services.fr\/services\/wp-content\/uploads\/sites\/6\/2018\/06\/Picto_datadocke-278x300.jpg\" sizes=\"auto, (max-width: 216px) 100vw, 216px\" srcset=\"https:\/\/isbl-consultants-services.fr\/wp-content\/uploads\/sites\/6\/2018\/06\/Picto_datadocke-278x300.jpg 278w, https:\/\/isbl-consultants-services.fr\/wp-content\/uploads\/sites\/6\/2018\/06\/Picto_datadocke.jpg 716w\" alt=\"\" width=\"216\" height=\"233\" \/><\/a><\/p>\n<\/div>\n<\/div>\n<\/article>\n<\/div>\n<\/div>\n<\/div>\n<\/div>\n<\/section>\n","protected":false},"excerpt":{"rendered":"<p>FORMATION du 12 mars 2020 Le jeudi 12 mars 2020 aura lieu \u00e0 LYON une formation Atelier-D\u00e9bat ISBL CONSULTANTS intitul\u00e9e : \u201cQuels mod\u00e8les \u00e9conomiques pour les associations ? \u2013 aspects juridiques et fiscaux\u201d R\u00e9servez d\u00e8s maintenant votre Atelier-D\u00e9bat (programme, conditions g\u00e9n\u00e9rales et bulletin d\u2019inscription ci-joints). \u00a0\u00a0 Intervenant :\u00a0Colas AMBLARD, Docteur en droit, Avocat associ\u00e9 Soci\u00e9t\u00e9 [&hellip;]<\/p>\n","protected":false},"author":2,"featured_media":0,"comment_status":"open","ping_status":"open","sticky":false,"template":"","format":"standard","meta":{"site-sidebar-layout":"default","site-content-layout":"","ast-site-content-layout":"default","site-content-style":"default","site-sidebar-style":"default","ast-global-header-display":"","ast-banner-title-visibility":"","ast-main-header-display":"","ast-hfb-above-header-display":"","ast-hfb-below-header-display":"","ast-hfb-mobile-header-display":"","site-post-title":"","ast-breadcrumbs-content":"","ast-featured-img":"","footer-sml-layout":"","ast-disable-related-posts":"","theme-transparent-header-meta":"","adv-header-id-meta":"","stick-header-meta":"","header-above-stick-meta":"","header-main-stick-meta":"","header-below-stick-meta":"","astra-migrate-meta-layouts":"default","ast-page-background-enabled":"default","ast-page-background-meta":{"desktop":{"background-color":"var(--ast-global-color-4)","background-image":"","background-repeat":"repeat","background-position":"center center","background-size":"auto","background-attachment":"scroll","background-type":"","background-media":"","overlay-type":"","overlay-color":"","overlay-opacity":"","overlay-gradient":""},"tablet":{"background-color":"","background-image":"","background-repeat":"repeat","background-position":"center center","background-size":"auto","background-attachment":"scroll","background-type":"","background-media":"","overlay-type":"","overlay-color":"","overlay-opacity":"","overlay-gradient":""},"mobile":{"background-color":"","background-image":"","background-repeat":"repeat","background-position":"center center","background-size":"auto","background-attachment":"scroll","background-type":"","background-media":"","overlay-type":"","overlay-color":"","overlay-opacity":"","overlay-gradient":""}},"ast-content-background-meta":{"desktop":{"background-color":"var(--ast-global-color-5)","background-image":"","background-repeat":"repeat","background-position":"center center","background-size":"auto","background-attachment":"scroll","background-type":"","background-media":"","overlay-type":"","overlay-color":"","overlay-opacity":"","overlay-gradient":""},"tablet":{"background-color":"var(--ast-global-color-5)","background-image":"","background-repeat":"repeat","background-position":"center center","background-size":"auto","background-attachment":"scroll","background-type":"","background-media":"","overlay-type":"","overlay-color":"","overlay-opacity":"","overlay-gradient":""},"mobile":{"background-color":"var(--ast-global-color-5)","background-image":"","background-repeat":"repeat","background-position":"center center","background-size":"auto","background-attachment":"scroll","background-type":"","background-media":"","overlay-type":"","overlay-color":"","overlay-opacity":"","overlay-gradient":""}},"footnotes":""},"categories":[105],"tags":[10,401,90,77,393,400],"class_list":["post-2676","post","type-post","status-publish","format-standard","hentry","category-formation-2","tag-association","tag-fiscalite-associative","tag-formation","tag-isbl-consultants","tag-optimisation-des-modeles-associatifs","tag-ressources-associatives"],"_links":{"self":[{"href":"https:\/\/www.npsconsulting-avocats.fr\/NPS\/wp-json\/wp\/v2\/posts\/2676","targetHints":{"allow":["GET"]}}],"collection":[{"href":"https:\/\/www.npsconsulting-avocats.fr\/NPS\/wp-json\/wp\/v2\/posts"}],"about":[{"href":"https:\/\/www.npsconsulting-avocats.fr\/NPS\/wp-json\/wp\/v2\/types\/post"}],"author":[{"embeddable":true,"href":"https:\/\/www.npsconsulting-avocats.fr\/NPS\/wp-json\/wp\/v2\/users\/2"}],"replies":[{"embeddable":true,"href":"https:\/\/www.npsconsulting-avocats.fr\/NPS\/wp-json\/wp\/v2\/comments?post=2676"}],"version-history":[{"count":2,"href":"https:\/\/www.npsconsulting-avocats.fr\/NPS\/wp-json\/wp\/v2\/posts\/2676\/revisions"}],"predecessor-version":[{"id":2678,"href":"https:\/\/www.npsconsulting-avocats.fr\/NPS\/wp-json\/wp\/v2\/posts\/2676\/revisions\/2678"}],"wp:attachment":[{"href":"https:\/\/www.npsconsulting-avocats.fr\/NPS\/wp-json\/wp\/v2\/media?parent=2676"}],"wp:term":[{"taxonomy":"category","embeddable":true,"href":"https:\/\/www.npsconsulting-avocats.fr\/NPS\/wp-json\/wp\/v2\/categories?post=2676"},{"taxonomy":"post_tag","embeddable":true,"href":"https:\/\/www.npsconsulting-avocats.fr\/NPS\/wp-json\/wp\/v2\/tags?post=2676"}],"curies":[{"name":"wp","href":"https:\/\/api.w.org\/{rel}","templated":true}]}}