{"id":2537,"date":"2019-01-09T20:37:49","date_gmt":"2019-01-09T18:37:49","guid":{"rendered":"http:\/\/www.npsconsulting-avocats.fr\/NPS\/?p=2537"},"modified":"2019-01-10T18:58:39","modified_gmt":"2019-01-10T16:58:39","slug":"nps-consulting-interviendra-au-colloque-sur-le-theme-quel-partenariat-envisager-entre-les-collectivites-et-les-associations-26-01-2019","status":"publish","type":"post","link":"https:\/\/www.npsconsulting-avocats.fr\/NPS\/nps-consulting-interviendra-au-colloque-sur-le-theme-quel-partenariat-envisager-entre-les-collectivites-et-les-associations-26-01-2019\/","title":{"rendered":"NPS consulting interviendra au Colloque sur le th\u00e8me \u00ab Quel partenariat envisager entre les collectivit\u00e9s et les associations ? \u00bb (26.01.2019)"},"content":{"rendered":"<p><a href=\"http:\/\/www.npsconsulting-avocats.fr\/NPS\/wp-content\/uploads\/2019\/01\/D\u00e9partement-du-RHONE.jpg\"><img loading=\"lazy\" decoding=\"async\" class=\"alignnone size-full wp-image-2540\" src=\"http:\/\/www.npsconsulting-avocats.fr\/NPS\/wp-content\/uploads\/2019\/01\/D\u00e9partement-du-RHONE.jpg\" alt=\"\" width=\"195\" height=\"111\" srcset=\"https:\/\/www.npsconsulting-avocats.fr\/NPS\/wp-content\/uploads\/2019\/01\/D\u00e9partement-du-RHONE.jpg 195w, https:\/\/www.npsconsulting-avocats.fr\/NPS\/wp-content\/uploads\/2019\/01\/D\u00e9partement-du-RHONE-100x57.jpg 100w\" sizes=\"auto, (max-width: 195px) 100vw, 195px\" \/><\/a><a href=\"http:\/\/www.npsconsulting-avocats.fr\/NPS\/wp-content\/uploads\/2019\/01\/Espace-associatif.jpg\"><img loading=\"lazy\" decoding=\"async\" class=\"alignnone size-medium wp-image-2538\" src=\"http:\/\/www.npsconsulting-avocats.fr\/NPS\/wp-content\/uploads\/2019\/01\/Espace-associatif-300x115.jpg\" alt=\"\" width=\"300\" height=\"115\" srcset=\"https:\/\/www.npsconsulting-avocats.fr\/NPS\/wp-content\/uploads\/2019\/01\/Espace-associatif-300x115.jpg 300w, https:\/\/www.npsconsulting-avocats.fr\/NPS\/wp-content\/uploads\/2019\/01\/Espace-associatif-768x295.jpg 768w, https:\/\/www.npsconsulting-avocats.fr\/NPS\/wp-content\/uploads\/2019\/01\/Espace-associatif-100x38.jpg 100w, https:\/\/www.npsconsulting-avocats.fr\/NPS\/wp-content\/uploads\/2019\/01\/Espace-associatif.jpg 780w\" sizes=\"auto, (max-width: 300px) 100vw, 300px\" \/><\/a><\/p>\n<table width=\"780\">\n<tbody>\n<tr>\n<td>\n<p style=\"text-align: center;\"><strong>Christophe GUILLOTEAU<\/strong><br \/>\nPr\u00e9sident du D\u00e9partement du Rh\u00f4ne<\/p>\n<\/td>\n<td><\/td>\n<\/tr>\n<tr>\n<td>\n<p style=\"text-align: center;\"><strong>Christiane GUICHERD<\/strong><br \/>\nVice-pr\u00e9sidente du D\u00e9partement du Rh\u00f4ne en charge des coll\u00e8ges,<br \/>\nde la vie associative et de la citoyennet\u00e9<\/p>\n<\/td>\n<td><\/td>\n<\/tr>\n<tr>\n<td>\n<p style=\"text-align: center;\"><strong>Ont le plaisir de vous convier au<\/strong><\/p>\n<\/td>\n<td><\/td>\n<\/tr>\n<tr>\n<td>\n<p style=\"text-align: center;\"><strong>Rendez-vous de l\u2019Espace associatif<\/strong><\/p>\n<p style=\"text-align: center;\"><em>Colloque sur le th\u00e8me<\/em><br \/>\n\u00ab Quel partenariat envisager<br \/>\nentre les collectivit\u00e9s et les associations ? \u00bb<\/p>\n<p style=\"text-align: center;\"><strong>Le samedi 26 janvier 2019 \u00e0 8h30<\/strong><\/p>\n<\/td>\n<td><\/td>\n<\/tr>\n<tr>\n<td>\n<p style=\"text-align: center;\">\u00c0 l\u2019issue de cette rencontre,<br \/>\n<strong>Christophe GUILLOTEAU<\/strong><br \/>\nPr\u00e9sident du D\u00e9partement du Rh\u00f4ne<\/p>\n<p>aura le plaisir de vous pr\u00e9senter ses v\u0153ux autour d\u2019un cocktail<br \/>\n<strong>dans les salons de l\u2019H\u00f4tel du D\u00e9partement<\/strong><br \/>\n(entr\u00e9e : face au num\u00e9ro 32 de la rue Servient- 69003 Lyon)<\/td>\n<td><\/td>\n<\/tr>\n<tr>\n<td>Merci de bien vouloir confirmer votre pr\u00e9sence par e-mail avant le 18 janvier 2019<br \/>\n\u00e0 <a href=\"mailto:protocole@rhone.fr\">protocole@rhone.fr<\/a>Nombre de places limit\u00e9es. Pensez \u00e0 imprimer l\u2019invitation (obligatoire \u00e0 l\u2019entr\u00e9e)<\/td>\n<td><\/td>\n<\/tr>\n<tr>\n<td colspan=\"2\">PROGRAMME<\/td>\n<\/tr>\n<tr>\n<td><strong>8h30 \u2013 9h00 : Accueil caf\u00e9<\/strong><\/p>\n<p><strong>9h00 \u2013 9h15 : Ouverture du colloque par Christiane GUICHERD<\/strong>, Vice-pr\u00e9sidente du D\u00e9partement du Rh\u00f4ne, en charge des coll\u00e8ges, de la vie associative et de la citoyennet\u00e9<\/p>\n<p><strong>9h15 \u2013 9h45 : T\u00e9moignage de Philippe MARTINEZ<\/strong>, responsable de la Piste d\u2019\u00c9ducation Routi\u00e8re Citoyenne des Gones : PERCIGONES, sur le th\u00e8me : <strong>\u00ab Construire une relation \u00e9quilibr\u00e9e avec les partenaires institutionnels \u00bb <\/strong><\/p>\n<p><strong>9h45 \u2013 10h30 : Intervention de Viviane TCHERNONOG,<\/strong> chercheuse associ\u00e9e au Centre d\u2019\u00e9conomie de la Sorbonne (CNRS-Universit\u00e9 Paris 1): <strong>\u00ab \u00c9volutions et transformations des associations : vers quel secteur associatif demain ? \u00bb <\/strong><\/p>\n<p><strong>10h30 \u2013 11h00 : Pause-caf\u00e9 <\/strong><\/p>\n<p><strong>11h00 \u2013 11h45 : Intervention de Ma\u00eetre Colas AMBLARD,<\/strong> docteur en droit, avocat au barreau de Lyon, charg\u00e9 d\u2019enseignement \u00e0 l\u2019universit\u00e9 Jean MOULIN Lyon 3 : <strong>\u00ab Baisse des subventions : vers un renouveau des partenariats et mod\u00e8les \u00e9conomiques associatifs \u00bb<\/strong><\/p>\n<p><strong>11h45 \u2013 12h15 : \u00c9change avec la salle <\/strong><\/p>\n<p><strong>12h15 \u2013 12h30 : Pr\u00e9sentation des v\u0153ux du D\u00e9partement du Rh\u00f4ne aux associations par le pr\u00e9sident Christophe GUILLOTEAU et cl\u00f4ture du colloque <\/strong><\/p>\n<p><strong>12h30 : Cocktail <\/strong><\/td>\n<td><\/td>\n<\/tr>\n<tr>\n<td><\/td>\n<td><\/td>\n<\/tr>\n<\/tbody>\n<\/table>\n<p>&nbsp;<\/p>\n<p>&nbsp;<\/p>\n<p>&nbsp;<\/p>\n<p><strong>Soyons \u00e9co-responsables : merci de n&rsquo;imprimer que si n\u00e9cessaire<\/strong><\/p>\n<p>&nbsp;<\/p>\n","protected":false},"excerpt":{"rendered":"<p>Christophe GUILLOTEAU Pr\u00e9sident du D\u00e9partement du Rh\u00f4ne Christiane GUICHERD Vice-pr\u00e9sidente du D\u00e9partement du Rh\u00f4ne en charge des coll\u00e8ges, de la vie associative et de la citoyennet\u00e9 Ont le plaisir de vous convier au Rendez-vous de l\u2019Espace associatif Colloque sur le th\u00e8me \u00ab Quel partenariat envisager entre les collectivit\u00e9s et les associations ? \u00bb Le samedi [&hellip;]<\/p>\n","protected":false},"author":2,"featured_media":0,"comment_status":"open","ping_status":"open","sticky":false,"template":"","format":"standard","meta":{"site-sidebar-layout":"default","site-content-layout":"","ast-site-content-layout":"default","site-content-style":"default","site-sidebar-style":"default","ast-global-header-display":"","ast-banner-title-visibility":"","ast-main-header-display":"","ast-hfb-above-header-display":"","ast-hfb-below-header-display":"","ast-hfb-mobile-header-display":"","site-post-title":"","ast-breadcrumbs-content":"","ast-featured-img":"","footer-sml-layout":"","ast-disable-related-posts":"","theme-transparent-header-meta":"","adv-header-id-meta":"","stick-header-meta":"","header-above-stick-meta":"","header-main-stick-meta":"","header-below-stick-meta":"","astra-migrate-meta-layouts":"default","ast-page-background-enabled":"default","ast-page-background-meta":{"desktop":{"background-color":"var(--ast-global-color-4)","background-image":"","background-repeat":"repeat","background-position":"center center","background-size":"auto","background-attachment":"scroll","background-type":"","background-media":"","overlay-type":"","overlay-color":"","overlay-opacity":"","overlay-gradient":""},"tablet":{"background-color":"","background-image":"","background-repeat":"repeat","background-position":"center center","background-size":"auto","background-attachment":"scroll","background-type":"","background-media":"","overlay-type":"","overlay-color":"","overlay-opacity":"","overlay-gradient":""},"mobile":{"background-color":"","background-image":"","background-repeat":"repeat","background-position":"center center","background-size":"auto","background-attachment":"scroll","background-type":"","background-media":"","overlay-type":"","overlay-color":"","overlay-opacity":"","overlay-gradient":""}},"ast-content-background-meta":{"desktop":{"background-color":"var(--ast-global-color-5)","background-image":"","background-repeat":"repeat","background-position":"center center","background-size":"auto","background-attachment":"scroll","background-type":"","background-media":"","overlay-type":"","overlay-color":"","overlay-opacity":"","overlay-gradient":""},"tablet":{"background-color":"var(--ast-global-color-5)","background-image":"","background-repeat":"repeat","background-position":"center center","background-size":"auto","background-attachment":"scroll","background-type":"","background-media":"","overlay-type":"","overlay-color":"","overlay-opacity":"","overlay-gradient":""},"mobile":{"background-color":"var(--ast-global-color-5)","background-image":"","background-repeat":"repeat","background-position":"center center","background-size":"auto","background-attachment":"scroll","background-type":"","background-media":"","overlay-type":"","overlay-color":"","overlay-opacity":"","overlay-gradient":""}},"footnotes":""},"categories":[1],"tags":[],"class_list":["post-2537","post","type-post","status-publish","format-standard","hentry","category-non-classe"],"_links":{"self":[{"href":"https:\/\/www.npsconsulting-avocats.fr\/NPS\/wp-json\/wp\/v2\/posts\/2537","targetHints":{"allow":["GET"]}}],"collection":[{"href":"https:\/\/www.npsconsulting-avocats.fr\/NPS\/wp-json\/wp\/v2\/posts"}],"about":[{"href":"https:\/\/www.npsconsulting-avocats.fr\/NPS\/wp-json\/wp\/v2\/types\/post"}],"author":[{"embeddable":true,"href":"https:\/\/www.npsconsulting-avocats.fr\/NPS\/wp-json\/wp\/v2\/users\/2"}],"replies":[{"embeddable":true,"href":"https:\/\/www.npsconsulting-avocats.fr\/NPS\/wp-json\/wp\/v2\/comments?post=2537"}],"version-history":[{"count":10,"href":"https:\/\/www.npsconsulting-avocats.fr\/NPS\/wp-json\/wp\/v2\/posts\/2537\/revisions"}],"predecessor-version":[{"id":2550,"href":"https:\/\/www.npsconsulting-avocats.fr\/NPS\/wp-json\/wp\/v2\/posts\/2537\/revisions\/2550"}],"wp:attachment":[{"href":"https:\/\/www.npsconsulting-avocats.fr\/NPS\/wp-json\/wp\/v2\/media?parent=2537"}],"wp:term":[{"taxonomy":"category","embeddable":true,"href":"https:\/\/www.npsconsulting-avocats.fr\/NPS\/wp-json\/wp\/v2\/categories?post=2537"},{"taxonomy":"post_tag","embeddable":true,"href":"https:\/\/www.npsconsulting-avocats.fr\/NPS\/wp-json\/wp\/v2\/tags?post=2537"}],"curies":[{"name":"wp","href":"https:\/\/api.w.org\/{rel}","templated":true}]}}