{"id":2461,"date":"2018-05-30T19:08:45","date_gmt":"2018-05-30T17:08:45","guid":{"rendered":"http:\/\/www.npsconsulting-avocats.fr\/NPS\/?p=2461"},"modified":"2018-05-30T19:08:45","modified_gmt":"2018-05-30T17:08:45","slug":"associations-du-benevolat-au-salariat-il-ny-a-quun-pas","status":"publish","type":"post","link":"https:\/\/www.npsconsulting-avocats.fr\/NPS\/associations-du-benevolat-au-salariat-il-ny-a-quun-pas\/","title":{"rendered":"Associations : du b\u00e9n\u00e9volat au salariat, il n\u2019y a qu\u2019un pas !"},"content":{"rendered":"<p>&nbsp;<\/p>\n<div class=\"authorInfo\">\n<div class=\"avatara singleA\"><a href=\"http:\/\/www.isbl-consultants.fr\/equipes\/anthony-berger\/\"><img loading=\"lazy\" decoding=\"async\" class=\"avatar avatar-small wp-user-avatar wp-user-avatar-small alignnone photo\" src=\"http:\/\/www.isbl-consultants.fr\/wp-content\/uploads\/2017\/10\/Anthony-BERGER-233x300.jpg\" alt=\"Anthony BERGER\" width=\"84\" height=\"109\" \/><\/a><\/div>\n<div class=\"authorname\">r\u00e9dig\u00e9 par <a href=\"http:\/\/www.isbl-consultants.fr\/equipes\/anthony-berger\/\"> Anthony BERGER <\/a><\/div>\n<div class=\"authorlink\">\n<p><a href=\"http:\/\/www.isbl-consultants.fr\/equipes\/anthony-berger\/\">lien vers sa fiche<\/a> <a href=\"http:\/\/www.isbl-consultants.fr\/formation-auteur\/?auteur=47\"> lien vers ses formations<\/a><\/p>\n<form><\/form>\n<\/div>\n<\/div>\n<p><!-- .entry-header --><\/p>\n<div class=\"entry-content wrapper contenugenerique\">\n<p><strong>Le b\u00e9n\u00e9volat demeure aujourd\u2019hui encore l\u2019un des rouages essentiels du fonctionnement associatif. M\u00e9lange entre force vive et bonne volont\u00e9, le b\u00e9n\u00e9vole apporte \u00e0 l\u2019association son temps et son savoir-faire, par d\u00e9finition sans r\u00e9mun\u00e9ration ou contrepartie. Acteur philanthropique du projet associatif, s\u2019il en est, le membre b\u00e9n\u00e9vole n\u2019en reste pas moins un sujet de droit, dont la d\u00e9finition est parfois moins \u00e9vidente qu\u2019il n\u2019y parait.<\/strong><\/p>\n<p>&nbsp;<\/p>\n<p>A ce titre, la fronti\u00e8re entre b\u00e9n\u00e9volat et salariat reste poreuse. Les juridictions amen\u00e9es \u00e0 se prononcer sur la qualification d\u2019une activit\u00e9 op\u00e8rent d\u00e8s lors une analyse rigoureuse et n\u2019h\u00e9sitent plus \u00e0 requalifier une situation b\u00e9n\u00e9vole en un contrat de travail de salari\u00e9. Et l\u2019addition peut \u00eatre lourde pour l\u2019association mise en cause.<\/p>\n<p>Preuve encore avec cet arr\u00eat de la Chambre Sociale de la Cour de Cassation du 20 d\u00e9cembre 2017<a href=\"http:\/\/www.isbl-consultants.fr\/associations-benevolat-salariat-ny-a-quun\/#note1\">[1]<\/a>.<\/p>\n<\/div>\n<p><!--more--><\/p>\n<div class=\"entry-content wrapper contenugenerique\">\n<h3><strong>1. La requalification du contrat de b\u00e9n\u00e9volat par les juges de la Cour de Cassation<\/strong><\/h3>\n<p>En l\u2019esp\u00e8ce, Monsieur X\u2026, membre d\u2019une association de type \u00ab<em>a\u00e9roclub\u00a0<\/em>\u00bb signe avec cette derni\u00e8re une convention par laquelle il acceptait d\u2019assurer <strong>b\u00e9n\u00e9volement <\/strong>l\u2019accueil de l\u2019association.<\/p>\n<p>Cette convention pr\u00e9cisait les horaires et jours de permanence de l\u2019accueil, les p\u00e9riodes de disponibilit\u00e9 de Monsieur X\u2026 en dehors de ces jours ainsi que certains jours f\u00e9ri\u00e9s, la dur\u00e9e des cong\u00e9s, d\u00e9taillait les t\u00e2ches \u00e0 accomplir et pr\u00e9cisait que l\u2019int\u00e9ress\u00e9 b\u00e9n\u00e9ficiait de l\u2019occupation exclusive et gratuite d\u2019un logement.<\/p>\n<p>Monsieur X estimait pouvoir se pr\u00e9valoir de l\u2019existence d\u2019un v\u00e9ritable contrat de travail et saisi la juridiction prud\u2019homale \u00e0 cet effet. Le litige se trouva face \u00e0 la Chambre Sociale de la Cour de Cassation, laquelle, dans le pr\u00e9sent arr\u00eat, fit droit aux pr\u00e9tentions du requ\u00e9rant aux motifs suivants\u00a0:<\/p>\n<p><strong>\u2013 L\u2019existence d\u2019un lien de subordination<\/strong><\/p>\n<p>L\u2019une des particularit\u00e9s du salariat r\u00e9side en l\u2019existence d\u2019un lien de subordination entre l\u2019employ\u00e9 et son employeur.<\/p>\n<p>Une d\u00e9finition de cette notion a \u00e9t\u00e9 propos\u00e9e par la Cour de Cassation\u00a0:<\/p>\n<p><em>\u00ab\u00a0Le lien de subordination est caract\u00e9ris\u00e9 par l\u2019ex\u00e9cution d\u2019un travail sous l\u2019autorit\u00e9 de l\u2019employeur qui a le pouvoir <strong>de donner des ordres et des directives<\/strong>, d\u2019en <strong>contr\u00f4ler l\u2019ex\u00e9cution <\/strong>et <strong>de sanctionner les manquements <\/strong>de son subordonn\u00e9. Le travail au sein d\u2019un service organis\u00e9 peut constituer un indice du lien de subordination lorsque l\u2019employeur d\u00e9termine unilat\u00e9ralement les conditions d\u2019ex\u00e9cution du travail.\u00a0\u00bb<\/em><a href=\"http:\/\/www.isbl-consultants.fr\/associations-benevolat-salariat-ny-a-quun\/#note2\">[2]<\/a><\/p>\n<p>A ce titre, en mati\u00e8re de b\u00e9n\u00e9volat, les juges supr\u00eames ont d\u00e9j\u00e0 pu requalifier un contrat de b\u00e9n\u00e9volat en contrat de travail salari\u00e9 dans la mesure o\u00f9 les int\u00e9ress\u00e9s effectuaient un travail d\u2019accompagnement de voyageurs sous les ordres et directives d\u2019une association, celle-ci ayant le pouvoir d\u2019en contr\u00f4ler l\u2019ex\u00e9cution et de sanctionner les manquements \u00e9ventuels<a href=\"http:\/\/www.isbl-consultants.fr\/associations-benevolat-salariat-ny-a-quun\/#note3\">[3].<\/a><\/p>\n<p>Les juges de la Chambre Sociale reprennent d\u2019ailleurs cette argumentation dans le cadre de l\u2019arr\u00eat comment\u00e9 en confirmant l\u2019existence d\u2019un lien de subordination entre Monsieur X\u2026 et l\u2019a\u00e9roclub, sous justification que <strong>l\u2019association fixait les horaires de travail, d\u00e9finissait unilat\u00e9ralement les t\u00e2ches, imposait les jours de repos et la dur\u00e9e des cong\u00e9s et n\u2019accordait d\u2019absence pendant les heures de pr\u00e9sence que sous autorisation pr\u00e9alable et expresse.<\/strong><\/p>\n<p>Pour autant, <strong>la seule existence d\u2019un lien de subordination\u00a0<\/strong>ne peut suffire en elle-m\u00eame \u00e0 caract\u00e9riser le contrat de travail.<\/p>\n<p><strong>\u2013 Une r\u00e9mun\u00e9ration sp\u00e9cifique<\/strong><\/p>\n<p>Par d\u00e9finition, le b\u00e9n\u00e9vole ne per\u00e7oit pas de r\u00e9mun\u00e9ration, ni en esp\u00e8ces, ni en nature. Son action est purement gratuite.<\/p>\n<p>Cette id\u00e9e est toutefois limit\u00e9e, notamment dans le cadre de <strong>remboursements de frais\u00a0<\/strong>correspondant \u00e0 des d\u00e9penses r\u00e9elles et justifi\u00e9es, qui sont admises, sans que cela ne remette en cause le caract\u00e8re b\u00e9n\u00e9vole de l\u2019intervention<a href=\"http:\/\/www.isbl-consultants.fr\/associations-benevolat-salariat-ny-a-quun\/#note4\">[4]<\/a>.<\/p>\n<p>De m\u00eame, il est admis que les associations attribuent \u00e0 leur b\u00e9n\u00e9vole exer\u00e7ant une activit\u00e9 r\u00e9guli\u00e8re des <strong>ch\u00e8ques-repas<\/strong>, destin\u00e9s \u00e0 acquitter tout ou partie des repas pris \u00e0 l\u2019occasion de l\u2019activit\u00e9 associative<a href=\"http:\/\/www.isbl-consultants.fr\/associations-benevolat-salariat-ny-a-quun\/#note5\">[5] <\/a>.<\/p>\n<p>En dehors de ces cas, <strong>la r\u00e9mun\u00e9ration est proscrite\u00a0<\/strong>pour le b\u00e9n\u00e9vole. L\u2019arr\u00eat comment\u00e9 en l\u2019esp\u00e8ce le rappelle bien. Les juges estiment ici qu\u2019en b\u00e9n\u00e9ficiant de l\u2019occupation exclusive et gratuite d\u2019un logement, Monsieur X\u2026 percevait bien une r\u00e9mun\u00e9ration en nature.<\/p>\n<p>L\u2019adjonction de ces deux crit\u00e8res, \u00e0 savoir le lien de subordination et la r\u00e9mun\u00e9ration, \u00e0 l\u2019ex\u00e9cution d\u2019un travail, caract\u00e9rise bien une situation de salariat. <strong>A ce titre, le contrat de b\u00e9n\u00e9volat doit \u00eatre requalifi\u00e9.<\/strong><\/p>\n<h3><strong>2. Cons\u00e9quences de la requalification<\/strong><\/h3>\n<p>L\u2019enjeu pour l\u2019association est de taille\u00a0: la requalification du contrat de b\u00e9n\u00e9volat en salariat emporte l\u2019obligation de satisfaire aux exigences de la <strong>r\u00e8glementation du travail et de protection sociale<\/strong>.<\/p>\n<p>Cela recouvre notamment l\u2019affiliation du salari\u00e9 au r\u00e9gime de S\u00e9curit\u00e9 Sociale, le cas \u00e9ch\u00e9ant avec rappel des cotisations sociales impay\u00e9es.<\/p>\n<p>En outre, le d\u00e9faut de d\u00e9claration pr\u00e9alable \u00e0 l\u2019embauche du salari\u00e9, consid\u00e9r\u00e9 comme b\u00e9n\u00e9vole, constitue une <strong>infraction de travail dissimul\u00e9<\/strong><a href=\"http:\/\/www.isbl-consultants.fr\/associations-benevolat-salariat-ny-a-quun\/#note6\">[6]<\/a><strong>.<\/strong><\/p>\n<p><strong>Il est donc n\u00e9cessaire d\u2019appeler les associations \u00e0 la plus grande prudence s\u2019agissant de l\u2019utilisation de b\u00e9n\u00e9voles.<\/strong><\/p>\n<p>S\u2019il est effectivement important de cadrer la relation au sein d\u2019une convention de b\u00e9n\u00e9volat, le simple intitul\u00e9 du texte ne permet pas de qualifier le b\u00e9n\u00e9volat en tant que tel. Il convient de d\u00e9finir avec pr\u00e9cision les modalit\u00e9s de la relation de travail et, surtout, de ne pas verser une r\u00e9mun\u00e9ration au b\u00e9n\u00e9vole qui serait sup\u00e9rieure, strictement, aux remboursements de frais auquel il a le droit.<\/p>\n<p>La jurisprudence comment\u00e9e en l\u2019esp\u00e8ce, si elle est constante, demeure \u00e9galement empreinte d\u2019une <strong>logique protectrice\u00a0<\/strong>envers le travailleur.<\/p>\n<p>&nbsp;<\/p>\n<hr \/>\n<div class=\"les_notes alternate\">\n<h2>Les Notes:<\/h2>\n<p>[1]Cass. Soc. 20 d\u00e9c. 2017, n\u00b016-20.646 F-D<\/p>\n<p>[2]Cass. Soc.. 13 nov. \u00a0<a href=\"https:\/\/fr.wikipedia.org\/wiki\/1996\">1996<\/a>, Bull. civ., V, n\u00b0 386 ; n\u00b094-13187<\/p>\n<p>[3]Cass. Soc. 29 janv. 2002, n\u00b099-42.697<\/p>\n<p>[4]R\u00e9p. Min. \u00abS\u00e9guin\u00a0\u00bb, JOAN, 25 juin 1984, p.2888<\/p>\n<p>[5]Loi 2006-586 du 23 mai 2006<\/p>\n<p>[6]Article L.8221-5 du Code du Travail<\/p>\n<\/div>\n<\/div>\n","protected":false},"excerpt":{"rendered":"<p>&nbsp; r\u00e9dig\u00e9 par Anthony BERGER lien vers sa fiche lien vers ses formations Le b\u00e9n\u00e9volat demeure aujourd\u2019hui encore l\u2019un des rouages essentiels du fonctionnement associatif. M\u00e9lange entre force vive et bonne volont\u00e9, le b\u00e9n\u00e9vole apporte \u00e0 l\u2019association son temps et son savoir-faire, par d\u00e9finition sans r\u00e9mun\u00e9ration ou contrepartie. Acteur philanthropique du projet associatif, s\u2019il en [&hellip;]<\/p>\n","protected":false},"author":2,"featured_media":0,"comment_status":"open","ping_status":"open","sticky":false,"template":"","format":"standard","meta":{"site-sidebar-layout":"default","site-content-layout":"","ast-site-content-layout":"default","site-content-style":"default","site-sidebar-style":"default","ast-global-header-display":"","ast-banner-title-visibility":"","ast-main-header-display":"","ast-hfb-above-header-display":"","ast-hfb-below-header-display":"","ast-hfb-mobile-header-display":"","site-post-title":"","ast-breadcrumbs-content":"","ast-featured-img":"","footer-sml-layout":"","ast-disable-related-posts":"","theme-transparent-header-meta":"","adv-header-id-meta":"","stick-header-meta":"","header-above-stick-meta":"","header-main-stick-meta":"","header-below-stick-meta":"","astra-migrate-meta-layouts":"default","ast-page-background-enabled":"default","ast-page-background-meta":{"desktop":{"background-color":"var(--ast-global-color-4)","background-image":"","background-repeat":"repeat","background-position":"center center","background-size":"auto","background-attachment":"scroll","background-type":"","background-media":"","overlay-type":"","overlay-color":"","overlay-opacity":"","overlay-gradient":""},"tablet":{"background-color":"","background-image":"","background-repeat":"repeat","background-position":"center center","background-size":"auto","background-attachment":"scroll","background-type":"","background-media":"","overlay-type":"","overlay-color":"","overlay-opacity":"","overlay-gradient":""},"mobile":{"background-color":"","background-image":"","background-repeat":"repeat","background-position":"center center","background-size":"auto","background-attachment":"scroll","background-type":"","background-media":"","overlay-type":"","overlay-color":"","overlay-opacity":"","overlay-gradient":""}},"ast-content-background-meta":{"desktop":{"background-color":"var(--ast-global-color-5)","background-image":"","background-repeat":"repeat","background-position":"center center","background-size":"auto","background-attachment":"scroll","background-type":"","background-media":"","overlay-type":"","overlay-color":"","overlay-opacity":"","overlay-gradient":""},"tablet":{"background-color":"var(--ast-global-color-5)","background-image":"","background-repeat":"repeat","background-position":"center center","background-size":"auto","background-attachment":"scroll","background-type":"","background-media":"","overlay-type":"","overlay-color":"","overlay-opacity":"","overlay-gradient":""},"mobile":{"background-color":"var(--ast-global-color-5)","background-image":"","background-repeat":"repeat","background-position":"center center","background-size":"auto","background-attachment":"scroll","background-type":"","background-media":"","overlay-type":"","overlay-color":"","overlay-opacity":"","overlay-gradient":""}},"footnotes":""},"categories":[283],"tags":[368,52,313,111,138,369],"class_list":["post-2461","post","type-post","status-publish","format-standard","hentry","category-article","tag-anthony-berger","tag-associations","tag-avocat-en-droit-des-associations","tag-benevolat","tag-droit-des-associations","tag-salariat"],"_links":{"self":[{"href":"https:\/\/www.npsconsulting-avocats.fr\/NPS\/wp-json\/wp\/v2\/posts\/2461","targetHints":{"allow":["GET"]}}],"collection":[{"href":"https:\/\/www.npsconsulting-avocats.fr\/NPS\/wp-json\/wp\/v2\/posts"}],"about":[{"href":"https:\/\/www.npsconsulting-avocats.fr\/NPS\/wp-json\/wp\/v2\/types\/post"}],"author":[{"embeddable":true,"href":"https:\/\/www.npsconsulting-avocats.fr\/NPS\/wp-json\/wp\/v2\/users\/2"}],"replies":[{"embeddable":true,"href":"https:\/\/www.npsconsulting-avocats.fr\/NPS\/wp-json\/wp\/v2\/comments?post=2461"}],"version-history":[{"count":2,"href":"https:\/\/www.npsconsulting-avocats.fr\/NPS\/wp-json\/wp\/v2\/posts\/2461\/revisions"}],"predecessor-version":[{"id":2463,"href":"https:\/\/www.npsconsulting-avocats.fr\/NPS\/wp-json\/wp\/v2\/posts\/2461\/revisions\/2463"}],"wp:attachment":[{"href":"https:\/\/www.npsconsulting-avocats.fr\/NPS\/wp-json\/wp\/v2\/media?parent=2461"}],"wp:term":[{"taxonomy":"category","embeddable":true,"href":"https:\/\/www.npsconsulting-avocats.fr\/NPS\/wp-json\/wp\/v2\/categories?post=2461"},{"taxonomy":"post_tag","embeddable":true,"href":"https:\/\/www.npsconsulting-avocats.fr\/NPS\/wp-json\/wp\/v2\/tags?post=2461"}],"curies":[{"name":"wp","href":"https:\/\/api.w.org\/{rel}","templated":true}]}}