{"id":2412,"date":"2018-02-07T11:06:40","date_gmt":"2018-02-07T09:06:40","guid":{"rendered":"http:\/\/www.npsconsulting-avocats.fr\/NPS\/?p=2412"},"modified":"2018-10-25T19:20:03","modified_gmt":"2018-10-25T17:20:03","slug":"colas-amblard-est-nomme-membre-du-comite-expert-de-linstitut-de-developpement-de-lethique-et-de-laction-pour-la-solidarite-ideas","status":"publish","type":"post","link":"https:\/\/www.npsconsulting-avocats.fr\/NPS\/colas-amblard-est-nomme-membre-du-comite-expert-de-linstitut-de-developpement-de-lethique-et-de-laction-pour-la-solidarite-ideas\/","title":{"rendered":"Colas Amblard est nomm\u00e9 membre du Comit\u00e9 Expert de l&rsquo;Institut de D\u00e9veloppement de l\u2019\u00c9thique et de l&rsquo;Action pour la Solidarit\u00e9 (IDEAS)"},"content":{"rendered":"<p><a href=\"http:\/\/www.npsconsulting-avocats.fr\/NPS\/wp-content\/uploads\/2018\/02\/ideas-logo.png\"><img loading=\"lazy\" decoding=\"async\" class=\"alignleft size-full wp-image-2413\" src=\"http:\/\/www.npsconsulting-avocats.fr\/NPS\/wp-content\/uploads\/2018\/02\/ideas-logo.png\" alt=\"\" width=\"133\" height=\"93\" srcset=\"https:\/\/www.npsconsulting-avocats.fr\/NPS\/wp-content\/uploads\/2018\/02\/ideas-logo.png 133w, https:\/\/www.npsconsulting-avocats.fr\/NPS\/wp-content\/uploads\/2018\/02\/ideas-logo-100x70.png 100w\" sizes=\"auto, (max-width: 133px) 100vw, 133px\" \/><\/a><\/p>\n<div class=\"action-menu ab_ctl\">\n<div id=\"wrapper\">\n<div id=\"main\">\n<aside id=\"sidebar\" class=\"hidden-mobile\" data-url=\"https:\/\/www.carenews.com\/fr\/extra_sidebar_content\">\n<article class=\"widget\">\n<div class=\"box add\">\n<div class=\"article_sidebar_organization_owner\">\n<p>IDEAS accompagne les associations et fondations dans une d\u00e9marche de progr\u00e8s continu au service de l\u2019int\u00e9r\u00eat g\u00e9n\u00e9ral. Cet accompagnement permet d\u2019optimiser leur fonctionnement et de renforcer leurs capacit\u00e9s de d\u00e9veloppement et d\u2019action.<\/p>\n<\/div>\n<\/div>\n<\/article>\n<\/aside>\n<\/div>\n<\/div>\n<\/div>\n<div><\/div>\n<div>Pour voir le communiqu\u00e9 de presse de IDEAS : <a href=\"http:\/\/www.ideas.asso.fr\/media\/cms_page_media\/500\/CP-IDEAS-Amblard-fev18-V26-02-18.pdf\">cliquez ici<\/a><\/div>\n<p>Pour en savoir plus sur IDEAS : <a href=\"http:\/\/www.ideas.assos.fr\">cliquez ici<\/a><\/p>\n","protected":false},"excerpt":{"rendered":"<p>IDEAS accompagne les associations et fondations dans une d\u00e9marche de progr\u00e8s continu au service de l\u2019int\u00e9r\u00eat g\u00e9n\u00e9ral. Cet accompagnement permet d\u2019optimiser leur fonctionnement et de renforcer leurs capacit\u00e9s de d\u00e9veloppement et d\u2019action. Pour voir le communiqu\u00e9 de presse de IDEAS : cliquez ici Pour en savoir plus sur IDEAS : cliquez ici<\/p>\n","protected":false},"author":2,"featured_media":0,"comment_status":"open","ping_status":"open","sticky":false,"template":"","format":"standard","meta":{"site-sidebar-layout":"default","site-content-layout":"","ast-site-content-layout":"default","site-content-style":"default","site-sidebar-style":"default","ast-global-header-display":"","ast-banner-title-visibility":"","ast-main-header-display":"","ast-hfb-above-header-display":"","ast-hfb-below-header-display":"","ast-hfb-mobile-header-display":"","site-post-title":"","ast-breadcrumbs-content":"","ast-featured-img":"","footer-sml-layout":"","ast-disable-related-posts":"","theme-transparent-header-meta":"","adv-header-id-meta":"","stick-header-meta":"","header-above-stick-meta":"","header-main-stick-meta":"","header-below-stick-meta":"","astra-migrate-meta-layouts":"default","ast-page-background-enabled":"default","ast-page-background-meta":{"desktop":{"background-color":"var(--ast-global-color-4)","background-image":"","background-repeat":"repeat","background-position":"center center","background-size":"auto","background-attachment":"scroll","background-type":"","background-media":"","overlay-type":"","overlay-color":"","overlay-opacity":"","overlay-gradient":""},"tablet":{"background-color":"","background-image":"","background-repeat":"repeat","background-position":"center center","background-size":"auto","background-attachment":"scroll","background-type":"","background-media":"","overlay-type":"","overlay-color":"","overlay-opacity":"","overlay-gradient":""},"mobile":{"background-color":"","background-image":"","background-repeat":"repeat","background-position":"center center","background-size":"auto","background-attachment":"scroll","background-type":"","background-media":"","overlay-type":"","overlay-color":"","overlay-opacity":"","overlay-gradient":""}},"ast-content-background-meta":{"desktop":{"background-color":"var(--ast-global-color-5)","background-image":"","background-repeat":"repeat","background-position":"center center","background-size":"auto","background-attachment":"scroll","background-type":"","background-media":"","overlay-type":"","overlay-color":"","overlay-opacity":"","overlay-gradient":""},"tablet":{"background-color":"var(--ast-global-color-5)","background-image":"","background-repeat":"repeat","background-position":"center center","background-size":"auto","background-attachment":"scroll","background-type":"","background-media":"","overlay-type":"","overlay-color":"","overlay-opacity":"","overlay-gradient":""},"mobile":{"background-color":"var(--ast-global-color-5)","background-image":"","background-repeat":"repeat","background-position":"center center","background-size":"auto","background-attachment":"scroll","background-type":"","background-media":"","overlay-type":"","overlay-color":"","overlay-opacity":"","overlay-gradient":""}},"footnotes":""},"categories":[124],"tags":[52,359,358,49,360],"class_list":["post-2412","post","type-post","status-publish","format-standard","hentry","category-communique-de-presse","tag-associations","tag-charte-des-bonnes-pratiques","tag-ideas","tag-mecenat","tag-philanthropie"],"_links":{"self":[{"href":"https:\/\/www.npsconsulting-avocats.fr\/NPS\/wp-json\/wp\/v2\/posts\/2412","targetHints":{"allow":["GET"]}}],"collection":[{"href":"https:\/\/www.npsconsulting-avocats.fr\/NPS\/wp-json\/wp\/v2\/posts"}],"about":[{"href":"https:\/\/www.npsconsulting-avocats.fr\/NPS\/wp-json\/wp\/v2\/types\/post"}],"author":[{"embeddable":true,"href":"https:\/\/www.npsconsulting-avocats.fr\/NPS\/wp-json\/wp\/v2\/users\/2"}],"replies":[{"embeddable":true,"href":"https:\/\/www.npsconsulting-avocats.fr\/NPS\/wp-json\/wp\/v2\/comments?post=2412"}],"version-history":[{"count":4,"href":"https:\/\/www.npsconsulting-avocats.fr\/NPS\/wp-json\/wp\/v2\/posts\/2412\/revisions"}],"predecessor-version":[{"id":2421,"href":"https:\/\/www.npsconsulting-avocats.fr\/NPS\/wp-json\/wp\/v2\/posts\/2412\/revisions\/2421"}],"wp:attachment":[{"href":"https:\/\/www.npsconsulting-avocats.fr\/NPS\/wp-json\/wp\/v2\/media?parent=2412"}],"wp:term":[{"taxonomy":"category","embeddable":true,"href":"https:\/\/www.npsconsulting-avocats.fr\/NPS\/wp-json\/wp\/v2\/categories?post=2412"},{"taxonomy":"post_tag","embeddable":true,"href":"https:\/\/www.npsconsulting-avocats.fr\/NPS\/wp-json\/wp\/v2\/tags?post=2412"}],"curies":[{"name":"wp","href":"https:\/\/api.w.org\/{rel}","templated":true}]}}