{"id":2374,"date":"2017-12-08T13:25:47","date_gmt":"2017-12-08T11:25:47","guid":{"rendered":"http:\/\/www.npsconsulting-avocats.fr\/NPS\/?p=2374"},"modified":"2017-12-08T13:30:53","modified_gmt":"2017-12-08T11:30:53","slug":"formation-comment-mener-a-bien-votre-projet-de-fusion-entre-associations-lyon-le-18-01-2018","status":"publish","type":"post","link":"https:\/\/www.npsconsulting-avocats.fr\/NPS\/formation-comment-mener-a-bien-votre-projet-de-fusion-entre-associations-lyon-le-18-01-2018\/","title":{"rendered":"FORMATION : Comment mener \u00e0 bien votre projet de fusion entre associations ? (Lyon, le 18\/01\/2018)"},"content":{"rendered":"<p>Le jeudi 18 janvier 2018 aura lieu \u00e0 LYON une formation Atelier-D\u00e9bats <a href=\"http:\/\/www.isbl-consultants.fr\/\">ISBL <em>CONSULTANTS<\/em> <\/a>intitul\u00e9e : \u00ab <em>Comment mener \u00e0 bien votre projet de fusion entre associations<\/em> ? \u00bb.<\/p>\n<p><strong>Selon <a href=\"http:\/\/www.isbl-consultants.fr\/equipes\/viviane-tchernonog\/\">Viviane Tchernonog<\/a> (CNRS), \u00ab\u00a0<em>1 cr\u00e9ation d&rsquo;association sur 5 est le fruit d&rsquo;une restructuration<\/em>\u00ab\u00a0. En pleine mutation, le secteur associatif conna\u00eet actuellement une phase de regroupement sans pr\u00e9c\u00e9dent, sous l&rsquo;impulsion des\u00a0pouvoirs publics,\u00a0afin de se mettre en conformit\u00e9 avec le nouveau cadre territorial (Loi NOTRe) ou pour des raisons de rationalisation \u00e9conomique. \u00a0Pour \u00eatre en capacit\u00e9 d&rsquo;appr\u00e9hender ces op\u00e9rations complexes, les dirigeant-(e)s d&rsquo;associations et de f\u00e9d\u00e9rations concern\u00e9es par cette tendance doivent avoir une vision compl\u00e8te et op\u00e9rationnelles des diff\u00e9rents aspects li\u00e9s \u00e0 leur mise en \u0153uvre.<\/strong><\/p>\n<p><strong>Intervenant<\/strong> : <a href=\"http:\/\/www.isbl-consultants.fr\/equipes\/colas-amblard\/\">Colas AMBLARD<\/a>, Docteur en droit, avocat associ\u00e9, Soci\u00e9t\u00e9 d\u2019avocats NPS CONSULTING, Directeur des Publications ISBL CONSULTANTS et auteur permanent des \u00e9ditions Juris-associations Dalloz et Lamy associations. Il a acquis depuis une quinzaine d&rsquo;ann\u00e9es, une comp\u00e9tence reconnue en mati\u00e8re de gestion d&rsquo;op\u00e9rations complexes de fusion pour des associations et f\u00e9d\u00e9rations de dimension nationale.<\/p>\n<p><strong>Objectifs<\/strong> :<\/p>\n<ul>\n<li>Appr\u00e9hender les diff\u00e9rentes hypoth\u00e8ses de restructuration des associations<\/li>\n<li>Conna\u00eetre le ph\u00e9nom\u00e8ne et identi\ufb01er les diff\u00e9rentes causes de rapprochement des associations en France<\/li>\n<li>Comprendre les diff\u00e9rentes modalit\u00e9s envisageables en mati\u00e8re de restructuration et de rapprochement des associations<\/li>\n<li>Ma\u00eetriser les enjeux strat\u00e9giques li\u00e9s aux op\u00e9rations de fusion<\/li>\n<li>Optimiser les aspects juridiques et \ufb01scaux li\u00e9s \u00e0 la mise en \u0153uvres de ces diff\u00e9rentes op\u00e9rations de fusion<\/li>\n<li>S&rsquo;informer sur le cadre juridique d\u00e9fini\u00a0par la loi d\u2019\u00c9conomie sociale et solidaire du 31 juillet 2014 et ses d\u00e9crets d\u2019application de 2015.<\/li>\n<\/ul>\n<p><strong>Programme<\/strong> :<\/p>\n<p>I- Pr\u00e9sentation du ph\u00e9nom\u00e8ne et des causes de rapprochement\u00a0entre associations<\/p>\n<ul>\n<li>Le ph\u00e9nom\u00e8ne de rapprochement entre associations<\/li>\n<li>Les diff\u00e9rentes causes de rapprochement<\/li>\n<\/ul>\n<p>II- Comment\u00a0aborder une\u00a0op\u00e9ration de fusion entre\u00a0d\u2019associations ?<\/p>\n<p>a\/ Distinguer les diff\u00e9rents modes de rapprochement possibles<\/p>\n<ul>\n<li>Fusion, scission, apport partiel d&rsquo;actif, cr\u00e9ation d&rsquo;une f\u00e9d\u00e9ration d&rsquo;associations, dissolution avec attribution du boni de liquidation\u00a0\u00e0 une autre association\u00a0: comment choisir son op\u00e9ration de rapprochement ?<\/li>\n<li>Fusion absorption ou fusion cr\u00e9ation ?<\/li>\n<li>Avantages\/inconv\u00e9nients des diff\u00e9rentes formules<\/li>\n<\/ul>\n<p>b\/ Conna\u00eetre la cadre juridique applicable aux op\u00e9rations de fusion entre associations<\/p>\n<ul>\n<li>La loi du 31 juillet 2014 relative \u00e0 l&rsquo;\u00e9conomie sociale et solidaire et ses d\u00e9crets d&rsquo;application<\/li>\n<li>Les instructions fiscales du 13 juin 2014 relatives aux fusions entre associations<\/li>\n<\/ul>\n<p>c\/ Appr\u00e9hender les enjeux strat\u00e9giques<\/p>\n<ul>\n<li>Comprendre les cons\u00e9quences d&rsquo;une fusion sur le plan juridique et fiscal<\/li>\n<li>Elaborer un projet associatif et des valeurs communes<\/li>\n<li>Identifier une nouvelle organisation territoriale pour les fusions au sein des f\u00e9d\u00e9rations d&rsquo;associations<\/li>\n<li>Hi\u00e9rarchiser les crit\u00e8res d\u00e9terminants dans le cadre de la fusion \u00e0 mettre en \u0153uvre<\/li>\n<li>D\u00e9terminer les d\u00e9lais de mise en \u0153uvre<\/li>\n<li>Construire un nouvel organigramme<\/li>\n<li>Choisir les bons interlocuteurs en interne dans le cadre de la mise \u0153uvre op\u00e9rationnelle de la fusion<\/li>\n<\/ul>\n<p>III-\u00a0Comment mettre\u00a0en \u0153uvre une op\u00e9ration de fusion sur un plan op\u00e9rationnel ?<\/p>\n<ul>\n<li>S&rsquo;organiser en interne : nomination d&rsquo;un comit\u00e9 de pilotage<\/li>\n<li>R\u00e9unir les documents et informations n\u00e9cessaires (\u00ab\u00a0Due diligence\u00a0\u00bb)<\/li>\n<li>Diagnostiquer les associations parties \u00e0 la fusion<\/li>\n<li>Etablir un calendrier des op\u00e9rations conforme \u00e0 la loi<\/li>\n<li>D\u00e9finir la m\u00e9thode comptable<\/li>\n<li>Organiser le transfert des salari\u00e9(e)s<\/li>\n<li>Identifier le r\u00e9gime fiscal de l&rsquo;op\u00e9ration<\/li>\n<li>R\u00e9diger les actes n\u00e9cessaires \u00e0 l&rsquo;op\u00e9ration de fusion (ordre du jour, proc\u00e8s-verbaux, projet et trait\u00e9 de fusion)<\/li>\n<li>Engager les proc\u00e9dures de rescrit administratif (transfert des autorisations administratives et des financements publics)<\/li>\n<li>G\u00e9rer le cas sp\u00e9cifique des associations RUP<\/li>\n<li>Informer les instances repr\u00e9sentatives du personnel<\/li>\n<li>Cr\u00e9er l&rsquo;association absorbante (en cas de fusion cr\u00e9ation)<\/li>\n<li>G\u00e9rer le transfert des immeubles<\/li>\n<li>Cr\u00e9er des \u00e9tablissements juridiques secondaires<\/li>\n<li>Faire d\u00e9lib\u00e9rer les instances statutairement comp\u00e9tentes (AGO, CA, AGE)<\/li>\n<li>Engager la proc\u00e9dure d&rsquo;information et de transfert des membres<\/li>\n<li>Mettre en \u0153uvre les publicit\u00e9s l\u00e9gales (information des tiers)<\/li>\n<li>Modifier les statuts de l&rsquo;association absorbante (en cas de fusion absorption)<\/li>\n<li>Optimiser le statut fiscal \u00ab\u00a0post-op\u00e9ratoire\u00a0\u00bb de l&rsquo;association absorbante<\/li>\n<li>Effectuer les formalit\u00e9s administratives<\/li>\n<li>Proc\u00e9der \u00e0 l&rsquo;enregistrement du\/des trait\u00e9(s) de fusion au service des imp\u00f4ts<\/li>\n<li>Harmoniser le statut collectifs des salari\u00e9s<\/li>\n<\/ul>\n<p><strong>Public vis\u00e9<\/strong> : Tout acteur concern\u00e9 par les fusions entre associations : dirigeants associatifs, repr\u00e9sentants des collectivit\u00e9s ou acteurs d\u00e9concentr\u00e9s de l\u2019\u00c9tat, \ufb01nanceurs publics et priv\u00e9s. Professionnels du secteur associatif : avocats, experts-comptables, consultants\u2026<\/p>\n<p><strong>Sp\u00e9cificit\u00e9<\/strong> : La formation\u00a0propos\u00e9e sera particuli\u00e8rement\u00a0adapt\u00e9e aux f\u00e9d\u00e9rations nationales dont le projet consiste \u00e0 mettre en\u00a0conformit\u00e9 son\u00a0r\u00e9seau national\u00a0avec la nouvelle organisation territoriale (Loi NOTRe).<\/p>\n<p><strong>Pr\u00e9requis<\/strong> : Aucun pr\u00e9requis n\u2019est exig\u00e9 en termes de comp\u00e9tences ou d\u2019exp\u00e9rience.<\/p>\n<p><strong>M\u00e9thode<\/strong> :<\/p>\n<ul>\n<li>L\u2019intervention sera interactive et essentiellement bas\u00e9e sur des exemples pratiques tir\u00e9s d\u2019exp\u00e9riences professionnelles<\/li>\n<li>Un temps d\u2019\u00e9change sera organis\u00e9 entre l\u2019intervenant et les participants en vue d&rsquo;examiner sp\u00e9cifiquement leurs projets de fusion<\/li>\n<li>Quiz de restitution en fin de formation<\/li>\n<\/ul>\n<p style=\"text-align: center;\"><strong>*****<\/strong><\/p>\n<p><strong>Renseignements<\/strong> : Valentina RICCI \u2013 ISBL CONSULTANTS, 7 rue D\u00e9sir\u00e9e \u2013 69001 Lyon \u2013 contact@isbl-consultants.fr<\/p>\n<p><strong>Horaires<\/strong> : Accueil 9h00 &#8211; Formation 9H30\/12h30 \u2013 Repas avec l\u2019intervenant (option) au <a href=\"http:\/\/www.lesnegociants.com\/\">Grand Caf\u00e9 des N\u00e9gociants<\/a> \u2013 Formation 13h30\/17H30<\/p>\n<p><strong>Lieu<\/strong> : 1 Place Francisque R\u00e9gaud \u2013 69002 Lyon (M\u00e9tro Cordeliers &#8211; Ligne A &#8211; 10 mn de la Gare Perrache)<\/p>\n<p><strong>Capacit\u00e9 d&rsquo;accueil<\/strong> : 25 places maximum<\/p>\n<p>Les Ateliers-D\u00e9bats ISBL CONSULTANTS sont organis\u00e9s en partenariat avec les \u00c9ditions Wolters Kluwer France \u2013 Lamy Associations et le Cabinet d&rsquo;avocats NPS CONSULTING<\/p>\n<p><strong>Livrables<\/strong> : powerpoint et articles sp\u00e9cialis\u00e9s<\/p>\n<p style=\"text-align: center;\"><strong>*****<\/strong><\/p>\n<p><strong>Pour en savoir plus :<\/strong><\/p>\n<p>Inscription Atelier-D\u00e9bats du 18\/01\/2018 : <a href=\"http:\/\/www.isbl-consultants.fr\/formation-restructuration-et-rapprochement-des-associations-aspects-juridiques-et-fiscaux\/\">cliquez ici<\/a><\/p>\n<p>Documents Joints : T\u00e9l\u00e9chargez le bulletin d\u2019inscription et inscrivez vous : <a href=\"http:\/\/www.isbl-consultants.fr\/wp-content\/uploads\/2017\/09\/bulletin-dinscription-18012018.pdf\">cliquez ici<\/a><\/p>\n<p>Pour organiser une formation sur mesure : contactez <a href=\"http:\/\/www.isbl-consultants.fr\/\">ISBL <em>CONSULTANTS<\/em><\/a><\/p>\n<p>&nbsp;<\/p>\n","protected":false},"excerpt":{"rendered":"<p>Le jeudi 18 janvier 2018 aura lieu \u00e0 LYON une formation Atelier-D\u00e9bats ISBL CONSULTANTS intitul\u00e9e : \u00ab Comment mener \u00e0 bien votre projet de fusion entre associations ? \u00bb. Selon Viviane Tchernonog (CNRS), \u00ab\u00a01 cr\u00e9ation d&rsquo;association sur 5 est le fruit d&rsquo;une restructuration\u00ab\u00a0. En pleine mutation, le secteur associatif conna\u00eet actuellement une phase de regroupement [&hellip;]<\/p>\n","protected":false},"author":2,"featured_media":2071,"comment_status":"open","ping_status":"open","sticky":false,"template":"","format":"standard","meta":{"site-sidebar-layout":"default","site-content-layout":"","ast-site-content-layout":"default","site-content-style":"default","site-sidebar-style":"default","ast-global-header-display":"","ast-banner-title-visibility":"","ast-main-header-display":"","ast-hfb-above-header-display":"","ast-hfb-below-header-display":"","ast-hfb-mobile-header-display":"","site-post-title":"","ast-breadcrumbs-content":"","ast-featured-img":"","footer-sml-layout":"","ast-disable-related-posts":"","theme-transparent-header-meta":"","adv-header-id-meta":"","stick-header-meta":"","header-above-stick-meta":"","header-main-stick-meta":"","header-below-stick-meta":"","astra-migrate-meta-layouts":"default","ast-page-background-enabled":"default","ast-page-background-meta":{"desktop":{"background-color":"var(--ast-global-color-4)","background-image":"","background-repeat":"repeat","background-position":"center center","background-size":"auto","background-attachment":"scroll","background-type":"","background-media":"","overlay-type":"","overlay-color":"","overlay-opacity":"","overlay-gradient":""},"tablet":{"background-color":"","background-image":"","background-repeat":"repeat","background-position":"center center","background-size":"auto","background-attachment":"scroll","background-type":"","background-media":"","overlay-type":"","overlay-color":"","overlay-opacity":"","overlay-gradient":""},"mobile":{"background-color":"","background-image":"","background-repeat":"repeat","background-position":"center center","background-size":"auto","background-attachment":"scroll","background-type":"","background-media":"","overlay-type":"","overlay-color":"","overlay-opacity":"","overlay-gradient":""}},"ast-content-background-meta":{"desktop":{"background-color":"var(--ast-global-color-5)","background-image":"","background-repeat":"repeat","background-position":"center center","background-size":"auto","background-attachment":"scroll","background-type":"","background-media":"","overlay-type":"","overlay-color":"","overlay-opacity":"","overlay-gradient":""},"tablet":{"background-color":"var(--ast-global-color-5)","background-image":"","background-repeat":"repeat","background-position":"center center","background-size":"auto","background-attachment":"scroll","background-type":"","background-media":"","overlay-type":"","overlay-color":"","overlay-opacity":"","overlay-gradient":""},"mobile":{"background-color":"var(--ast-global-color-5)","background-image":"","background-repeat":"repeat","background-position":"center center","background-size":"auto","background-attachment":"scroll","background-type":"","background-media":"","overlay-type":"","overlay-color":"","overlay-opacity":"","overlay-gradient":""}},"footnotes":""},"categories":[105],"tags":[241,354,228],"class_list":["post-2374","post","type-post","status-publish","format-standard","has-post-thumbnail","hentry","category-formation-2","tag-fusion-entre-associations","tag-loi-du-31-juillet-2014","tag-loi-du-31-juillet-2014-relative-a-leconomie-sociale-et-solidaire"],"_links":{"self":[{"href":"https:\/\/www.npsconsulting-avocats.fr\/NPS\/wp-json\/wp\/v2\/posts\/2374","targetHints":{"allow":["GET"]}}],"collection":[{"href":"https:\/\/www.npsconsulting-avocats.fr\/NPS\/wp-json\/wp\/v2\/posts"}],"about":[{"href":"https:\/\/www.npsconsulting-avocats.fr\/NPS\/wp-json\/wp\/v2\/types\/post"}],"author":[{"embeddable":true,"href":"https:\/\/www.npsconsulting-avocats.fr\/NPS\/wp-json\/wp\/v2\/users\/2"}],"replies":[{"embeddable":true,"href":"https:\/\/www.npsconsulting-avocats.fr\/NPS\/wp-json\/wp\/v2\/comments?post=2374"}],"version-history":[{"count":2,"href":"https:\/\/www.npsconsulting-avocats.fr\/NPS\/wp-json\/wp\/v2\/posts\/2374\/revisions"}],"predecessor-version":[{"id":2376,"href":"https:\/\/www.npsconsulting-avocats.fr\/NPS\/wp-json\/wp\/v2\/posts\/2374\/revisions\/2376"}],"wp:featuredmedia":[{"embeddable":true,"href":"https:\/\/www.npsconsulting-avocats.fr\/NPS\/wp-json\/wp\/v2\/media\/2071"}],"wp:attachment":[{"href":"https:\/\/www.npsconsulting-avocats.fr\/NPS\/wp-json\/wp\/v2\/media?parent=2374"}],"wp:term":[{"taxonomy":"category","embeddable":true,"href":"https:\/\/www.npsconsulting-avocats.fr\/NPS\/wp-json\/wp\/v2\/categories?post=2374"},{"taxonomy":"post_tag","embeddable":true,"href":"https:\/\/www.npsconsulting-avocats.fr\/NPS\/wp-json\/wp\/v2\/tags?post=2374"}],"curies":[{"name":"wp","href":"https:\/\/api.w.org\/{rel}","templated":true}]}}