{"id":2166,"date":"2017-02-17T17:14:28","date_gmt":"2017-02-17T15:14:28","guid":{"rendered":"http:\/\/www.npsconsulting-avocats.fr\/NPS\/?p=2166"},"modified":"2017-05-24T19:23:52","modified_gmt":"2017-05-24T17:23:52","slug":"festivals-de-musique-quel-regime-fiscal-pour-quel-modele-economique","status":"publish","type":"post","link":"https:\/\/www.npsconsulting-avocats.fr\/NPS\/festivals-de-musique-quel-regime-fiscal-pour-quel-modele-economique\/","title":{"rendered":"Festivals de musique : quel r\u00e9gime fiscal pour quel mod\u00e8le \u00e9conomique ?"},"content":{"rendered":"<p style=\"text-align: center;\"><strong>Festivals de musique : quel r\u00e9gime fiscal pour quel mod\u00e8le \u00e9conomique ?<\/strong><\/p>\n<p style=\"text-align: center;\">Article publi\u00e9 aux \u00e9ditions Juris-associations, \u00e9ditions Dalloz, n\u00b0555, 15 mars 2017, pp. 38 \u00e0 41<\/p>\n<p style=\"text-align: center;\">Auteur : Colas Amblard, docteur en droit, avocat associ\u00e9, charg\u00e9 d&rsquo;enseignement \u00e0 l&rsquo;Universit\u00e9 Jean Moulin Lyon III<\/p>\n<p>En France, l\u2019organisation d\u2019un festival de musique est complexe dans la mesure o\u00f9 elle repose sur une importante strat\u00e9gie de diversi\ufb01cation des ressources publiques et priv\u00e9es. Cette sp\u00e9cificit\u00e9 n\u00e9cessite en particulier de savoir ma\u00eetriser les subtilit\u00e9s du r\u00e9gime \ufb01scal applicable \u00e0 ce secteur pour offrir aux organisations un cadre juridique et \ufb01nancier s\u00e9curis\u00e9.<\/p>\n<p><!--more--><\/p>\n<p>Pour lire la suite : <a href=\"http:\/\/www.isbl-consultants.fr\/wp-content\/uploads\/2017\/03\/38_41_fiscal_festivals.pdf\">cliquez ici<\/a><\/p>\n<p>Pour s&rsquo;inscrire \u00e0 la formation \u00ab\u00a0Optimiser l&rsquo;organisation de votre festival de musique\u00a0\u00bb Lyon, 30 mars 2017 : <a href=\"http:\/\/www.isbl-consultants.fr\/formation-optimiser-lorganisation-de-festival-de-musique\/\">cliquez ici<\/a><\/p>\n","protected":false},"excerpt":{"rendered":"<p>Festivals de musique : quel r\u00e9gime fiscal pour quel mod\u00e8le \u00e9conomique ? Article publi\u00e9 aux \u00e9ditions Juris-associations, \u00e9ditions Dalloz, n\u00b0555, 15 mars 2017, pp. 38 \u00e0 41 Auteur : Colas Amblard, docteur en droit, avocat associ\u00e9, charg\u00e9 d&rsquo;enseignement \u00e0 l&rsquo;Universit\u00e9 Jean Moulin Lyon III En France, l\u2019organisation d\u2019un festival de musique est complexe dans la [&hellip;]<\/p>\n","protected":false},"author":2,"featured_media":2181,"comment_status":"open","ping_status":"open","sticky":false,"template":"","format":"standard","meta":{"site-sidebar-layout":"default","site-content-layout":"","ast-site-content-layout":"default","site-content-style":"default","site-sidebar-style":"default","ast-global-header-display":"","ast-banner-title-visibility":"","ast-main-header-display":"","ast-hfb-above-header-display":"","ast-hfb-below-header-display":"","ast-hfb-mobile-header-display":"","site-post-title":"","ast-breadcrumbs-content":"","ast-featured-img":"","footer-sml-layout":"","ast-disable-related-posts":"","theme-transparent-header-meta":"","adv-header-id-meta":"","stick-header-meta":"","header-above-stick-meta":"","header-main-stick-meta":"","header-below-stick-meta":"","astra-migrate-meta-layouts":"default","ast-page-background-enabled":"default","ast-page-background-meta":{"desktop":{"background-color":"var(--ast-global-color-4)","background-image":"","background-repeat":"repeat","background-position":"center center","background-size":"auto","background-attachment":"scroll","background-type":"","background-media":"","overlay-type":"","overlay-color":"","overlay-opacity":"","overlay-gradient":""},"tablet":{"background-color":"","background-image":"","background-repeat":"repeat","background-position":"center center","background-size":"auto","background-attachment":"scroll","background-type":"","background-media":"","overlay-type":"","overlay-color":"","overlay-opacity":"","overlay-gradient":""},"mobile":{"background-color":"","background-image":"","background-repeat":"repeat","background-position":"center center","background-size":"auto","background-attachment":"scroll","background-type":"","background-media":"","overlay-type":"","overlay-color":"","overlay-opacity":"","overlay-gradient":""}},"ast-content-background-meta":{"desktop":{"background-color":"var(--ast-global-color-5)","background-image":"","background-repeat":"repeat","background-position":"center center","background-size":"auto","background-attachment":"scroll","background-type":"","background-media":"","overlay-type":"","overlay-color":"","overlay-opacity":"","overlay-gradient":""},"tablet":{"background-color":"var(--ast-global-color-5)","background-image":"","background-repeat":"repeat","background-position":"center center","background-size":"auto","background-attachment":"scroll","background-type":"","background-media":"","overlay-type":"","overlay-color":"","overlay-opacity":"","overlay-gradient":""},"mobile":{"background-color":"var(--ast-global-color-5)","background-image":"","background-repeat":"repeat","background-position":"center center","background-size":"auto","background-attachment":"scroll","background-type":"","background-media":"","overlay-type":"","overlay-color":"","overlay-opacity":"","overlay-gradient":""}},"footnotes":""},"categories":[283],"tags":[9,335,66,49,20],"class_list":["post-2166","post","type-post","status-publish","format-standard","has-post-thumbnail","hentry","category-article","tag-avocat","tag-festivals-de-musique","tag-manifestations-culturelles","tag-mecenat","tag-sponsoring"],"_links":{"self":[{"href":"https:\/\/www.npsconsulting-avocats.fr\/NPS\/wp-json\/wp\/v2\/posts\/2166","targetHints":{"allow":["GET"]}}],"collection":[{"href":"https:\/\/www.npsconsulting-avocats.fr\/NPS\/wp-json\/wp\/v2\/posts"}],"about":[{"href":"https:\/\/www.npsconsulting-avocats.fr\/NPS\/wp-json\/wp\/v2\/types\/post"}],"author":[{"embeddable":true,"href":"https:\/\/www.npsconsulting-avocats.fr\/NPS\/wp-json\/wp\/v2\/users\/2"}],"replies":[{"embeddable":true,"href":"https:\/\/www.npsconsulting-avocats.fr\/NPS\/wp-json\/wp\/v2\/comments?post=2166"}],"version-history":[{"count":8,"href":"https:\/\/www.npsconsulting-avocats.fr\/NPS\/wp-json\/wp\/v2\/posts\/2166\/revisions"}],"predecessor-version":[{"id":2223,"href":"https:\/\/www.npsconsulting-avocats.fr\/NPS\/wp-json\/wp\/v2\/posts\/2166\/revisions\/2223"}],"wp:featuredmedia":[{"embeddable":true,"href":"https:\/\/www.npsconsulting-avocats.fr\/NPS\/wp-json\/wp\/v2\/media\/2181"}],"wp:attachment":[{"href":"https:\/\/www.npsconsulting-avocats.fr\/NPS\/wp-json\/wp\/v2\/media?parent=2166"}],"wp:term":[{"taxonomy":"category","embeddable":true,"href":"https:\/\/www.npsconsulting-avocats.fr\/NPS\/wp-json\/wp\/v2\/categories?post=2166"},{"taxonomy":"post_tag","embeddable":true,"href":"https:\/\/www.npsconsulting-avocats.fr\/NPS\/wp-json\/wp\/v2\/tags?post=2166"}],"curies":[{"name":"wp","href":"https:\/\/api.w.org\/{rel}","templated":true}]}}