{"id":2092,"date":"2016-10-27T16:50:26","date_gmt":"2016-10-27T14:50:26","guid":{"rendered":"http:\/\/www.npsconsulting-avocats.fr\/NPS\/?p=2092"},"modified":"2017-02-17T17:42:29","modified_gmt":"2017-02-17T15:42:29","slug":"utilite-sociale-interet-general-utilite-publique-optimiser-son-modele-economique","status":"publish","type":"post","link":"https:\/\/www.npsconsulting-avocats.fr\/NPS\/utilite-sociale-interet-general-utilite-publique-optimiser-son-modele-economique\/","title":{"rendered":"Utilit\u00e9 sociale, int\u00e9r\u00eat g\u00e9n\u00e9ral, utilit\u00e9 publique : optimiser son mod\u00e8le \u00e9conomique"},"content":{"rendered":"<h3 style=\"text-align: center;\">Utilit\u00e9 sociale, int\u00e9r\u00eat g\u00e9n\u00e9ral, utilit\u00e9 publique : optimiser son mod\u00e8le \u00e9conomique associatif<\/h3>\n<p style=\"text-align: center;\">Publi\u00e9 <em>in<\/em> Juris-associations, n\u00b0546, 15\/10\/2016<\/p>\n<p style=\"text-align: justify;\"><strong>La ma\u00eetrise des concepts d\u2019utilit\u00e9 sociale, d\u2019int\u00e9r\u00eat g\u00e9n\u00e9ral et d\u2019utilit\u00e9 publique est fondamentale pour le secteur associatif. En effet, c\u2019est bien \u00e0 partir de ces notions que les associations seront en mesure de faire \u00e9voluer leur mod\u00e8le \u00e9conomique par la mobilisation de ressources nouvelles. Revue de d\u00e9tail.<\/strong><\/p>\n<p style=\"text-align: justify;\"><!--more--><\/p>\n<p style=\"text-align: justify;\">A l\u2019occasion de nos interventions dans le secteur des organismes sans but lucratif, il est toujours frappant de voir combien ces notions sont encore difficilement appr\u00e9hend\u00e9es par leurs dirigeants. Or, l\u2019on s\u2019aper\u00e7oit que la ma\u00eetrise de ces concepts, dont les crit\u00e8res de distinction s\u2019entrem\u00ealent\u00a0[1]\u00a0, permet d\u2019envisager plus efficacement les \u00e9volutions \u00e0 pr\u00e9voir pour ces structures en qu\u00eate d\u2019efficience sur le plan juridique, \u00e9conomique et fiscal.<\/p>\n<p style=\"text-align: justify;\"><strong>1\/ L\u2019utilit\u00e9 sociale : comment diff\u00e9rencier l\u2019intervention \u00e9conomique de votre association ?<\/strong><\/p>\n<p style=\"text-align: justify;\">L\u2019utilit\u00e9 sociale constitue une notion socle pour les associations souhaitant diff\u00e9rencier leurs interventions \u00e9conomiques de celles des organismes \u00e0 but lucratif intervenant sur un march\u00e9 concurrentiel. Cette distinction se concr\u00e9tise \u00e0 partir de deux approches distinctes mais n\u00e9anmoins compl\u00e9mentaires : une approche fiscale et juridique.<\/p>\n<p style=\"text-align: justify;\"><em><strong>a\/Approche fiscale<\/strong><\/em><\/p>\n<p style=\"text-align: justify;\">L\u2019approche fiscale de la notion d\u2019utilit\u00e9 sociale est fondamentale en ce qu\u2019elle offre aux associations, mais aussi aux fondations et fonds de dotation, la possibilit\u00e9 d\u2019exercer une activit\u00e9 de prestation de services ou de vente de biens contre r\u00e9mun\u00e9ration, tout en conservant \u00e9ventuellement son statut d\u2019organisme \u00e0 but non lucratif. En d\u2019autres termes, ces organismes vont pouvoir facturer leurs interventions, sans aucune limitation de chiffre d\u2019affaires, sans que cela ne remette en cause leur statut de non assujetti aux imp\u00f4ts commerciaux [2]. Par ailleurs, l\u2019on verra que le maintien de ce statut est fondamental pour celles d\u2019entres elles qui souhaiteront ult\u00e9rieurement b\u00e9n\u00e9ficier des avantages conf\u00e9r\u00e9s la reconnaissance d\u2019int\u00e9r\u00eat g\u00e9n\u00e9ral, voire m\u00eame d\u2019utilit\u00e9 publique.<\/p>\n<p style=\"text-align: justify;\">Pour comprendre, il convient de lire attentivement les paragraphes 579 et 580 de l\u2019instruction fiscale du 18 d\u00e9cembre 2016 [3] reprise dans la doctrine fiscale actuelle [4] : \u00ab <em>Le fait qu&rsquo;un organisme \u00e0 but non lucratif intervienne dans un domaine d&rsquo;activit\u00e9 o\u00f9 coexistent des entreprises du secteur lucratif ne conduit pas ipso facto \u00e0 le soumettre aux imp\u00f4ts commerciaux. Il convient en effet de consid\u00e9rer l&rsquo;utilit\u00e9 sociale de l&rsquo;activit\u00e9, l&rsquo;affectation des exc\u00e9dents d\u00e9gag\u00e9s par l&rsquo;exploitation, les conditions dans lesquelles le service est accessible, ainsi que les m\u00e9thodes auxquelles l&rsquo;organisme a recours pour exercer son activit\u00e9. Ainsi, pour appr\u00e9cier si l&rsquo;organisme exerce son activit\u00e9 dans des conditions similaires \u00e0 celles d&rsquo;une entreprise, il faut examiner successivement les crit\u00e8res suivants selon la m\u00e9thode du faisceau d&rsquo;indices : le \u00ab Produit \u00bb propos\u00e9 par l&rsquo;organisme, le \u00ab Public \u00bb b\u00e9n\u00e9ficiaire, les \u00ab Prix \u00bb qui sont pratiqu\u00e9s, et les op\u00e9rations de communication r\u00e9alis\u00e9es (\u00ab Publicit\u00e9 \u00bb). Ces crit\u00e8res n&rsquo;ont pas tous la m\u00eame importance. L&rsquo;\u00e9num\u00e9ration qui pr\u00e9c\u00e8de les classe en fonction de l&rsquo;importance d\u00e9croissante qu&rsquo;il convient de leur accorder. Par exemple, le crit\u00e8re de la \u00ab Publicit\u00e9 \u00bb ne peut \u00e0 lui seul permettre de conclure \u00e0 la lucrativit\u00e9 d&rsquo;un organisme. A l&rsquo;inverse, une attention toute particuli\u00e8re doit \u00eatre attach\u00e9e aux crit\u00e8res de l&rsquo;utilit\u00e9 sociale (\u00ab Produit \u00bb et \u00ab Public \u00bb) et de l&rsquo;affectation des exc\u00e9dents.<\/em> \u00bb<\/p>\n<p style=\"text-align: justify;\">Par cons\u00e9quent, la notion d\u2019utilit\u00e9 sociale joue un r\u00f4le fondamental dans le maintien du statut d\u2019organisme non assujetti aux imp\u00f4ts commerciaux (Imp\u00f4t sur les soci\u00e9t\u00e9s, TVA et CET), alors m\u00eame que celui-ci s\u2019adonne r\u00e9guli\u00e8rement \u00e0 des op\u00e9rations \u00e9conomiques [5] donnant lieu \u00e0 une facturation de sa part.<\/p>\n<p style=\"text-align: justify;\">Bien entendu, il conviendra au pr\u00e9alable de s\u2019interroger sur le respect de la notion de gestion d\u00e9sint\u00e9ress\u00e9e et sur l\u2019existence de concurrents assujettis sur un m\u00eame march\u00e9 [6], quel que soit leur statut juridique (associations ou soci\u00e9t\u00e9s commerciales). Mais d\u00e8s lors que ces conditions seront respect\u00e9es, l\u2019association pourra toute \u00e0 la fois encaisser le produit de sa facturation tout en continuant \u00e0 b\u00e9n\u00e9ficier du statut d\u2019organisme sans but lucratif.<\/p>\n<p style=\"text-align: justify;\">Pour cela, l\u2019offre propos\u00e9e devra pr\u00e9senter un caract\u00e8re d\u2019utilit\u00e9 sociale, ce qui suppose de remplir les deux premiers crit\u00e8res utilis\u00e9s dans le cadre de la r\u00e8gle des \u00ab 4 P \u00bb : le produit et le public.<\/p>\n<ul>\n<li style=\"text-align: justify;\"><em><strong><span style=\"text-decoration: underline;\">Le produit<\/span><\/strong><\/em><\/li>\n<\/ul>\n<p style=\"text-align: justify;\">\u00ab <em>Est d&rsquo;utilit\u00e9 sociale l&rsquo;activit\u00e9 qui tend \u00e0 satisfaire un besoin qui n&rsquo;est pas pris en compte par le march\u00e9 ou qui l&rsquo;est de fa\u00e7on peu satisfaisante<\/em> \u00bb[7].<\/p>\n<p style=\"text-align: justify;\">Selon l\u2019administration fiscale, la d\u00e9tention d\u2019un agr\u00e9ment administratif (exemple agr\u00e9ment jeunesse et sport) peut contribuer \u00e0 la reconnaissance d\u2019utilit\u00e9 sociale (RUS) de l\u2019organisme, tout en pr\u00e9cisant n\u00e9anmoins que cela constitue \u00ab un \u00e9l\u00e9ment qui n\u2019est ni n\u00e9cessaire ni suffisant pour \u00e9tablir ce crit\u00e8re d\u2019utilit\u00e9 sociale \u00bb [8].<\/p>\n<p style=\"text-align: justify;\">Cette d\u00e9finition de la notion de \u00ab produit \u00bb incite les associations \u00e0 innover ou \u00e0 pallier les manquements constat\u00e9s dans l\u2019offre propos\u00e9e par le march\u00e9 concurrentiel.<\/p>\n<ul>\n<li style=\"text-align: justify;\"><em><strong><span style=\"text-decoration: underline;\">Le public<\/span><\/strong><\/em><\/li>\n<\/ul>\n<p style=\"text-align: justify;\">\u00ab <em>Sont susceptibles d&rsquo;\u00eatre d&rsquo;utilit\u00e9 sociale les actes payants r\u00e9alis\u00e9s principalement au profit de personnes justifiant l&rsquo;octroi d&rsquo;avantages particuliers au vu de leur situation \u00e9conomique et sociale (ch\u00f4meurs, personnes handicap\u00e9es notamment, &#8230;)<\/em> \u00bb[9].<\/p>\n<p style=\"text-align: justify;\">Bien entendu, l\u2019administration fiscale pr\u00e9cise imm\u00e9diatement que \u00ab <em>ce crit\u00e8re ne doit pas s&rsquo;entendre des seules situations de d\u00e9tresse physique ou morale<\/em> \u00bb afin d\u2019\u00e9viter de cantonner l\u2019intervention \u00e9conomique des associations et autres organismes sans but lucratif relevant du m\u00eame r\u00e9gime fiscal dans le champ exclusif de la philanthropie.<\/p>\n<p style=\"text-align: justify;\">Les deux crit\u00e8res combin\u00e9s portant sur le \u00ab produit \u00bb et le \u00ab public \u00bb fondent, \u00e0 eux seuls, la notion d\u2019utilit\u00e9 sociale, laquelle s\u2019av\u00e8re \u00eatre, avec le crit\u00e8re d\u2019affectation des exc\u00e9dents [10], l\u2019\u00e9l\u00e9ment pivot sur lequel se fonde prioritairement l\u2019administration fiscale pour conforter ou au contraire remettre en question le r\u00e9gime fiscal des organismes sans but lucratif exer\u00e7ant des activit\u00e9s \u00e9conomiques [11].<\/p>\n<p style=\"text-align: justify;\">Ces crit\u00e8res fiscaux de non lucrativit\u00e9 constituent, en outre, un passage oblig\u00e9 pour tous les organismes souhaitant :<\/p>\n<p style=\"text-align: justify;\">&#8211; faire valoir leur qualit\u00e9 d\u2019organisme d\u2019int\u00e9r\u00eat g\u00e9n\u00e9ral afin de b\u00e9n\u00e9ficier du r\u00e9gime du m\u00e9c\u00e9nat [12] ;<br \/>\n&#8211; b\u00e9n\u00e9ficier de la franchise des imp\u00f4ts commerciaux [13] ou sectoriser leur secteur lucratif non pr\u00e9pond\u00e9rant [14].<\/p>\n<p style=\"text-align: justify;\"><em><strong>b) Approche juridique<\/strong><\/em><\/p>\n<p style=\"text-align: justify;\">R\u00e9cemment, le concept d\u2019utilit\u00e9 sociale a \u00e9t\u00e9 consacr\u00e9 par le l\u00e9gislateur dans le cadre d\u2019une approche distincte de celle pr\u00e9c\u00e9demment \u00e9voqu\u00e9e. En effet, selon l\u2019article 2 de la loi du 31 juillet 2014 relative \u00e0 l\u2019\u00e9conomie sociale et solidaire [15] : \u00ab <em>Sont consid\u00e9r\u00e9es comme poursuivant une utilit\u00e9 sociale au sens de la pr\u00e9sente loi les entreprises dont l&rsquo;objet social satisfait \u00e0 titre principal \u00e0 l&rsquo;une au moins des trois conditions suivantes : <\/em><\/p>\n<p style=\"text-align: justify;\"><em>1\u00b0 Elles ont pour objectif d&rsquo;apporter, \u00e0 travers leur activit\u00e9, un soutien \u00e0 des personnes en situation de fragilit\u00e9 soit du fait de leur situation \u00e9conomique ou sociale, soit du fait de leur situation personnelle et particuli\u00e8rement de leur \u00e9tat de sant\u00e9 ou de leurs besoins en mati\u00e8re d&rsquo;accompagnement social ou m\u00e9dico-social. Ces personnes peuvent \u00eatre des salari\u00e9s, des usagers, des clients, des membres ou des b\u00e9n\u00e9ficiaires de cette entreprise ;<\/em><\/p>\n<p style=\"text-align: justify;\"><em> 2\u00b0 Elles ont pour objectif de contribuer \u00e0 la lutte contre les exclusions et les in\u00e9galit\u00e9s sanitaires, sociales, \u00e9conomiques et culturelles, \u00e0 l&rsquo;\u00e9ducation \u00e0 la citoyennet\u00e9, notamment par l&rsquo;\u00e9ducation populaire, \u00e0 la pr\u00e9servation et au d\u00e9veloppement du lien social ou au maintien et au renforcement de la coh\u00e9sion territoriale ;<\/em><\/p>\n<p style=\"text-align: justify;\"><em> 3\u00b0 Elles concourent au d\u00e9veloppement durable dans ses dimensions \u00e9conomique, sociale, environnementale et participative, \u00e0 la transition \u00e9nerg\u00e9tique ou \u00e0 la solidarit\u00e9 internationale, sous r\u00e9serve que leur activit\u00e9 soit li\u00e9e \u00e0 l&rsquo;un des objectifs mentionn\u00e9s aux 1\u00b0 et 2\u00b0.<\/em><\/p>\n<p style=\"text-align: justify;\"><em> Ce concept permet aux entreprises relevant de l&rsquo;article 1er de la loi du 31 juillet 2014 de solliciter l\u2019agr\u00e9ment \u00ab entreprise solidaire d\u2019utilit\u00e9 sociale \u00bb (ESUS) [16]\u00a0. N\u00e9anmoins, cette nouvelle approche juridique concerne \u00e0 un degr\u00e9 moindre les associations et les fondations dans la mesure o\u00f9 un certain nombre d\u2019associations et de fondations relevant du champ de l\u2019ESS peuvent b\u00e9n\u00e9ficier de plein droit de cet agr\u00e9ment.<\/em>\u00bb<\/p>\n<p style=\"text-align: justify;\"><strong>2 \u2013 L\u2019int\u00e9r\u00eat g\u00e9n\u00e9ral : comment optimiser vos ressources par le m\u00e9c\u00e9nat ?<\/strong><\/p>\n<p style=\"text-align: justify;\">Face \u00e0 la baisse constat\u00e9e des financements publics [18], les organismes \u00e0 but non lucratif sont contraints de faire \u00e9voluer leur mod\u00e8le \u00e9conomique tout \u00e0 la fois en investissant le champ lucratif et en optimisant leur politique de m\u00e9c\u00e9nat. A priori contradictoire, ces d\u00e9marches sont au contraire parfaitement compl\u00e9mentaires [19] au point qu\u2019un grand nombre d\u2019entre eux n\u2019h\u00e9sitent pas \u00e0 franchir le pas. N\u00e9anmoins, cette articulation commande de man\u0153uvrer avec pr\u00e9cision.<\/p>\n<p style=\"text-align: justify;\">Pour \u00eatre reconnu d\u2019int\u00e9r\u00eat g\u00e9n\u00e9ral [20], soit volontairement [21], soit \u00e0 la suite d\u2019une proc\u00e9dure de rescrit fiscal [22], l\u2019organisme int\u00e9ress\u00e9 doit satisfaire aupr\u00e8s de l\u2019administration fiscale les trois conditions cumulatives suivantes :<\/p>\n<p style=\"text-align: justify;\">&#8211; Il n\u2019exerce pas d\u2019activit\u00e9 lucrative pr\u00e9pond\u00e9rante au sens de l\u2019article 1 de l\u2019article 206 du CGI [23] ;<br \/>\n&#8211; Il ne fait pas l\u2019objet d\u2019une gestion d\u00e9sint\u00e9ress\u00e9e [24];<br \/>\n&#8211; Il ne fonctionne pas au profit d\u2019un cercle restreint de personnes.<\/p>\n<p style=\"text-align: justify;\">S\u2019agissant de ce dernier crit\u00e8re, \u00e0 la suite du rapport du Haut Conseil de la Vie Associative sur l\u2019int\u00e9r\u00eat g\u00e9n\u00e9ral remis le 25 mai 2016 \u00e0 Patrick Kanner [25], ministre de la Ville, de la Jeunesse et du Sport et du rapport du D\u00e9put\u00e9 Yves Blein sur la notion de cercle restreint de personnes du 06 juillet 2016 [26], la DGFIP a modifi\u00e9 sa doctrine fiscale le 26 juillet\u00a0dernier [27]. Afin d\u2019appr\u00e9hender concr\u00e8tement ce crit\u00e8re, il convient d\u00e9sormais de recourir \u00e0 un faisceau d\u2019indices. Pour l\u2019administration fiscale, \u00ab <em>un organisme fonctionne au profit d\u2019un cercle restreint de personnes lorsqu\u2019il poursuit des int\u00e9r\u00eats particuliers d\u2019une ou plusieurs personnes clairement individualisables, membre(s) ou non de l\u2019organisme<\/em> \u00bb. Au-del\u00e0 de l\u2019appr\u00e9hension moins restrictive de ce crit\u00e8re, cette nouvelle doctrine rappelle \u00e9galement qu\u2019un organisme dont l\u2019activit\u00e9 principale est non lucrative peut r\u00e9aliser accessoirement des op\u00e9rations de nature lucrative et, dans l\u2019hypoth\u00e8se ou les conditions permettant la sectorisation [28] de ces op\u00e9rations sont remplies, la qualit\u00e9 d\u2019int\u00e9r\u00eat g\u00e9n\u00e9ral pourra \u00eatre r\u00e9serv\u00e9e \u00e0 ce seul secteur non lucratif auquel les dons re\u00e7us doivent ainsi \u00eatre affect\u00e9s directement et exclusivement.<\/p>\n<p style=\"text-align: justify;\">En d\u2019autres termes, les associations, fondations et fonds de dotations peuvent tout \u00e0 la fois exercer des activit\u00e9s lucratives accessoires et remplir des missions d\u2019int\u00e9r\u00eat g\u00e9n\u00e9ral justifiant la mise en \u0153uvre d\u2019une politique de m\u00e9c\u00e9nat.<\/p>\n<p style=\"text-align: justify;\"><strong>3 \u2013 L\u2019utilit\u00e9 publique : comment acqu\u00e9rir une reconnaissance institutionnelle ?<\/strong><\/p>\n<p style=\"text-align: justify;\">Pour pouvoir \u00eatre reconnue d\u2019utilit\u00e9 publique (RUP), une association doit remplir les conditions fix\u00e9es par l\u2019article 10 de la loi du 1er juillet 1901, les articles 8 et 11 du d\u00e9cret du 16 ao\u00fbt 1901 ainsi que celles \u00e9labor\u00e9es progressivement par le Conseil d\u2019Etat.<\/p>\n<p style=\"text-align: justify;\">Ces conditions ont \u00e9t\u00e9 rappel\u00e9es \u00e0 l\u2019occasion d\u2019une r\u00e9ponse minist\u00e9rielle publi\u00e9e le 15 juillet 2008 [29] :<\/p>\n<p style=\"text-align: justify;\">&#8211; P\u00e9riode probatoire de trois ans, ce d\u00e9lai pouvant exceptionnellement \u00eatre r\u00e9duit si l\u2019\u00e9quilibre financier pr\u00e9visible est assur\u00e9 ;<br \/>\n&#8211; Objet statutaire pr\u00e9sentant un caract\u00e8re d\u2019int\u00e9r\u00eat g\u00e9n\u00e9ral ;<br \/>\n&#8211; Rayonnement suffisant dans le temps et dans l\u2019espace pour un champ d\u2019activit\u00e9s d\u00e9passant le simple cadre local ;<br \/>\n&#8211; Nombre minimum d\u2019adh\u00e9rents fix\u00e9 \u00e0 200 ;<br \/>\n&#8211; Montant annuel des ressources estim\u00e9 \u00e0 46.000 \u20ac provenant en majorit\u00e9 de ressources propres et non de subventions publiques et par l\u2019absence de d\u00e9ficit sur les 3 derni\u00e8res ann\u00e9es ;<br \/>\n&#8211; Statuts conformes aux statuts-type approuv\u00e9s par le Conseil d\u2019Etat garantissant l\u2019existence de r\u00e8gles de fonctionnement d\u00e9mocratique et de la transparence financi\u00e8re opposables aux membres.<\/p>\n<p style=\"text-align: justify;\">La cons\u00e9quence de la RUP pour les associations est l\u2019acquisition permanente de la grande capacit\u00e9 juridique permettant de recevoir des lib\u00e9ralit\u00e9s (dons et legs) exon\u00e9r\u00e9es de droits de mutation \u00e0 titre gratuit [30] et de d\u00e9tenir des immeubles n\u00e9cessaires \u00e0 leur activit\u00e9.<\/p>\n<p style=\"text-align: justify;\">Le statut de RUP a longtemps \u00e9t\u00e9 per\u00e7u par le monde associatif comme \u00ab<em> un label officiel conf\u00e9rant une l\u00e9gitimit\u00e9 particuli\u00e8re sur le plan national voire m\u00eame internationale<\/em> \u00bb [31]. En effet, dans son rapport d\u2019\u00e9tudes datant du 25 octobre 2000 , le Conseil d\u2019Etat rappelait la \u00ab <em>force symbolique de la RUP<\/em> \u00bb pr\u00e9cisant au passage que cette reconnaissance \u00ab <em>n\u2019est, toutefois, pas d\u00e9nu\u00e9 d\u2019effets pratiques puisqu\u2019il appara\u00eet que, de 1991 \u00e0 1996, les associations et les fondations RUP ont re\u00e7u 84% des dons d\u00e9clar\u00e9s par les contribuables<\/em> \u00bb [32]<\/p>\n<p style=\"text-align: justify;\">Avec la r\u00e9forme initi\u00e9e par la loi du 31 juillet 2014 relative \u00e0 l\u2019\u00e9conomie sociale et solidaire (ESS) [33], la proc\u00e9dure de reconnaissance d\u2019utilit\u00e9 publique a perdu une grande partie de son attractivit\u00e9 dans la mesure o\u00f9 son article 74 pr\u00e9voit la possibilit\u00e9 pour les associations reconnues d\u2019int\u00e9r\u00eat g\u00e9n\u00e9ral vis\u00e9es \u00e0 l\u2019article 200, 1-3 du CGI d\u2019accepter les lib\u00e9ralit\u00e9s entre vifs ou testamentaires [34] et de poss\u00e9der et administrer tous immeubles acquis \u00e0 titre gratuit. Ce constat s\u2019explique \u00e9galement par la possibilit\u00e9 offerte aux associations de cr\u00e9er des fonds de dotation [35] disposant de cette m\u00eame capacit\u00e9 juridique. Cela explique d\u00e8s lors pourquoi le dernier recensement effectu\u00e9 par le Minist\u00e8re de l\u2019Int\u00e9rieur fait \u00e9tat d\u2019une diminution constante du nombre d\u2019associations reconnues d\u2019utilit\u00e9 publique depuis plusieurs ann\u00e9es maintenant.<\/p>\n<p style=\"text-align: justify;\">Des proc\u00e9dures de reconnaissance du secteur associatif multiples et donc peu lisibles, des crit\u00e8res qui se chevauchent ou se superposent, un mode de reconnaissance (RUP) qui manifestement perd de son int\u00e9r\u00eat au point que le Conseil d\u2019Etat s\u2019est interrog\u00e9 d\u00e8s 2000 sur sa possible suppression . Autant de raisons qui militent en faveur d\u2019une simplification<\/p>\n<p style=\"text-align: justify;\">Cet article a \u00e9t\u00e9 publi\u00e9 <em>in<\/em> Juris-Associations, n\u00b0546, 15\/10\/2016, p. 24-26 : <a href=\"http:\/\/www.isbl-consultants.fr\/wp-content\/uploads\/2016\/10\/24_26_dossier_interet_general.pdf\">t\u00e9l\u00e9charger l&rsquo;article Juris-associations<\/a><\/p>\n<p style=\"text-align: justify;\"><strong>Notes :<\/strong><\/p>\n<p style=\"text-align: justify;\">[1] C. Amblard, Int\u00e9r\u00eat g\u00e9n\u00e9ral, utilit\u00e9 publique ou utilit\u00e9 sociale : quel mode de reconnaissance pour le secteur associatif ? RECMA, n\u00b0315, 2010 p. 21-39<br \/>\n[2] BOFIP-imp\u00f4ts BOI-IS-CHAMP-10-50-10-20 du 12 sept. 2012, par. 1<\/p>\n<p style=\"text-align: justify;\">[3] Inst. fisc. BOI 4 H-5-06<br \/>\n[4] Pr\u00e9c., par. 579 et 580<br \/>\n[5] C. Amblard, Activit\u00e9s \u00e9conomiques des associations : contribution \u00e0 la th\u00e9orie du Tiers secteur, th\u00e8se de droit, Versailles, 1998 ; du m\u00eame auteur, Activit\u00e9s \u00e9conomiques et commerciales des associations, Lamy associations, \u00e9tude 246<br \/>\n[6] BOFIP-imp\u00f4ts BOI-IS-CHAMP-10-50-10<\/p>\n<p style=\"text-align: justify;\">[7] Pr\u00e9c., par. 600<br \/>\n[8] Pr\u00e9c., par. 590<br \/>\n[9] Pr\u00e9c., par. 610<br \/>\n[10] Pr\u00e9c., par. 630 : Apr\u00e8s avoir rappel\u00e9 que la r\u00e9alisation d\u2019exc\u00e9dents par une association est \u00ab <em>l\u00e9gitime \u00bb et qu\u2019elle est le r\u00e9sultat d\u2019une \u00ab gestion saine et prudente \u00bb, l\u2019administration rappelle toutefois que \u00ab ceux-ci ne doivent ni \u00eatre accumul\u00e9s notamment dans le but de les placer ni donner lieu \u00e0 une utilisation abusive<\/em> \u00bb (exemple : d\u00e9penses somptuaires).<br \/>\n[11] Sur la notion d\u2019activit\u00e9 \u00e9conomique, v. Lamy associations, Etude 246<br \/>\nSupra, 2<br \/>\n[12] Loi n\u00b0 2003-709 du 1 ao\u00fbt 2003 relative au m\u00e9c\u00e9nat, aux associations et aux fondations<br \/>\n[13] BOFIP-Imp\u00f4ts BOI-IS-CHAMP-10-50-20-10<br \/>\n[14] BOFIP-Imp\u00f4ts BOI-IS-CHAMP-10-50-20-20<br \/>\n[15] L. 2014-856 du 31 juillet 2014 relative \u00e0 l&rsquo;\u00e9conomie sociale et solidaire, JO n\u00b00176 du 1 ao\u00fbt 2014 page 12666, art. 2<br \/>\n[16] L. 2014-856, pr\u00e9c., art. 11<br \/>\n[17] C. trav, art. L3332-17-1<br \/>\n[18] V. Tchernonog, Le paysage associatif fran\u00e7ais \u2013 Mesures et \u00e9volutions, Juris Editions \/ Dalloz, 2\u00e8me \u00e9d. 2013<br \/>\n[19] C. Amblard, Associations holding : l\u2019entreprise du futur ? JA n\u00b0525\/2015, p. 37<br \/>\n[20] CGI, art. 200, 1, b<br \/>\n[21] CA 14 f\u00e9vr. 2011 n\u00b0329252<br \/>\n[22] LPF, art. L 80 C ; v. \u00e9gal. BOFIP-imp\u00f4ts BOI-SJ-RES-10-20-20-70 n\u00b060 et 80<br \/>\n[23] BOFIP-imp\u00f4ts BOI-IS-CHAMP-10-50-10<br \/>\n[24] BOFIP-imp\u00f4ts BOI-IS-CHAMP-10-50-10-20<br \/>\n[25] HCVA Rapport sur la notion d&rsquo;int\u00e9r\u00eat g\u00e9n\u00e9ral fondant l&rsquo;intervention des associations, 3 mai 2016<\/p>\n<p style=\"text-align: justify;\">[26] Y. Blein, rap. \u00ab\u00a0Qualification d&rsquo;int\u00e9r\u00eat g\u00e9n\u00e9ral des organismes recevant des dons &#8211; Notion de cercle restreint, mars 2016 (publi\u00e9 le 06 juill. 2016)<\/p>\n<p style=\"text-align: justify;\">[27] BOFIP-imp\u00f4ts BOI-IS-CHAMP-250-10-10 du 26 juill. 2016<br \/>\n[28]BOFIP-imp\u00f4ts BOI-IS-CHAMP-10-50-20-10 du 1er avril 2015<br \/>\n[29] R\u00e9p. min. Int\u00e9rieur JOANQ 15 juillet 2008 n\u00b016885<br \/>\n[30] CGI, art. 795 2\u00b0<\/p>\n<p style=\"text-align: justify;\">[31] R\u00e9p. min, pr\u00e9c.<br \/>\n[32] CE, Les associations reconnues d\u2019utilit\u00e9 publique, La Documentation fran\u00e7aise, 2000,<br \/>\n[33] L. n\u00b02014-856, pr\u00e9c., art. 74. Cette disposition est applicable depuis le 2 ao\u00fbt 2014 pour les associations d\u2019int\u00e9r\u00eat g\u00e9n\u00e9ral ayant un caract\u00e8re philanthropique, \u00e9ducatif, scientifique, social, humanitaire, sportif, familial, culturel ou concourant \u00e0 la mise en valeur du patrimoine artistique.<br \/>\n[34] Dans les conditions fix\u00e9es par l\u2019article 910 du Code civil<br \/>\n[35] L. 2008-776 du 04 ao\u00fbt 2008, art. 140 et 141 ; v. \u00e9gal. C. amblard, Fonds de dotation, une r\u00e9volution dans le monde des institutions sans but lucratif, Lamy, 2\u00e8me \u00e9d. Collect. Axe droit, monographie, d\u00e9c. 2015<\/p>\n","protected":false},"excerpt":{"rendered":"<p>Utilit\u00e9 sociale, int\u00e9r\u00eat g\u00e9n\u00e9ral, utilit\u00e9 publique : optimiser son mod\u00e8le \u00e9conomique associatif Publi\u00e9 in Juris-associations, n\u00b0546, 15\/10\/2016 La ma\u00eetrise des concepts d\u2019utilit\u00e9 sociale, d\u2019int\u00e9r\u00eat g\u00e9n\u00e9ral et d\u2019utilit\u00e9 publique est fondamentale pour le secteur associatif. En effet, c\u2019est bien \u00e0 partir de ces notions que les associations seront en mesure de faire \u00e9voluer leur mod\u00e8le \u00e9conomique [&hellip;]<\/p>\n","protected":false},"author":2,"featured_media":2180,"comment_status":"open","ping_status":"open","sticky":false,"template":"","format":"standard","meta":{"site-sidebar-layout":"default","site-content-layout":"","ast-site-content-layout":"default","site-content-style":"default","site-sidebar-style":"default","ast-global-header-display":"","ast-banner-title-visibility":"","ast-main-header-display":"","ast-hfb-above-header-display":"","ast-hfb-below-header-display":"","ast-hfb-mobile-header-display":"","site-post-title":"","ast-breadcrumbs-content":"","ast-featured-img":"","footer-sml-layout":"","ast-disable-related-posts":"","theme-transparent-header-meta":"","adv-header-id-meta":"","stick-header-meta":"","header-above-stick-meta":"","header-main-stick-meta":"","header-below-stick-meta":"","astra-migrate-meta-layouts":"default","ast-page-background-enabled":"default","ast-page-background-meta":{"desktop":{"background-color":"var(--ast-global-color-4)","background-image":"","background-repeat":"repeat","background-position":"center center","background-size":"auto","background-attachment":"scroll","background-type":"","background-media":"","overlay-type":"","overlay-color":"","overlay-opacity":"","overlay-gradient":""},"tablet":{"background-color":"","background-image":"","background-repeat":"repeat","background-position":"center center","background-size":"auto","background-attachment":"scroll","background-type":"","background-media":"","overlay-type":"","overlay-color":"","overlay-opacity":"","overlay-gradient":""},"mobile":{"background-color":"","background-image":"","background-repeat":"repeat","background-position":"center center","background-size":"auto","background-attachment":"scroll","background-type":"","background-media":"","overlay-type":"","overlay-color":"","overlay-opacity":"","overlay-gradient":""}},"ast-content-background-meta":{"desktop":{"background-color":"var(--ast-global-color-5)","background-image":"","background-repeat":"repeat","background-position":"center center","background-size":"auto","background-attachment":"scroll","background-type":"","background-media":"","overlay-type":"","overlay-color":"","overlay-opacity":"","overlay-gradient":""},"tablet":{"background-color":"var(--ast-global-color-5)","background-image":"","background-repeat":"repeat","background-position":"center center","background-size":"auto","background-attachment":"scroll","background-type":"","background-media":"","overlay-type":"","overlay-color":"","overlay-opacity":"","overlay-gradient":""},"mobile":{"background-color":"var(--ast-global-color-5)","background-image":"","background-repeat":"repeat","background-position":"center center","background-size":"auto","background-attachment":"scroll","background-type":"","background-media":"","overlay-type":"","overlay-color":"","overlay-opacity":"","overlay-gradient":""}},"footnotes":""},"categories":[283,1],"tags":[52,313,79,303,35,49,328,36,37],"class_list":["post-2092","post","type-post","status-publish","format-standard","has-post-thumbnail","hentry","category-article","category-non-classe","tag-associations","tag-avocat-en-droit-des-associations","tag-fonds-de-dotation","tag-hcva","tag-interet-general","tag-mecenat","tag-modele-economique","tag-utilite-publique","tag-utilite-sociale"],"_links":{"self":[{"href":"https:\/\/www.npsconsulting-avocats.fr\/NPS\/wp-json\/wp\/v2\/posts\/2092","targetHints":{"allow":["GET"]}}],"collection":[{"href":"https:\/\/www.npsconsulting-avocats.fr\/NPS\/wp-json\/wp\/v2\/posts"}],"about":[{"href":"https:\/\/www.npsconsulting-avocats.fr\/NPS\/wp-json\/wp\/v2\/types\/post"}],"author":[{"embeddable":true,"href":"https:\/\/www.npsconsulting-avocats.fr\/NPS\/wp-json\/wp\/v2\/users\/2"}],"replies":[{"embeddable":true,"href":"https:\/\/www.npsconsulting-avocats.fr\/NPS\/wp-json\/wp\/v2\/comments?post=2092"}],"version-history":[{"count":9,"href":"https:\/\/www.npsconsulting-avocats.fr\/NPS\/wp-json\/wp\/v2\/posts\/2092\/revisions"}],"predecessor-version":[{"id":2182,"href":"https:\/\/www.npsconsulting-avocats.fr\/NPS\/wp-json\/wp\/v2\/posts\/2092\/revisions\/2182"}],"wp:featuredmedia":[{"embeddable":true,"href":"https:\/\/www.npsconsulting-avocats.fr\/NPS\/wp-json\/wp\/v2\/media\/2180"}],"wp:attachment":[{"href":"https:\/\/www.npsconsulting-avocats.fr\/NPS\/wp-json\/wp\/v2\/media?parent=2092"}],"wp:term":[{"taxonomy":"category","embeddable":true,"href":"https:\/\/www.npsconsulting-avocats.fr\/NPS\/wp-json\/wp\/v2\/categories?post=2092"},{"taxonomy":"post_tag","embeddable":true,"href":"https:\/\/www.npsconsulting-avocats.fr\/NPS\/wp-json\/wp\/v2\/tags?post=2092"}],"curies":[{"name":"wp","href":"https:\/\/api.w.org\/{rel}","templated":true}]}}