{"id":1980,"date":"2016-07-22T15:33:02","date_gmt":"2016-07-22T13:33:02","guid":{"rendered":"http:\/\/www.npsconsulting-avocats.fr\/NPS\/?p=1980"},"modified":"2016-10-04T10:57:22","modified_gmt":"2016-10-04T08:57:22","slug":"formation-la-reforme-territoriale-appliquee-au-mouvement-sportif-paris-21092016","status":"publish","type":"post","link":"https:\/\/www.npsconsulting-avocats.fr\/NPS\/formation-la-reforme-territoriale-appliquee-au-mouvement-sportif-paris-21092016\/","title":{"rendered":"FORMATION &#8211; La r\u00e9forme territoriale appliqu\u00e9e au mouvement sportif (Paris, 21\/09\/2016)"},"content":{"rendered":"<p style=\"text-align: center;\"><strong><a href=\"http:\/\/www.npsconsulting-avocats.fr\/NPS\/wp-content\/uploads\/2016\/07\/FullSizeRender-1-e1475571426603.jpg\"><img loading=\"lazy\" decoding=\"async\" class=\"alignleft size-medium wp-image-2071\" src=\"http:\/\/www.npsconsulting-avocats.fr\/NPS\/wp-content\/uploads\/2016\/07\/FullSizeRender-1-300x194.jpg\" alt=\"fullsizerender-1\" width=\"300\" height=\"194\" \/><\/a>\u00a0&#8211; SAVE THE DATE &#8211; <\/strong><\/p>\n<p style=\"text-align: center;\"><strong>FORMATION &#8211; La r\u00e9forme territoriale appliqu\u00e9e au mouvement sportif<\/strong><\/p>\n<p>Le mercredi 21 septembre 2016 aura lieu \u00e0 PARIS une formation Atelier-D\u00e9bat ISBL CONSULTANTS intitul\u00e9e : \u00ab\u00a0La r\u00e9forme territoriale appliqu\u00e9e au mouvement sportif\u00a0\u00bb.<\/p>\n<p>Cette formation est organis\u00e9e en partenariat avec la Soci\u00e9t\u00e9 d\u2019\u00e9ditions Wolters-Kluwer Lamy Associations.<\/p>\n<p>R\u00e9servez d\u00e8s maintenant votre Atelier-D\u00e9bat.<\/p>\n<p>Pour s&rsquo;inscrire \u00e0 cette formation\u00a0 : <a href=\"http:\/\/http.www.isbl-consultants.fr\">cliquez ici<\/a><\/p>\n<p>&nbsp;<\/p>\n","protected":false},"excerpt":{"rendered":"<p>\u00a0&#8211; SAVE THE DATE &#8211; FORMATION &#8211; La r\u00e9forme territoriale appliqu\u00e9e au mouvement sportif Le mercredi 21 septembre 2016 aura lieu \u00e0 PARIS une formation Atelier-D\u00e9bat ISBL CONSULTANTS intitul\u00e9e : \u00ab\u00a0La r\u00e9forme territoriale appliqu\u00e9e au mouvement sportif\u00a0\u00bb. Cette formation est organis\u00e9e en partenariat avec la Soci\u00e9t\u00e9 d\u2019\u00e9ditions Wolters-Kluwer Lamy Associations. R\u00e9servez d\u00e8s maintenant votre Atelier-D\u00e9bat. [&hellip;]<\/p>\n","protected":false},"author":2,"featured_media":1823,"comment_status":"open","ping_status":"open","sticky":false,"template":"","format":"standard","meta":{"site-sidebar-layout":"default","site-content-layout":"","ast-site-content-layout":"default","site-content-style":"default","site-sidebar-style":"default","ast-global-header-display":"","ast-banner-title-visibility":"","ast-main-header-display":"","ast-hfb-above-header-display":"","ast-hfb-below-header-display":"","ast-hfb-mobile-header-display":"","site-post-title":"","ast-breadcrumbs-content":"","ast-featured-img":"","footer-sml-layout":"","ast-disable-related-posts":"","theme-transparent-header-meta":"","adv-header-id-meta":"","stick-header-meta":"","header-above-stick-meta":"","header-main-stick-meta":"","header-below-stick-meta":"","astra-migrate-meta-layouts":"default","ast-page-background-enabled":"default","ast-page-background-meta":{"desktop":{"background-color":"var(--ast-global-color-4)","background-image":"","background-repeat":"repeat","background-position":"center center","background-size":"auto","background-attachment":"scroll","background-type":"","background-media":"","overlay-type":"","overlay-color":"","overlay-opacity":"","overlay-gradient":""},"tablet":{"background-color":"","background-image":"","background-repeat":"repeat","background-position":"center center","background-size":"auto","background-attachment":"scroll","background-type":"","background-media":"","overlay-type":"","overlay-color":"","overlay-opacity":"","overlay-gradient":""},"mobile":{"background-color":"","background-image":"","background-repeat":"repeat","background-position":"center center","background-size":"auto","background-attachment":"scroll","background-type":"","background-media":"","overlay-type":"","overlay-color":"","overlay-opacity":"","overlay-gradient":""}},"ast-content-background-meta":{"desktop":{"background-color":"var(--ast-global-color-5)","background-image":"","background-repeat":"repeat","background-position":"center center","background-size":"auto","background-attachment":"scroll","background-type":"","background-media":"","overlay-type":"","overlay-color":"","overlay-opacity":"","overlay-gradient":""},"tablet":{"background-color":"var(--ast-global-color-5)","background-image":"","background-repeat":"repeat","background-position":"center center","background-size":"auto","background-attachment":"scroll","background-type":"","background-media":"","overlay-type":"","overlay-color":"","overlay-opacity":"","overlay-gradient":""},"mobile":{"background-color":"var(--ast-global-color-5)","background-image":"","background-repeat":"repeat","background-position":"center center","background-size":"auto","background-attachment":"scroll","background-type":"","background-media":"","overlay-type":"","overlay-color":"","overlay-opacity":"","overlay-gradient":""}},"footnotes":""},"categories":[124,105],"tags":[313,314,240,241,311,276],"class_list":["post-1980","post","type-post","status-publish","format-standard","has-post-thumbnail","hentry","category-communique-de-presse","category-formation-2","tag-avocat-en-droit-des-associations","tag-avocat-en-droit-du-sport","tag-fusion-des-ligues-sportives-regionales","tag-fusion-entre-associations","tag-reforme-de-la-carte-de-regionalisation","tag-sport"],"_links":{"self":[{"href":"https:\/\/www.npsconsulting-avocats.fr\/NPS\/wp-json\/wp\/v2\/posts\/1980","targetHints":{"allow":["GET"]}}],"collection":[{"href":"https:\/\/www.npsconsulting-avocats.fr\/NPS\/wp-json\/wp\/v2\/posts"}],"about":[{"href":"https:\/\/www.npsconsulting-avocats.fr\/NPS\/wp-json\/wp\/v2\/types\/post"}],"author":[{"embeddable":true,"href":"https:\/\/www.npsconsulting-avocats.fr\/NPS\/wp-json\/wp\/v2\/users\/2"}],"replies":[{"embeddable":true,"href":"https:\/\/www.npsconsulting-avocats.fr\/NPS\/wp-json\/wp\/v2\/comments?post=1980"}],"version-history":[{"count":2,"href":"https:\/\/www.npsconsulting-avocats.fr\/NPS\/wp-json\/wp\/v2\/posts\/1980\/revisions"}],"predecessor-version":[{"id":2072,"href":"https:\/\/www.npsconsulting-avocats.fr\/NPS\/wp-json\/wp\/v2\/posts\/1980\/revisions\/2072"}],"wp:featuredmedia":[{"embeddable":true,"href":"https:\/\/www.npsconsulting-avocats.fr\/NPS\/wp-json\/wp\/v2\/media\/1823"}],"wp:attachment":[{"href":"https:\/\/www.npsconsulting-avocats.fr\/NPS\/wp-json\/wp\/v2\/media?parent=1980"}],"wp:term":[{"taxonomy":"category","embeddable":true,"href":"https:\/\/www.npsconsulting-avocats.fr\/NPS\/wp-json\/wp\/v2\/categories?post=1980"},{"taxonomy":"post_tag","embeddable":true,"href":"https:\/\/www.npsconsulting-avocats.fr\/NPS\/wp-json\/wp\/v2\/tags?post=1980"}],"curies":[{"name":"wp","href":"https:\/\/api.w.org\/{rel}","templated":true}]}}