{"id":1852,"date":"2016-02-29T12:00:43","date_gmt":"2016-02-29T10:00:43","guid":{"rendered":"http:\/\/www.npsconsulting-avocats.fr\/NPS\/?p=1852"},"modified":"2016-03-21T19:18:45","modified_gmt":"2016-03-21T17:18:45","slug":"retrouvez-le-dernier-article-de-me-colas-amblard-circulaire-valls-pour-une-veritable-transition-democratique-juris-assoc-15-fev-2016","status":"publish","type":"post","link":"https:\/\/www.npsconsulting-avocats.fr\/NPS\/retrouvez-le-dernier-article-de-me-colas-amblard-circulaire-valls-pour-une-veritable-transition-democratique-juris-assoc-15-fev-2016\/","title":{"rendered":"Retrouvez le dernier article de Me Colas AMBLARD : Circulaire VALLS, pour une v\u00e9ritable transition d\u00e9mocratique ? (Juris assoc. 15 f\u00e9v. 2016)"},"content":{"rendered":"<p style=\"text-align: center;\" align=\"LEFT\"><strong>Circulaire VALLS du 29 septembre 2015 : Pour une v\u00e9ritable transition d\u00e9mocratique ?<\/strong><\/p>\n<p style=\"text-align: center;\" align=\"LEFT\">Article publi\u00e9 aux Editions Juris Associations Dalloz, n\u00b0533, 15 f\u00e9v. 2016<\/p>\n<p style=\"text-align: center;\" align=\"LEFT\">Auteur : Colas Amblard, avocat associ\u00e9, Docteur en droit, Charg\u00e9 d&rsquo;enseignements \u00e0 l&rsquo;Universit\u00e9 Jean Moulin Lyon III<\/p>\n<p align=\"LEFT\"><strong>Si les avanc\u00e9es de la circulaire relative aux nouvelles relations entre pouvoirs publics et associations sont louables, certains points m\u00e9riteraient n\u00e9anmoins d\u2019\u00eatre approfondis.<\/strong><\/p>\n<p align=\"LEFT\">La Circulaire \u00ab\u00a0Valls\u00a0\u00bb du 29 septembre 2015 consacre des avanc\u00e9es importantes souhait\u00e9es par l\u2019ensemble des observateurs de la vie associative et, en premier lieu, par les acteurs associatifs eux-m\u00eames. Cependant, les \u00e9v\u00e9nements tragiques des 7 janvier et 13 novembre 2015 appellent d\u00e9j\u00e0, en r\u00e9action, \u00e0 un surcro\u00eet de d\u00e9mocratie et de participation de la soci\u00e9t\u00e9 civile dans la coconstruction, mais \u00e9galement dans la gestion des politiques publiques.<\/p>\n<p align=\"LEFT\"><!--more--><\/p>\n<p align=\"LEFT\">Pour voir la suite de l&rsquo;article\u00a0: <a href=\"http:\/\/www.npsconsulting-avocats.fr\/NPS\/wp-content\/uploads\/2016\/02\/Circulaire-VALLS-transition-d\u00e9mocratique.pdf\" rel=\"\">Cliquez ici<\/a><\/p>\n<p>&nbsp;<\/p>\n","protected":false},"excerpt":{"rendered":"<p>Circulaire VALLS du 29 septembre 2015 : Pour une v\u00e9ritable transition d\u00e9mocratique ? Article publi\u00e9 aux Editions Juris Associations Dalloz, n\u00b0533, 15 f\u00e9v. 2016 Auteur : Colas Amblard, avocat associ\u00e9, Docteur en droit, Charg\u00e9 d&rsquo;enseignements \u00e0 l&rsquo;Universit\u00e9 Jean Moulin Lyon III Si les avanc\u00e9es de la circulaire relative aux nouvelles relations entre pouvoirs publics et [&hellip;]<\/p>\n","protected":false},"author":2,"featured_media":0,"comment_status":"open","ping_status":"open","sticky":false,"template":"","format":"standard","meta":{"site-sidebar-layout":"default","site-content-layout":"","ast-site-content-layout":"default","site-content-style":"default","site-sidebar-style":"default","ast-global-header-display":"","ast-banner-title-visibility":"","ast-main-header-display":"","ast-hfb-above-header-display":"","ast-hfb-below-header-display":"","ast-hfb-mobile-header-display":"","site-post-title":"","ast-breadcrumbs-content":"","ast-featured-img":"","footer-sml-layout":"","ast-disable-related-posts":"","theme-transparent-header-meta":"","adv-header-id-meta":"","stick-header-meta":"","header-above-stick-meta":"","header-main-stick-meta":"","header-below-stick-meta":"","astra-migrate-meta-layouts":"default","ast-page-background-enabled":"default","ast-page-background-meta":{"desktop":{"background-color":"var(--ast-global-color-4)","background-image":"","background-repeat":"repeat","background-position":"center center","background-size":"auto","background-attachment":"scroll","background-type":"","background-media":"","overlay-type":"","overlay-color":"","overlay-opacity":"","overlay-gradient":""},"tablet":{"background-color":"","background-image":"","background-repeat":"repeat","background-position":"center center","background-size":"auto","background-attachment":"scroll","background-type":"","background-media":"","overlay-type":"","overlay-color":"","overlay-opacity":"","overlay-gradient":""},"mobile":{"background-color":"","background-image":"","background-repeat":"repeat","background-position":"center center","background-size":"auto","background-attachment":"scroll","background-type":"","background-media":"","overlay-type":"","overlay-color":"","overlay-opacity":"","overlay-gradient":""}},"ast-content-background-meta":{"desktop":{"background-color":"var(--ast-global-color-5)","background-image":"","background-repeat":"repeat","background-position":"center center","background-size":"auto","background-attachment":"scroll","background-type":"","background-media":"","overlay-type":"","overlay-color":"","overlay-opacity":"","overlay-gradient":""},"tablet":{"background-color":"var(--ast-global-color-5)","background-image":"","background-repeat":"repeat","background-position":"center center","background-size":"auto","background-attachment":"scroll","background-type":"","background-media":"","overlay-type":"","overlay-color":"","overlay-opacity":"","overlay-gradient":""},"mobile":{"background-color":"var(--ast-global-color-5)","background-image":"","background-repeat":"repeat","background-position":"center center","background-size":"auto","background-attachment":"scroll","background-type":"","background-media":"","overlay-type":"","overlay-color":"","overlay-opacity":"","overlay-gradient":""}},"footnotes":""},"categories":[283],"tags":[196,137,260,138,26],"class_list":["post-1852","post","type-post","status-publish","format-standard","hentry","category-article","tag-associations-et-subventions","tag-avocat-specialise-dans-le-secteur-associatif","tag-circulaire-valls-du-29-septembre-2015","tag-droit-des-associations","tag-subventions"],"_links":{"self":[{"href":"https:\/\/www.npsconsulting-avocats.fr\/NPS\/wp-json\/wp\/v2\/posts\/1852","targetHints":{"allow":["GET"]}}],"collection":[{"href":"https:\/\/www.npsconsulting-avocats.fr\/NPS\/wp-json\/wp\/v2\/posts"}],"about":[{"href":"https:\/\/www.npsconsulting-avocats.fr\/NPS\/wp-json\/wp\/v2\/types\/post"}],"author":[{"embeddable":true,"href":"https:\/\/www.npsconsulting-avocats.fr\/NPS\/wp-json\/wp\/v2\/users\/2"}],"replies":[{"embeddable":true,"href":"https:\/\/www.npsconsulting-avocats.fr\/NPS\/wp-json\/wp\/v2\/comments?post=1852"}],"version-history":[{"count":3,"href":"https:\/\/www.npsconsulting-avocats.fr\/NPS\/wp-json\/wp\/v2\/posts\/1852\/revisions"}],"predecessor-version":[{"id":1866,"href":"https:\/\/www.npsconsulting-avocats.fr\/NPS\/wp-json\/wp\/v2\/posts\/1852\/revisions\/1866"}],"wp:attachment":[{"href":"https:\/\/www.npsconsulting-avocats.fr\/NPS\/wp-json\/wp\/v2\/media?parent=1852"}],"wp:term":[{"taxonomy":"category","embeddable":true,"href":"https:\/\/www.npsconsulting-avocats.fr\/NPS\/wp-json\/wp\/v2\/categories?post=1852"},{"taxonomy":"post_tag","embeddable":true,"href":"https:\/\/www.npsconsulting-avocats.fr\/NPS\/wp-json\/wp\/v2\/tags?post=1852"}],"curies":[{"name":"wp","href":"https:\/\/api.w.org\/{rel}","templated":true}]}}