{"id":1792,"date":"2016-04-16T13:17:08","date_gmt":"2016-04-16T11:17:08","guid":{"rendered":"http:\/\/www.npsconsulting-avocats.fr\/NPS\/?p=1792"},"modified":"2016-04-17T13:35:52","modified_gmt":"2016-04-17T11:35:52","slug":"parution-de-la-2eme-edition-de-louvrage-fonds-de-dotation-une-revolution-dans-le-monde-des-institutions-sans-but-lucratif-2","status":"publish","type":"post","link":"https:\/\/www.npsconsulting-avocats.fr\/NPS\/parution-de-la-2eme-edition-de-louvrage-fonds-de-dotation-une-revolution-dans-le-monde-des-institutions-sans-but-lucratif-2\/","title":{"rendered":"Parution de la 2\u00e8me \u00e9dition de l\u2019ouvrage Fonds de dotation : une r\u00e9volution dans le monde des institutions sans but lucratif"},"content":{"rendered":"<h1>Parution de la 2\u00e8me \u00e9dition de l\u2019ouvrage Fonds de dotation : une r\u00e9volution dans le monde des institutions sans but lucratif<\/h1>\n<div class=\"contenu\">\n<h5>Strat\u00e9gie et d\u00e9veloppement des ISBL<\/h5>\n<p>Fonds de dotation : une r\u00e9volution dans le monde des institutions sans but lucratif (2\u00e8me \u00e9dition), Ed. Wolters-Kluwer, Collection Axe Droit, Lamy :<\/p>\n<p><em>Annonc\u00e9 par le gouvernement actuel comme \u00a0\u00bb un changement conceptuel de magnitude 7 sur l&rsquo;\u00e9chelle des grandes ruptures juridiques \u00ab\u00a0, le fonds de dotation instaur\u00e9 par la loi de modernisation de l&rsquo;\u00e9conomie du 4 ao\u00fbt 2008 a tr\u00e8s profond\u00e9ment modifi\u00e9 le paysage des institutions sans but lucratif (ISBL) ces derni\u00e8res ann\u00e9es en France. L&rsquo;auteur propose une r\u00e9flexion sur l\u2019articulation de cette nouvelle ISBL \u00e0 travers une pr\u00e9sentation dynamique du r\u00e9gime juridique et fiscal du fonds de dotation. Cet ouvrage de fond aborde de nombreuses questions, telles que les diff\u00e9rents enjeux strat\u00e9giques li\u00e9s \u00e0 la cr\u00e9ation du fonds de dotation, les avantages et les contraintes tenant \u00e0 la gestion de cette nouvelle structure par rapport aux fondations notamment, les diff\u00e9rents aspects li\u00e9s \u00e0 la gouvernance, les obligations comptables et de transparence financi\u00e8re, les modes de contr\u00f4le applicables, sans oublier, les nombreux avantages fiscaux li\u00e9s aux m\u00e9c\u00e9nat. Une analyse statistique des diff\u00e9rents fonds de dotation cr\u00e9\u00e9s au 1er janvier 2010 est men\u00e9e, permettant de comprendre l&rsquo;usage concret qui est actuellement fait de cette nouvelle ISBL. Diff\u00e9rentes annexes imm\u00e9diatement exploitables par le porteur de projet sont \u00e9galement int\u00e9gr\u00e9es. Enfin, cet ouvrage permet de s&rsquo;interroger sur les v\u00e9ritables enjeux qui se posent \u00e0 l&rsquo;occasion de l&rsquo;apparition de cette nouvelle entit\u00e9 juridique, notamment en ce qui concerne la red\u00e9finition probable du concept d&rsquo;int\u00e9r\u00eat g\u00e9n\u00e9ral, la question de l&rsquo;appartenance de cette nouvelle entit\u00e9 au secteur de l&rsquo;\u00e9conomie sociale et solidaire depuis la loi du 31 juillet 2015 et ses d\u00e9crets d\u2019application 2015 ainsi que les diff\u00e9rentes probl\u00e9matiques li\u00e9es \u00e0 la coexistence des fonds de dotation avec les fondations et les associations. Un ouvrage indispensable pour les porteurs de projet d\u2019int\u00e9r\u00eat g\u00e9n\u00e9ral et les professionnels des ISBL (avocat, expert-comptable, consultant, notaire).<\/em><\/p>\n<hr \/>\n<div class=\"WordSection1\">\n<p><strong>Auteur<\/strong> : <a href=\"http:\/\/www.isbl-consultants.fr\/colas_amblard_.html\">Colas Amblard<\/a>\u00a0est docteur en droit des affaires et avocat associ\u00e9 au sein du Cabinet NPS consulting sp\u00e9cialis\u00e9 dans le secteur des associations et des institutions sans but lucratif (ISBL) depuis plus de 15 ans. Ses principaux domaines d&rsquo;intervention sont la cr\u00e9ation, l&rsquo;optimisation ainsi que la restructuration juridique et fiscale des associations, des fondations, des syndicats professionnels et des fondations pour lesquels il accompagne de nombreux projets de dimension nationale. Il est pr\u00e9sident fondateur de la Commission droit des associations et des fondations du Barreau de Lyon et ma\u00eetre de conf\u00e9rences charg\u00e9 d\u2019enseignements \u00e0 l\u2019Universit\u00e9 Jean Moulin LYON III depuis 2000. Il est \u00e9galement membre du Comit\u00e9 scientifique de l&rsquo;ADDES-Fondation Cr\u00e9dit coop\u00e9ratif et directeur de publication du site d\u00e9di\u00e9 aux ISBL\u00a0<a href=\"http:\/\/www.isbl-consultants.fr\/\">www.isbl-consultants.fr<\/a>\u00a0pour lequel il d\u00e9livre r\u00e9guli\u00e8rement de la formation continue avec l&rsquo;appui d&rsquo;un r\u00e9seau de sp\u00e9cialistes reconnus. \u00a0Il intervient \u00e9galement en qualit\u00e9 de conf\u00e9rencier pour des collectivit\u00e9s territoriales et est l\u2019auteur de plusieurs ouvrages et de nombreux articles pour les \u00e9ditions Lamy associations, Juris-associations (Dalloz) et la Revue Internationale de l\u2019Economie Sociale (RECMA). Il est \u00e0 l&rsquo;origine de la cr\u00e9ation de fonds de dotation \u00e0 la demande d&rsquo;associations, d&rsquo;entreprises m\u00e9c\u00e8nes, de collectivit\u00e9s locales et de porteurs de projet.<\/p>\n<div class=\"WordSection1\">\n<p>&nbsp;<\/p>\n<\/div>\n<\/div>\n<p>Pr\u00e9commande sur la <a href=\"http:\/\/livre.fnac.com\/a9181596\/Colas-Amblard-Le-fonds-de-dotation\">FNAC<\/a> \u00e0 partir du 27 novembre 2015.<\/p>\n<p><strong>Pour commander<\/strong> : <a href=\"http:\/\/livre.fnac.com\/a9181596\/Colas-Amblard-Le-fonds-de-dotation\">cliquez ici<\/a><\/p>\n<p>Formation : <a href=\"http:\/\/www.isbl-consultants.fr\/creer_et_gerer_son_fonds_de_dotation1c0.html\">Cr\u00e9er et g\u00e9rer son fonds de dotation (Lyon, 1er avril 2016)<\/a><\/p>\n<\/div>\n","protected":false},"excerpt":{"rendered":"<p>Parution de la 2\u00e8me \u00e9dition de l\u2019ouvrage Fonds de dotation : une r\u00e9volution dans le monde des institutions sans but lucratif Strat\u00e9gie et d\u00e9veloppement des ISBL Fonds de dotation : une r\u00e9volution dans le monde des institutions sans but lucratif (2\u00e8me \u00e9dition), Ed. Wolters-Kluwer, Collection Axe Droit, Lamy : Annonc\u00e9 par le gouvernement actuel comme [&hellip;]<\/p>\n","protected":false},"author":2,"featured_media":0,"comment_status":"open","ping_status":"open","sticky":false,"template":"","format":"standard","meta":{"site-sidebar-layout":"default","site-content-layout":"","ast-site-content-layout":"default","site-content-style":"default","site-sidebar-style":"default","ast-global-header-display":"","ast-banner-title-visibility":"","ast-main-header-display":"","ast-hfb-above-header-display":"","ast-hfb-below-header-display":"","ast-hfb-mobile-header-display":"","site-post-title":"","ast-breadcrumbs-content":"","ast-featured-img":"","footer-sml-layout":"","ast-disable-related-posts":"","theme-transparent-header-meta":"","adv-header-id-meta":"","stick-header-meta":"","header-above-stick-meta":"","header-main-stick-meta":"","header-below-stick-meta":"","astra-migrate-meta-layouts":"default","ast-page-background-enabled":"default","ast-page-background-meta":{"desktop":{"background-color":"var(--ast-global-color-4)","background-image":"","background-repeat":"repeat","background-position":"center center","background-size":"auto","background-attachment":"scroll","background-type":"","background-media":"","overlay-type":"","overlay-color":"","overlay-opacity":"","overlay-gradient":""},"tablet":{"background-color":"","background-image":"","background-repeat":"repeat","background-position":"center center","background-size":"auto","background-attachment":"scroll","background-type":"","background-media":"","overlay-type":"","overlay-color":"","overlay-opacity":"","overlay-gradient":""},"mobile":{"background-color":"","background-image":"","background-repeat":"repeat","background-position":"center center","background-size":"auto","background-attachment":"scroll","background-type":"","background-media":"","overlay-type":"","overlay-color":"","overlay-opacity":"","overlay-gradient":""}},"ast-content-background-meta":{"desktop":{"background-color":"var(--ast-global-color-5)","background-image":"","background-repeat":"repeat","background-position":"center center","background-size":"auto","background-attachment":"scroll","background-type":"","background-media":"","overlay-type":"","overlay-color":"","overlay-opacity":"","overlay-gradient":""},"tablet":{"background-color":"var(--ast-global-color-5)","background-image":"","background-repeat":"repeat","background-position":"center center","background-size":"auto","background-attachment":"scroll","background-type":"","background-media":"","overlay-type":"","overlay-color":"","overlay-opacity":"","overlay-gradient":""},"mobile":{"background-color":"var(--ast-global-color-5)","background-image":"","background-repeat":"repeat","background-position":"center center","background-size":"auto","background-attachment":"scroll","background-type":"","background-media":"","overlay-type":"","overlay-color":"","overlay-opacity":"","overlay-gradient":""}},"footnotes":""},"categories":[3,124],"tags":[176,49],"class_list":["post-1792","post","type-post","status-publish","format-standard","hentry","category-actualites","category-communique-de-presse","tag-avocat-et-fondation","tag-mecenat"],"_links":{"self":[{"href":"https:\/\/www.npsconsulting-avocats.fr\/NPS\/wp-json\/wp\/v2\/posts\/1792","targetHints":{"allow":["GET"]}}],"collection":[{"href":"https:\/\/www.npsconsulting-avocats.fr\/NPS\/wp-json\/wp\/v2\/posts"}],"about":[{"href":"https:\/\/www.npsconsulting-avocats.fr\/NPS\/wp-json\/wp\/v2\/types\/post"}],"author":[{"embeddable":true,"href":"https:\/\/www.npsconsulting-avocats.fr\/NPS\/wp-json\/wp\/v2\/users\/2"}],"replies":[{"embeddable":true,"href":"https:\/\/www.npsconsulting-avocats.fr\/NPS\/wp-json\/wp\/v2\/comments?post=1792"}],"version-history":[{"count":2,"href":"https:\/\/www.npsconsulting-avocats.fr\/NPS\/wp-json\/wp\/v2\/posts\/1792\/revisions"}],"predecessor-version":[{"id":1794,"href":"https:\/\/www.npsconsulting-avocats.fr\/NPS\/wp-json\/wp\/v2\/posts\/1792\/revisions\/1794"}],"wp:attachment":[{"href":"https:\/\/www.npsconsulting-avocats.fr\/NPS\/wp-json\/wp\/v2\/media?parent=1792"}],"wp:term":[{"taxonomy":"category","embeddable":true,"href":"https:\/\/www.npsconsulting-avocats.fr\/NPS\/wp-json\/wp\/v2\/categories?post=1792"},{"taxonomy":"post_tag","embeddable":true,"href":"https:\/\/www.npsconsulting-avocats.fr\/NPS\/wp-json\/wp\/v2\/tags?post=1792"}],"curies":[{"name":"wp","href":"https:\/\/api.w.org\/{rel}","templated":true}]}}