{"id":1708,"date":"2015-12-02T11:31:57","date_gmt":"2015-12-02T09:31:57","guid":{"rendered":"http:\/\/www.npsconsulting-avocats.fr\/NPS\/?p=1708"},"modified":"2015-12-02T11:31:57","modified_gmt":"2015-12-02T09:31:57","slug":"circulaire-valls-du-29-septembre-2015-les-nouvelles-relations-entre-pouvoirs-publics-et-associations","status":"publish","type":"post","link":"https:\/\/www.npsconsulting-avocats.fr\/NPS\/circulaire-valls-du-29-septembre-2015-les-nouvelles-relations-entre-pouvoirs-publics-et-associations\/","title":{"rendered":"Circulaire VALLS du 29 septembre 2015 : Les  nouvelles relations entre pouvoirs publics et associations"},"content":{"rendered":"<h1><strong>Circulaire du Premier ministre du 29 septembre 2015 : Les nouvelles relations entre pouvoirs publics et associations<\/strong><\/h1>\n<div class=\"contenu\">\n<p>Pour donner corps \u00e0 la Charte des engagements r\u00e9ciproques entre l\u2019\u00c9tat, les collectivit\u00e9s territoriales et les associations conclue le 14\u00a0f\u00e9vrier 2014, le Premier ministre a sign\u00e9 la circulaire n\u00b0\u00a05811-SG du 29\u00a0septembre 2015 relative aux nouvelles relations entre les pouvoirs publics et les associations. Par l\u00e0-m\u00eame, le Gouvernement semble vouloir renforcer le r\u00f4le du secteur associatif dans la co-construction des politiques publiques.<\/p>\n<p>&nbsp;<\/p>\n<\/div>\n<p><!--more--><\/p>\n<p>Retrouvez le dernier article de Colas Amblard publi\u00e9 aux\u00a0 \u00e9ditions Lamy Associations (Bull. actualit\u00e9s Lamy Associations, n\u00b0242, nov. 2015\u00a0: <a href=\"http:\/\/www.isbl-consultants.fr\/circulaire_du_premier_ministre_du_29_septembre_2015_les_nouvelles_relations_entre_pouvoirs_publics_et_associa_s.html?PHPSESSID=cd76e7511fba2a28ca95bb3518711dcb\">cliquez ici<\/a><\/p>\n","protected":false},"excerpt":{"rendered":"<p>Circulaire du Premier ministre du 29 septembre 2015 : Les nouvelles relations entre pouvoirs publics et associations Pour donner corps \u00e0 la Charte des engagements r\u00e9ciproques entre l\u2019\u00c9tat, les collectivit\u00e9s territoriales et les associations conclue le 14\u00a0f\u00e9vrier 2014, le Premier ministre a sign\u00e9 la circulaire n\u00b0\u00a05811-SG du 29\u00a0septembre 2015 relative aux nouvelles relations entre les [&hellip;]<\/p>\n","protected":false},"author":2,"featured_media":0,"comment_status":"open","ping_status":"open","sticky":false,"template":"","format":"standard","meta":{"site-sidebar-layout":"default","site-content-layout":"","ast-site-content-layout":"default","site-content-style":"default","site-sidebar-style":"default","ast-global-header-display":"","ast-banner-title-visibility":"","ast-main-header-display":"","ast-hfb-above-header-display":"","ast-hfb-below-header-display":"","ast-hfb-mobile-header-display":"","site-post-title":"","ast-breadcrumbs-content":"","ast-featured-img":"","footer-sml-layout":"","ast-disable-related-posts":"","theme-transparent-header-meta":"","adv-header-id-meta":"","stick-header-meta":"","header-above-stick-meta":"","header-main-stick-meta":"","header-below-stick-meta":"","astra-migrate-meta-layouts":"default","ast-page-background-enabled":"default","ast-page-background-meta":{"desktop":{"background-color":"var(--ast-global-color-4)","background-image":"","background-repeat":"repeat","background-position":"center center","background-size":"auto","background-attachment":"scroll","background-type":"","background-media":"","overlay-type":"","overlay-color":"","overlay-opacity":"","overlay-gradient":""},"tablet":{"background-color":"","background-image":"","background-repeat":"repeat","background-position":"center center","background-size":"auto","background-attachment":"scroll","background-type":"","background-media":"","overlay-type":"","overlay-color":"","overlay-opacity":"","overlay-gradient":""},"mobile":{"background-color":"","background-image":"","background-repeat":"repeat","background-position":"center center","background-size":"auto","background-attachment":"scroll","background-type":"","background-media":"","overlay-type":"","overlay-color":"","overlay-opacity":"","overlay-gradient":""}},"ast-content-background-meta":{"desktop":{"background-color":"var(--ast-global-color-5)","background-image":"","background-repeat":"repeat","background-position":"center center","background-size":"auto","background-attachment":"scroll","background-type":"","background-media":"","overlay-type":"","overlay-color":"","overlay-opacity":"","overlay-gradient":""},"tablet":{"background-color":"var(--ast-global-color-5)","background-image":"","background-repeat":"repeat","background-position":"center center","background-size":"auto","background-attachment":"scroll","background-type":"","background-media":"","overlay-type":"","overlay-color":"","overlay-opacity":"","overlay-gradient":""},"mobile":{"background-color":"var(--ast-global-color-5)","background-image":"","background-repeat":"repeat","background-position":"center center","background-size":"auto","background-attachment":"scroll","background-type":"","background-media":"","overlay-type":"","overlay-color":"","overlay-opacity":"","overlay-gradient":""}},"footnotes":""},"categories":[124],"tags":[10,259,263,260,262,261,264],"class_list":["post-1708","post","type-post","status-publish","format-standard","hentry","category-communique-de-presse","tag-association","tag-association-et-avocat","tag-associations-et-subvention","tag-circulaire-valls-du-29-septembre-2015","tag-convention-pluriannuelle-dobjectifs","tag-relations-associations-collectivites-territoriales","tag-subvention"],"_links":{"self":[{"href":"https:\/\/www.npsconsulting-avocats.fr\/NPS\/wp-json\/wp\/v2\/posts\/1708","targetHints":{"allow":["GET"]}}],"collection":[{"href":"https:\/\/www.npsconsulting-avocats.fr\/NPS\/wp-json\/wp\/v2\/posts"}],"about":[{"href":"https:\/\/www.npsconsulting-avocats.fr\/NPS\/wp-json\/wp\/v2\/types\/post"}],"author":[{"embeddable":true,"href":"https:\/\/www.npsconsulting-avocats.fr\/NPS\/wp-json\/wp\/v2\/users\/2"}],"replies":[{"embeddable":true,"href":"https:\/\/www.npsconsulting-avocats.fr\/NPS\/wp-json\/wp\/v2\/comments?post=1708"}],"version-history":[{"count":1,"href":"https:\/\/www.npsconsulting-avocats.fr\/NPS\/wp-json\/wp\/v2\/posts\/1708\/revisions"}],"predecessor-version":[{"id":1709,"href":"https:\/\/www.npsconsulting-avocats.fr\/NPS\/wp-json\/wp\/v2\/posts\/1708\/revisions\/1709"}],"wp:attachment":[{"href":"https:\/\/www.npsconsulting-avocats.fr\/NPS\/wp-json\/wp\/v2\/media?parent=1708"}],"wp:term":[{"taxonomy":"category","embeddable":true,"href":"https:\/\/www.npsconsulting-avocats.fr\/NPS\/wp-json\/wp\/v2\/categories?post=1708"},{"taxonomy":"post_tag","embeddable":true,"href":"https:\/\/www.npsconsulting-avocats.fr\/NPS\/wp-json\/wp\/v2\/tags?post=1708"}],"curies":[{"name":"wp","href":"https:\/\/api.w.org\/{rel}","templated":true}]}}