{"id":1690,"date":"2015-11-19T18:15:44","date_gmt":"2015-11-19T16:15:44","guid":{"rendered":"http:\/\/www.npsconsulting-avocats.fr\/NPS\/?p=1690"},"modified":"2015-11-19T18:16:38","modified_gmt":"2015-11-19T16:16:38","slug":"victimes-dacte-de-terrorisme-quelle-indemnisation","status":"publish","type":"post","link":"https:\/\/www.npsconsulting-avocats.fr\/NPS\/victimes-dacte-de-terrorisme-quelle-indemnisation\/","title":{"rendered":"Victimes d&rsquo;acte de terrorisme : quelle indemnisation ?"},"content":{"rendered":"<header>\n<h1 style=\"text-align: center;\">Victimes d&rsquo;acte de terrorisme : quelle indemnisation ?<\/h1>\n<\/header>\n<div class=\"text-zoom\">\n<div id=\"actualite\" class=\"lead\">\n<p>Les victimes d&rsquo;acte de terrorisme peuvent \u00eatre indemnis\u00e9es sous certaines conditions. Pour cela, il faut s&rsquo;adresser au Fonds de garantie des victimes des actes de terrorisme et d&rsquo;autres infractions (FGTI).<\/p>\n<\/div>\n<p>Cette demande concerne \u00e0 la fois les h\u00e9ritiers des victimes d\u00e9c\u00e9d\u00e9es et les victimes bless\u00e9es, ces personnes devant remplir un formulaire sp\u00e9cifique de demande d&rsquo;indemnisation accompagn\u00e9 d&rsquo;un justificatif d&rsquo;\u00e9tat civil. Par ailleurs, cette demande doit \u00eatre chiffr\u00e9e et accompagn\u00e9e de justificatifs \u00e9tablissant\u00a0:<\/p>\n<ul id=\"puces_2\">\n<li>l&rsquo;origine du pr\u00e9judice (proc\u00e8s verbal de police, tribunal saisi)\u00a0;<\/li>\n<li>l&rsquo;importance du pr\u00e9judice (certificat m\u00e9dical, factures)\u00a0;<\/li>\n<li>les remboursements obtenus par ailleurs (s\u00e9curit\u00e9 sociale et mutuelle).<\/li>\n<\/ul>\n<p>Cette demande est \u00e0 envoyer ensuite au FGTI, \u00e0 l&rsquo;adresse suivante\u00a0:<\/p>\n<ul id=\"puces_4\">\n<li>64, rue Defrance<\/li>\n<li>94682 Vincennes Cedex<\/li>\n<\/ul>\n<div id=\"aSavoir\" class=\"bloc-edito bloc-aSavoir\">\n<p class=\"bloc-edito-title\"><strong>\u00c0 savoir :<\/strong><\/p>\n<p>si la victime est d\u00e9c\u00e9d\u00e9e, ses proches peuvent \u00eatre indemnis\u00e9s en r\u00e9paration des pr\u00e9judices moraux et \u00e9conomiques\u00a0; l&rsquo;indemnisation vers\u00e9e par le FGTI est cumulable avec celle d&rsquo;une assurance individuelle-accident ou d&rsquo;une assurance-vie.<\/p>\n<\/div>\n<p class=\"news-date\">Source &#8211; Direction de l&rsquo;information l\u00e9gale et administrative (Premier ministre)<\/p>\n<\/div>\n","protected":false},"excerpt":{"rendered":"<p>Victimes d&rsquo;acte de terrorisme : quelle indemnisation ? Les victimes d&rsquo;acte de terrorisme peuvent \u00eatre indemnis\u00e9es sous certaines conditions. Pour cela, il faut s&rsquo;adresser au Fonds de garantie des victimes des actes de terrorisme et d&rsquo;autres infractions (FGTI). Cette demande concerne \u00e0 la fois les h\u00e9ritiers des victimes d\u00e9c\u00e9d\u00e9es et les victimes bless\u00e9es, ces personnes [&hellip;]<\/p>\n","protected":false},"author":2,"featured_media":0,"comment_status":"open","ping_status":"open","sticky":false,"template":"","format":"standard","meta":{"site-sidebar-layout":"default","site-content-layout":"","ast-site-content-layout":"default","site-content-style":"default","site-sidebar-style":"default","ast-global-header-display":"","ast-banner-title-visibility":"","ast-main-header-display":"","ast-hfb-above-header-display":"","ast-hfb-below-header-display":"","ast-hfb-mobile-header-display":"","site-post-title":"","ast-breadcrumbs-content":"","ast-featured-img":"","footer-sml-layout":"","ast-disable-related-posts":"","theme-transparent-header-meta":"","adv-header-id-meta":"","stick-header-meta":"","header-above-stick-meta":"","header-main-stick-meta":"","header-below-stick-meta":"","astra-migrate-meta-layouts":"default","ast-page-background-enabled":"default","ast-page-background-meta":{"desktop":{"background-color":"var(--ast-global-color-4)","background-image":"","background-repeat":"repeat","background-position":"center center","background-size":"auto","background-attachment":"scroll","background-type":"","background-media":"","overlay-type":"","overlay-color":"","overlay-opacity":"","overlay-gradient":""},"tablet":{"background-color":"","background-image":"","background-repeat":"repeat","background-position":"center center","background-size":"auto","background-attachment":"scroll","background-type":"","background-media":"","overlay-type":"","overlay-color":"","overlay-opacity":"","overlay-gradient":""},"mobile":{"background-color":"","background-image":"","background-repeat":"repeat","background-position":"center center","background-size":"auto","background-attachment":"scroll","background-type":"","background-media":"","overlay-type":"","overlay-color":"","overlay-opacity":"","overlay-gradient":""}},"ast-content-background-meta":{"desktop":{"background-color":"var(--ast-global-color-5)","background-image":"","background-repeat":"repeat","background-position":"center center","background-size":"auto","background-attachment":"scroll","background-type":"","background-media":"","overlay-type":"","overlay-color":"","overlay-opacity":"","overlay-gradient":""},"tablet":{"background-color":"var(--ast-global-color-5)","background-image":"","background-repeat":"repeat","background-position":"center center","background-size":"auto","background-attachment":"scroll","background-type":"","background-media":"","overlay-type":"","overlay-color":"","overlay-opacity":"","overlay-gradient":""},"mobile":{"background-color":"var(--ast-global-color-5)","background-image":"","background-repeat":"repeat","background-position":"center center","background-size":"auto","background-attachment":"scroll","background-type":"","background-media":"","overlay-type":"","overlay-color":"","overlay-opacity":"","overlay-gradient":""}},"footnotes":""},"categories":[3],"tags":[254,256,258,257,252,255,253],"class_list":["post-1690","post","type-post","status-publish","format-standard","hentry","category-actualites","tag-attentat-terroriste","tag-attentats-paris","tag-fgti","tag-fonds-de-garantie-des-victimes-des-actes-de-terrorisme","tag-indemnisation","tag-pray-for-paris","tag-victimes-dattentat-terroriste"],"_links":{"self":[{"href":"https:\/\/www.npsconsulting-avocats.fr\/NPS\/wp-json\/wp\/v2\/posts\/1690","targetHints":{"allow":["GET"]}}],"collection":[{"href":"https:\/\/www.npsconsulting-avocats.fr\/NPS\/wp-json\/wp\/v2\/posts"}],"about":[{"href":"https:\/\/www.npsconsulting-avocats.fr\/NPS\/wp-json\/wp\/v2\/types\/post"}],"author":[{"embeddable":true,"href":"https:\/\/www.npsconsulting-avocats.fr\/NPS\/wp-json\/wp\/v2\/users\/2"}],"replies":[{"embeddable":true,"href":"https:\/\/www.npsconsulting-avocats.fr\/NPS\/wp-json\/wp\/v2\/comments?post=1690"}],"version-history":[{"count":1,"href":"https:\/\/www.npsconsulting-avocats.fr\/NPS\/wp-json\/wp\/v2\/posts\/1690\/revisions"}],"predecessor-version":[{"id":1691,"href":"https:\/\/www.npsconsulting-avocats.fr\/NPS\/wp-json\/wp\/v2\/posts\/1690\/revisions\/1691"}],"wp:attachment":[{"href":"https:\/\/www.npsconsulting-avocats.fr\/NPS\/wp-json\/wp\/v2\/media?parent=1690"}],"wp:term":[{"taxonomy":"category","embeddable":true,"href":"https:\/\/www.npsconsulting-avocats.fr\/NPS\/wp-json\/wp\/v2\/categories?post=1690"},{"taxonomy":"post_tag","embeddable":true,"href":"https:\/\/www.npsconsulting-avocats.fr\/NPS\/wp-json\/wp\/v2\/tags?post=1690"}],"curies":[{"name":"wp","href":"https:\/\/api.w.org\/{rel}","templated":true}]}}