{"id":1669,"date":"2015-11-03T10:16:02","date_gmt":"2015-11-03T08:16:02","guid":{"rendered":"http:\/\/www.npsconsulting-avocats.fr\/NPS\/?p=1669"},"modified":"2015-11-03T16:46:49","modified_gmt":"2015-11-03T14:46:49","slug":"formation-creer-et-gerer-son-associations-lyon-20-nov-2015","status":"publish","type":"post","link":"https:\/\/www.npsconsulting-avocats.fr\/NPS\/formation-creer-et-gerer-son-associations-lyon-20-nov-2015\/","title":{"rendered":"FORMATION : Cr\u00e9er et g\u00e9rer son association (Lyon, 20 nov. 2015)"},"content":{"rendered":"<div class=\"contenu\">\n<p>Le vendredi 20 novembre 2015 aura lieu \u00e0 LYON une formation Atelier-D\u00e9bat ISBL CONSULTANTS intitul\u00e9e : \u00ab\u00a0Cr\u00e9er et g\u00e9rer son association\u00a0\u00bb.<\/p>\n<p>Cette formation est organis\u00e9e en partenariat avec la <a href=\"http:\/\/www.wkf.fr\/fiche-produit\/editions-lamy\/secteur-public-associations\/302-lamy-associations.html\">Soci\u00e9t\u00e9 d\u2019\u00e9ditions Wolters-Kluwer Lamy Associations<\/a>.<\/p>\n<p>R\u00e9servez d\u00e8s maintenant votre Atelier-D\u00e9bat (programme et<a href=\"http:\/\/www.isbl-consultants.com\/user_files\/\/bulletin_dinscription_-_20112015.pdf\"> bulletin d\u2019inscription<\/a> ci-joints).<\/p>\n<hr \/>\n<p><strong>Intervenant<\/strong> : Colas AMBLARD, Docteur en droit, avocat associ\u00e9, Soci\u00e9t\u00e9 d\u2019avocats NPS CONSULTING, Directeur des Publications ISBL CONSULTANTS.<\/p>\n<p><strong>Objectifs:<\/strong><\/p>\n<ul>\n<li>S\u2019initier aux modalit\u00e9s de cr\u00e9ation d\u2019une association sur le plan de son fonctionnement juridique<\/li>\n<li>Savoir optimiser la gestion quotidienne d\u2019une structure associative<\/li>\n<li>Pouvoir identifier les obligations de l\u2019association<\/li>\n<\/ul>\n<p><strong>Programme :<\/strong><\/p>\n<p><strong>Rappel des notions fondamentales<\/strong><\/p>\n<ul>\n<li>La libert\u00e9 d\u2019association<\/li>\n<li>Le principe de propri\u00e9t\u00e9 impartageable des b\u00e9n\u00e9fices<\/li>\n<li>La question de la d\u00e9mocratie<\/li>\n<\/ul>\n<p><strong>Identifier le projet et les valeurs de l\u2019association<\/strong><\/p>\n<ul>\n<li>Quel projet associatif\u00a0?<\/li>\n<li>De quels moyens dispose-t-on\u00a0?<\/li>\n<li>Quelles sont les valeurs poursuivies\u00a0?<\/li>\n<\/ul>\n<p><strong>Typologie des associations<\/strong><\/p>\n<ul>\n<li>L\u2019association loi 1901 \u00ab\u00a0classique\u00a0\u00bb<\/li>\n<li>L\u2019association reconnue d\u2019int\u00e9r\u00eat g\u00e9n\u00e9ral (CGI, art. 238 bis)<\/li>\n<li>L\u2019association reconnue d\u2019utilit\u00e9 publique<\/li>\n<li>L\u2019association exer\u00e7ant une activit\u00e9 r\u00e9glement\u00e9e<\/li>\n<li>L\u2019association \u00e0 caract\u00e8re \u00e9conomique<\/li>\n<\/ul>\n<p><strong>R\u00e9diger les actes constitutifs de l\u2019association<\/strong><\/p>\n<ul>\n<li><strong>\u00a0<\/strong>La charte \u00e9thique<\/li>\n<li>Les statuts<\/li>\n<li>Le r\u00e8glement int\u00e9rieur<\/li>\n<\/ul>\n<p><strong>Optimiser l\u2019organisation interne de l\u2019association<\/strong><\/p>\n<ul>\n<li>Objet statutaire<\/li>\n<li>Gouvernance (assembl\u00e9e g\u00e9n\u00e9rale, conseil d\u2019administration, bureau, autres\u2026)<\/li>\n<li>Ressources publiques et priv\u00e9es<\/li>\n<\/ul>\n<p><strong>Public<\/strong>:\u00a0porteurs de projets associatifs \u2013 consultants \u2013 directeurs et salari\u00e9s d\u2019association \u2013 \u00e9lus associatifs \u2013 \u00e9lus de collectivit\u00e9s territoriales<\/p>\n<\/div>\n<p>Pour s&rsquo;inscrire : <a href=\"http:\/\/www.isbl-consultants.fr\/formation._optimisez_le_regime_fiscal_des_associa_s44a.html?PHPSESSID=57bffcf337a1c273e1b4c9c567aa3860\">cliquez ici<\/a><\/p>\n","protected":false},"excerpt":{"rendered":"<p>Le vendredi 20 novembre 2015 aura lieu \u00e0 LYON une formation Atelier-D\u00e9bat ISBL CONSULTANTS intitul\u00e9e : \u00ab\u00a0Cr\u00e9er et g\u00e9rer son association\u00a0\u00bb. Cette formation est organis\u00e9e en partenariat avec la Soci\u00e9t\u00e9 d\u2019\u00e9ditions Wolters-Kluwer Lamy Associations. R\u00e9servez d\u00e8s maintenant votre Atelier-D\u00e9bat (programme et bulletin d\u2019inscription ci-joints). Intervenant : Colas AMBLARD, Docteur en droit, avocat associ\u00e9, Soci\u00e9t\u00e9 d\u2019avocats [&hellip;]<\/p>\n","protected":false},"author":2,"featured_media":0,"comment_status":"open","ping_status":"open","sticky":false,"template":"","format":"standard","meta":{"site-sidebar-layout":"default","site-content-layout":"","ast-site-content-layout":"default","site-content-style":"default","site-sidebar-style":"default","ast-global-header-display":"","ast-banner-title-visibility":"","ast-main-header-display":"","ast-hfb-above-header-display":"","ast-hfb-below-header-display":"","ast-hfb-mobile-header-display":"","site-post-title":"","ast-breadcrumbs-content":"","ast-featured-img":"","footer-sml-layout":"","ast-disable-related-posts":"","theme-transparent-header-meta":"","adv-header-id-meta":"","stick-header-meta":"","header-above-stick-meta":"","header-main-stick-meta":"","header-below-stick-meta":"","astra-migrate-meta-layouts":"default","ast-page-background-enabled":"default","ast-page-background-meta":{"desktop":{"background-color":"var(--ast-global-color-4)","background-image":"","background-repeat":"repeat","background-position":"center center","background-size":"auto","background-attachment":"scroll","background-type":"","background-media":"","overlay-type":"","overlay-color":"","overlay-opacity":"","overlay-gradient":""},"tablet":{"background-color":"","background-image":"","background-repeat":"repeat","background-position":"center center","background-size":"auto","background-attachment":"scroll","background-type":"","background-media":"","overlay-type":"","overlay-color":"","overlay-opacity":"","overlay-gradient":""},"mobile":{"background-color":"","background-image":"","background-repeat":"repeat","background-position":"center center","background-size":"auto","background-attachment":"scroll","background-type":"","background-media":"","overlay-type":"","overlay-color":"","overlay-opacity":"","overlay-gradient":""}},"ast-content-background-meta":{"desktop":{"background-color":"var(--ast-global-color-5)","background-image":"","background-repeat":"repeat","background-position":"center center","background-size":"auto","background-attachment":"scroll","background-type":"","background-media":"","overlay-type":"","overlay-color":"","overlay-opacity":"","overlay-gradient":""},"tablet":{"background-color":"var(--ast-global-color-5)","background-image":"","background-repeat":"repeat","background-position":"center center","background-size":"auto","background-attachment":"scroll","background-type":"","background-media":"","overlay-type":"","overlay-color":"","overlay-opacity":"","overlay-gradient":""},"mobile":{"background-color":"var(--ast-global-color-5)","background-image":"","background-repeat":"repeat","background-position":"center center","background-size":"auto","background-attachment":"scroll","background-type":"","background-media":"","overlay-type":"","overlay-color":"","overlay-opacity":"","overlay-gradient":""}},"footnotes":""},"categories":[105],"tags":[10,138,15,77],"class_list":["post-1669","post","type-post","status-publish","format-standard","hentry","category-formation-2","tag-association","tag-droit-des-associations","tag-economie-sociale-et-solidaire","tag-isbl-consultants"],"_links":{"self":[{"href":"https:\/\/www.npsconsulting-avocats.fr\/NPS\/wp-json\/wp\/v2\/posts\/1669","targetHints":{"allow":["GET"]}}],"collection":[{"href":"https:\/\/www.npsconsulting-avocats.fr\/NPS\/wp-json\/wp\/v2\/posts"}],"about":[{"href":"https:\/\/www.npsconsulting-avocats.fr\/NPS\/wp-json\/wp\/v2\/types\/post"}],"author":[{"embeddable":true,"href":"https:\/\/www.npsconsulting-avocats.fr\/NPS\/wp-json\/wp\/v2\/users\/2"}],"replies":[{"embeddable":true,"href":"https:\/\/www.npsconsulting-avocats.fr\/NPS\/wp-json\/wp\/v2\/comments?post=1669"}],"version-history":[{"count":2,"href":"https:\/\/www.npsconsulting-avocats.fr\/NPS\/wp-json\/wp\/v2\/posts\/1669\/revisions"}],"predecessor-version":[{"id":1671,"href":"https:\/\/www.npsconsulting-avocats.fr\/NPS\/wp-json\/wp\/v2\/posts\/1669\/revisions\/1671"}],"wp:attachment":[{"href":"https:\/\/www.npsconsulting-avocats.fr\/NPS\/wp-json\/wp\/v2\/media?parent=1669"}],"wp:term":[{"taxonomy":"category","embeddable":true,"href":"https:\/\/www.npsconsulting-avocats.fr\/NPS\/wp-json\/wp\/v2\/categories?post=1669"},{"taxonomy":"post_tag","embeddable":true,"href":"https:\/\/www.npsconsulting-avocats.fr\/NPS\/wp-json\/wp\/v2\/tags?post=1669"}],"curies":[{"name":"wp","href":"https:\/\/api.w.org\/{rel}","templated":true}]}}