{"id":1575,"date":"2015-06-30T14:29:21","date_gmt":"2015-06-30T12:29:21","guid":{"rendered":"http:\/\/www.npsconsulting-avocats.fr\/NPS\/?p=1575"},"modified":"2015-10-06T16:14:47","modified_gmt":"2015-10-06T14:14:47","slug":"le-role-des-fondations-et-fonds-de-dotation-dans-la-transmission-dentreprise-vers-un-renouveau-du-capitalisme-en-france","status":"publish","type":"post","link":"https:\/\/www.npsconsulting-avocats.fr\/NPS\/le-role-des-fondations-et-fonds-de-dotation-dans-la-transmission-dentreprise-vers-un-renouveau-du-capitalisme-en-france\/","title":{"rendered":"Le r\u00f4le des fondations et fonds de dotation dans la transmission d&rsquo;entreprise : vers un renouveau du capitalisme en France ?"},"content":{"rendered":"<p style=\"text-align: center;\"><strong>\u00a0<\/strong><\/p>\n<p style=\"text-align: center;\"><strong>Retrouvez le nouvel article de Me Colas AMBLARD publi\u00e9 aux Editions Lamy Associations, Bulletin d&rsquo;actualit\u00e9s, n\u00b0238, juin 2015.<\/strong><\/p>\n<p><!--more--><\/p>\n<p><em>En France, entre 700.000 et 900.000 entreprises devraient changer de main \u00e0 l\u2019horizon 2020<a href=\"#_ftn1\" name=\"_ftnref1\">[1]<\/a>. La loi du 31 juillet 2014 relative \u00e0 l\u2019Economie Sociale et Solidaire<a href=\"#_ftn2\" name=\"_ftnref2\">[2]<\/a> a r\u00e9cemment mis en avant le r\u00f4le des salari\u00e9s dans la reprise d\u2019entreprise en promouvant la formule des SCOP d\u2019amor\u00e7age. Moins connu en France, le recours \u00e0 une fondation ou un fonds de dotation \u00ab\u00a0actionnaire\u00a0\u00bb peut \u00e9galement d\u00e9boucher sur un mod\u00e8le de reprise doublement vertueux\u00a0: prot\u00e9ger le capital des entreprises et d\u00e9ployer de nouvelles sources de financement des activit\u00e9s d\u2019int\u00e9r\u00eat g\u00e9n\u00e9ral.<\/em><\/p>\n<p>&nbsp;<\/p>\n<p><a href=\"#_ftnref1\" name=\"_ftn1\">[1]<\/a> G. Ferrero et A. De Loubens, Faut-il favoriser la transmission d\u2019entreprise \u00e0 la famille ou aux salari\u00e9s\u00a0? Les Cahiers de la DG du Tr\u00e9sor, n\u00b02013-06, p. 6, note 3<\/p>\n<p><a href=\"#_ftnref2\" name=\"_ftn2\">[2]<\/a> L. 2014-856 du 31 juill. 2014 relative \u00e0 l\u2019Economie Sociale et Solidaire (JO du 1<sup>er<\/sup> ao\u00fbt)<\/p>\n<p><em>(&#8230;)<\/em><\/p>\n<p>Pour t\u00e9l\u00e9charger l&rsquo;article : <a href=\"http:\/\/www.isbl-consultants.fr\/le_role_des_fonda_s_et_fonds_de_dotation_dans_la_transmission_dentreprise_vers_un_renouveau_du_capitalisme_en_france_.html\">cliquez ici<\/a><\/p>\n","protected":false},"excerpt":{"rendered":"<p>\u00a0 Retrouvez le nouvel article de Me Colas AMBLARD publi\u00e9 aux Editions Lamy Associations, Bulletin d&rsquo;actualit\u00e9s, n\u00b0238, juin 2015.<\/p>\n","protected":false},"author":2,"featured_media":0,"comment_status":"open","ping_status":"open","sticky":false,"template":"","format":"standard","meta":{"site-sidebar-layout":"default","site-content-layout":"","ast-site-content-layout":"default","site-content-style":"default","site-sidebar-style":"default","ast-global-header-display":"","ast-banner-title-visibility":"","ast-main-header-display":"","ast-hfb-above-header-display":"","ast-hfb-below-header-display":"","ast-hfb-mobile-header-display":"","site-post-title":"","ast-breadcrumbs-content":"","ast-featured-img":"","footer-sml-layout":"","ast-disable-related-posts":"","theme-transparent-header-meta":"","adv-header-id-meta":"","stick-header-meta":"","header-above-stick-meta":"","header-main-stick-meta":"","header-below-stick-meta":"","astra-migrate-meta-layouts":"default","ast-page-background-enabled":"default","ast-page-background-meta":{"desktop":{"background-color":"var(--ast-global-color-4)","background-image":"","background-repeat":"repeat","background-position":"center center","background-size":"auto","background-attachment":"scroll","background-type":"","background-media":"","overlay-type":"","overlay-color":"","overlay-opacity":"","overlay-gradient":""},"tablet":{"background-color":"","background-image":"","background-repeat":"repeat","background-position":"center center","background-size":"auto","background-attachment":"scroll","background-type":"","background-media":"","overlay-type":"","overlay-color":"","overlay-opacity":"","overlay-gradient":""},"mobile":{"background-color":"","background-image":"","background-repeat":"repeat","background-position":"center center","background-size":"auto","background-attachment":"scroll","background-type":"","background-media":"","overlay-type":"","overlay-color":"","overlay-opacity":"","overlay-gradient":""}},"ast-content-background-meta":{"desktop":{"background-color":"var(--ast-global-color-5)","background-image":"","background-repeat":"repeat","background-position":"center center","background-size":"auto","background-attachment":"scroll","background-type":"","background-media":"","overlay-type":"","overlay-color":"","overlay-opacity":"","overlay-gradient":""},"tablet":{"background-color":"var(--ast-global-color-5)","background-image":"","background-repeat":"repeat","background-position":"center center","background-size":"auto","background-attachment":"scroll","background-type":"","background-media":"","overlay-type":"","overlay-color":"","overlay-opacity":"","overlay-gradient":""},"mobile":{"background-color":"var(--ast-global-color-5)","background-image":"","background-repeat":"repeat","background-position":"center center","background-size":"auto","background-attachment":"scroll","background-type":"","background-media":"","overlay-type":"","overlay-color":"","overlay-opacity":"","overlay-gradient":""}},"footnotes":""},"categories":[124],"tags":[146,204,43,205,203,199,79,200,133,42,210,202,209,208,206,207,201],"class_list":["post-1575","post","type-post","status-publish","format-standard","hentry","category-communique-de-presse","tag-avocat-et-fonds-de-dotation","tag-capitalisme-philanthropique","tag-colas-amblard","tag-entrepreneuriat-social","tag-fondations-actionnaires","tag-fondations-reconnues-dutilite-publique","tag-fonds-de-dotation","tag-frup","tag-institutions-sans-but-lucratif","tag-isbl","tag-karl-marx","tag-loi-hamon-du-31-juillet-2014","tag-loi-macron","tag-reprise-des-entreprises-par-leurs-salaries","tag-scop","tag-scop-damorcage","tag-transmission-dentreprise"],"_links":{"self":[{"href":"https:\/\/www.npsconsulting-avocats.fr\/NPS\/wp-json\/wp\/v2\/posts\/1575","targetHints":{"allow":["GET"]}}],"collection":[{"href":"https:\/\/www.npsconsulting-avocats.fr\/NPS\/wp-json\/wp\/v2\/posts"}],"about":[{"href":"https:\/\/www.npsconsulting-avocats.fr\/NPS\/wp-json\/wp\/v2\/types\/post"}],"author":[{"embeddable":true,"href":"https:\/\/www.npsconsulting-avocats.fr\/NPS\/wp-json\/wp\/v2\/users\/2"}],"replies":[{"embeddable":true,"href":"https:\/\/www.npsconsulting-avocats.fr\/NPS\/wp-json\/wp\/v2\/comments?post=1575"}],"version-history":[{"count":8,"href":"https:\/\/www.npsconsulting-avocats.fr\/NPS\/wp-json\/wp\/v2\/posts\/1575\/revisions"}],"predecessor-version":[{"id":1646,"href":"https:\/\/www.npsconsulting-avocats.fr\/NPS\/wp-json\/wp\/v2\/posts\/1575\/revisions\/1646"}],"wp:attachment":[{"href":"https:\/\/www.npsconsulting-avocats.fr\/NPS\/wp-json\/wp\/v2\/media?parent=1575"}],"wp:term":[{"taxonomy":"category","embeddable":true,"href":"https:\/\/www.npsconsulting-avocats.fr\/NPS\/wp-json\/wp\/v2\/categories?post=1575"},{"taxonomy":"post_tag","embeddable":true,"href":"https:\/\/www.npsconsulting-avocats.fr\/NPS\/wp-json\/wp\/v2\/tags?post=1575"}],"curies":[{"name":"wp","href":"https:\/\/api.w.org\/{rel}","templated":true}]}}