{"id":1446,"date":"2015-02-04T12:40:40","date_gmt":"2015-02-04T10:40:40","guid":{"rendered":"http:\/\/www.npsconsulting-avocats.fr\/NPS\/?p=1446"},"modified":"2015-02-23T16:05:08","modified_gmt":"2015-02-23T14:05:08","slug":"formation-12-decembre-2014-secteur-associatif-comment-anticiper-les-changements-decoulant-de-la-loi-deconomie-sociale-et-solidaire","status":"publish","type":"post","link":"https:\/\/www.npsconsulting-avocats.fr\/NPS\/formation-12-decembre-2014-secteur-associatif-comment-anticiper-les-changements-decoulant-de-la-loi-deconomie-sociale-et-solidaire\/","title":{"rendered":"Formation 04 f\u00e9vrier 2015 &#8211; Secteur associatif : comment anticiper les changements d\u00e9coulant de la loi d&rsquo;\u00e9conomie sociale et solidaire?"},"content":{"rendered":"<div class=\"bande-titre\">\n<h1>NOUVELLE SESSION. Secteur associatif : comment anticiper les changements d\u00e9coulant de la loi d&rsquo;\u00e9conomie sociale et solidaire?<\/h1>\n<\/div>\n<div class=\"contenu\">\n<p>Le\u00a0jeudi 04 f\u00e9vrier 2015 a eu lieu \u00e0 LYON une formation Atelier-D\u00e9bat ISBL CONSULTANTS intitul\u00e9e : \u00ab\u00a0<em>Secteur associatif : comment anticiper les changements d\u00e9coulant de la loi d&rsquo;\u00e9conomie sociale et solidaire?\u00a0\u00bb<\/em><\/p>\n<p>Cette formation est organis\u00e9e en partenariat avec la Soci\u00e9t\u00e9 d\u2019\u00e9ditions Wolters-Kluwer Lamy Associations.<\/p>\n<hr \/>\n<p>&nbsp;<\/p>\n<p><strong><strong>Intervenant :<\/strong>\u00a0<\/strong><a href=\"http:\/\/www.isbl-consultants.com\/equip_10.html\" target=\"_blank\">Colas AMBLARD<\/a>\u00a0Avocat associ\u00e9 du Cabinet NPS<em> consulting<\/em>,<em>\u00a0<\/em>Docteur en droit, charg\u00e9 d\u2019enseignement au sein de l\u2019Universit\u00e9 Jean Moulin Lyon III.\u00a0Sp\u00e9cialis\u00e9 dans toutes les\u00a0questions li\u00e9es au droit et \u00e0 la fiscalit\u00e9 des organismes sans but lucratif depuis 15 ans. Membre du Comit\u00e9 scientifique de l\u2019ADDES. Directeur des publications au sein d\u2019ISBL consultants. Auteur de nombreux articles sur la loi d\u2019\u00c9conomie sociale et solidaire aux \u00c9ditions Joris-Associations (Dalloz), Territorial et Lamy Associations.<\/p>\n<p>&nbsp;<\/p>\n<p><strong>Programme :<\/strong>\u00a0P\u00e9rim\u00e8tre de la loi d\u2019ESS, champ d\u2019application de la loi\u00a0(typologie d\u2019associations concern\u00e9es \u2013 articulation avec la loi 1901), changements institutionnels, d\u00e9finition l\u00e9gale de la subvention et cons\u00e9quences pour le secteur associatif, r\u00e9forme des modes de restructuration\u00a0: fusion, scission et apports partiels d\u2019actifs (proc\u00e9dure \u00e0 suivre \u2013 recours aux commissaires aux apports- date de prise d\u2019effet juridique \u2013 sort des autorisations administratives, agr\u00e9ments et habilitations \u2013 r\u00e8gles sp\u00e9cifiques applicables en mati\u00e8re de fermeture des \u00e9tablissements sociaux et m\u00e9dico-sociaux), agr\u00e9ment \u00ab<em>\u00a0entreprises solidaires d\u2019utilit\u00e9 sociale<\/em>\u00a0\u00bb, prise en compte de crit\u00e8res sociaux dans le processus de commande publique, d\u00e9finition de la notion d\u2019innovation sociale, modification du r\u00e9gime juridique du titre associatif, capacit\u00e9 des associations reconnues d\u2019int\u00e9r\u00eat g\u00e9n\u00e9ral \u00e0 recevoir des lib\u00e9ralit\u00e9s, nouvelle capacit\u00e9 juridique des associations RUP, modification du r\u00e9gime juridique des fonds de dotation.<\/p>\n<p>Nombre de places limit\u00e9.<\/p>\n<p>Pour r\u00e9server son inscription : <a title=\"cliquez ici\" href=\"http:\/\/www.isbl-consultants.fr\/formation_atelierdebat_isbl_consultants_secteur_associatif_comment_anticiper_les_changements_decoulant_de_la_loi_deconomie_sociale_et_solidaire_.html;\">cliquez ici<\/a><\/p>\n<\/div>\n","protected":false},"excerpt":{"rendered":"<p>NOUVELLE SESSION. Secteur associatif : comment anticiper les changements d\u00e9coulant de la loi d&rsquo;\u00e9conomie sociale et solidaire? Le\u00a0jeudi 04 f\u00e9vrier 2015 a eu lieu \u00e0 LYON une formation Atelier-D\u00e9bat ISBL CONSULTANTS intitul\u00e9e : \u00ab\u00a0Secteur associatif : comment anticiper les changements d\u00e9coulant de la loi d&rsquo;\u00e9conomie sociale et solidaire?\u00a0\u00bb Cette formation est organis\u00e9e en partenariat avec [&hellip;]<\/p>\n","protected":false},"author":2,"featured_media":0,"comment_status":"open","ping_status":"open","sticky":false,"template":"","format":"standard","meta":{"site-sidebar-layout":"default","site-content-layout":"","ast-site-content-layout":"default","site-content-style":"default","site-sidebar-style":"default","ast-global-header-display":"","ast-banner-title-visibility":"","ast-main-header-display":"","ast-hfb-above-header-display":"","ast-hfb-below-header-display":"","ast-hfb-mobile-header-display":"","site-post-title":"","ast-breadcrumbs-content":"","ast-featured-img":"","footer-sml-layout":"","ast-disable-related-posts":"","theme-transparent-header-meta":"","adv-header-id-meta":"","stick-header-meta":"","header-above-stick-meta":"","header-main-stick-meta":"","header-below-stick-meta":"","astra-migrate-meta-layouts":"default","ast-page-background-enabled":"default","ast-page-background-meta":{"desktop":{"background-color":"var(--ast-global-color-4)","background-image":"","background-repeat":"repeat","background-position":"center center","background-size":"auto","background-attachment":"scroll","background-type":"","background-media":"","overlay-type":"","overlay-color":"","overlay-opacity":"","overlay-gradient":""},"tablet":{"background-color":"","background-image":"","background-repeat":"repeat","background-position":"center center","background-size":"auto","background-attachment":"scroll","background-type":"","background-media":"","overlay-type":"","overlay-color":"","overlay-opacity":"","overlay-gradient":""},"mobile":{"background-color":"","background-image":"","background-repeat":"repeat","background-position":"center center","background-size":"auto","background-attachment":"scroll","background-type":"","background-media":"","overlay-type":"","overlay-color":"","overlay-opacity":"","overlay-gradient":""}},"ast-content-background-meta":{"desktop":{"background-color":"var(--ast-global-color-5)","background-image":"","background-repeat":"repeat","background-position":"center center","background-size":"auto","background-attachment":"scroll","background-type":"","background-media":"","overlay-type":"","overlay-color":"","overlay-opacity":"","overlay-gradient":""},"tablet":{"background-color":"var(--ast-global-color-5)","background-image":"","background-repeat":"repeat","background-position":"center center","background-size":"auto","background-attachment":"scroll","background-type":"","background-media":"","overlay-type":"","overlay-color":"","overlay-opacity":"","overlay-gradient":""},"mobile":{"background-color":"var(--ast-global-color-5)","background-image":"","background-repeat":"repeat","background-position":"center center","background-size":"auto","background-attachment":"scroll","background-type":"","background-media":"","overlay-type":"","overlay-color":"","overlay-opacity":"","overlay-gradient":""}},"footnotes":""},"categories":[105],"tags":[137,22,138,15,78,79,114,121,21,14,107],"class_list":["post-1446","post","type-post","status-publish","format-standard","hentry","category-formation-2","tag-avocat-specialise-dans-le-secteur-associatif","tag-benoit-hamon","tag-droit-des-associations","tag-economie-sociale-et-solidaire","tag-fondation","tag-fonds-de-dotation","tag-fusion-dassociations","tag-loi-deconomie-sociale-et-solidaire","tag-loi-dess","tag-organisme-sans-but-lucratif","tag-www-isbl-consultants-fr"],"_links":{"self":[{"href":"https:\/\/www.npsconsulting-avocats.fr\/NPS\/wp-json\/wp\/v2\/posts\/1446","targetHints":{"allow":["GET"]}}],"collection":[{"href":"https:\/\/www.npsconsulting-avocats.fr\/NPS\/wp-json\/wp\/v2\/posts"}],"about":[{"href":"https:\/\/www.npsconsulting-avocats.fr\/NPS\/wp-json\/wp\/v2\/types\/post"}],"author":[{"embeddable":true,"href":"https:\/\/www.npsconsulting-avocats.fr\/NPS\/wp-json\/wp\/v2\/users\/2"}],"replies":[{"embeddable":true,"href":"https:\/\/www.npsconsulting-avocats.fr\/NPS\/wp-json\/wp\/v2\/comments?post=1446"}],"version-history":[{"count":5,"href":"https:\/\/www.npsconsulting-avocats.fr\/NPS\/wp-json\/wp\/v2\/posts\/1446\/revisions"}],"predecessor-version":[{"id":1474,"href":"https:\/\/www.npsconsulting-avocats.fr\/NPS\/wp-json\/wp\/v2\/posts\/1446\/revisions\/1474"}],"wp:attachment":[{"href":"https:\/\/www.npsconsulting-avocats.fr\/NPS\/wp-json\/wp\/v2\/media?parent=1446"}],"wp:term":[{"taxonomy":"category","embeddable":true,"href":"https:\/\/www.npsconsulting-avocats.fr\/NPS\/wp-json\/wp\/v2\/categories?post=1446"},{"taxonomy":"post_tag","embeddable":true,"href":"https:\/\/www.npsconsulting-avocats.fr\/NPS\/wp-json\/wp\/v2\/tags?post=1446"}],"curies":[{"name":"wp","href":"https:\/\/api.w.org\/{rel}","templated":true}]}}