{"id":1432,"date":"2014-11-15T12:33:48","date_gmt":"2014-11-15T10:33:48","guid":{"rendered":"http:\/\/www.npsconsulting-avocats.fr\/NPS\/?p=1432"},"modified":"2015-02-23T16:16:02","modified_gmt":"2015-02-23T14:16:02","slug":"retrouvez-le-prochain-article-de-colas-amblard-sur-les-ptce-juris-associations-15-nov-2014-n508","status":"publish","type":"post","link":"https:\/\/www.npsconsulting-avocats.fr\/NPS\/retrouvez-le-prochain-article-de-colas-amblard-sur-les-ptce-juris-associations-15-nov-2014-n508\/","title":{"rendered":"Parution de l&rsquo;article de Colas Amblard sur les PTCE (Juris Associations, 15 nov. 2014, n\u00b0508)"},"content":{"rendered":"<p style=\"text-align: center;\"><strong>ECONOMIE SOCIALE ET SOLIDAIRE<\/strong><\/p>\n<p style=\"text-align: center;\"><strong>PTCE : UNE FORMIDABLE AVENTURE COMMENCE<\/strong><\/p>\n<p>&nbsp;<\/p>\n<p>Initi\u00e9s par la loi d\u2019\u00c9conomie sociale et solidaire du 31 juillet 2014, les p\u00f4les territoriaux de coop\u00e9ration \u00e9conomique (PTCE)s&rsquo;annoncent comme une formidable aventure collaborative. Certaines \u00e9tapes devront n\u00e9anmoins \u00eatre franchies pour p\u00e9renniser la d\u00e9marche.<\/p>\n<p><!--more--><\/p>\n<p>L&rsquo;essentiel de l&rsquo;article de Colas Amblard paru aux \u00e9ditions Juris-Associations (Dalloz) dans le n\u00b0508 du 15 novembre 2014 :<\/p>\n<ul>\n<li>La notion de p\u00f4les territoriaux de coop\u00e9ration \u00e9conomique a l\u00e9galement \u00e9t\u00e9 d\u00e9finie par la loi relative \u00e0 l&rsquo;ESS<\/li>\n<\/ul>\n<ul>\n<li>L&rsquo;objectif de ces p\u00f4les est d&rsquo;enclencher des dynamiques de coop\u00e9ration ou de mutualisation sur un territoire donn\u00e9 au service de projets relevant du domaine de l&rsquo;ESS<\/li>\n<\/ul>\n<ul>\n<li>La phase concr\u00e8te de production et d&rsquo;exp\u00e9rimentation n\u00e9cessite toutefois de r\u00e9soudre en amont le probl\u00e8me du financement des PTCE<\/li>\n<\/ul>\n<p>Pour t\u00e9l\u00e9charger l&rsquo;article : <a href=\"http:\/\/www.npsconsulting-avocats.fr\/NPS\/wp-content\/uploads\/2014\/10\/article_JA_PTCE.pdf\">Cliquez ici<\/a><\/p>\n<p>&nbsp;<\/p>\n","protected":false},"excerpt":{"rendered":"<p>ECONOMIE SOCIALE ET SOLIDAIRE PTCE : UNE FORMIDABLE AVENTURE COMMENCE &nbsp; Initi\u00e9s par la loi d\u2019\u00c9conomie sociale et solidaire du 31 juillet 2014, les p\u00f4les territoriaux de coop\u00e9ration \u00e9conomique (PTCE)s&rsquo;annoncent comme une formidable aventure collaborative. Certaines \u00e9tapes devront n\u00e9anmoins \u00eatre franchies pour p\u00e9renniser la d\u00e9marche.<\/p>\n","protected":false},"author":2,"featured_media":0,"comment_status":"open","ping_status":"open","sticky":false,"template":"","format":"standard","meta":{"site-sidebar-layout":"default","site-content-layout":"","ast-site-content-layout":"default","site-content-style":"default","site-sidebar-style":"default","ast-global-header-display":"","ast-banner-title-visibility":"","ast-main-header-display":"","ast-hfb-above-header-display":"","ast-hfb-below-header-display":"","ast-hfb-mobile-header-display":"","site-post-title":"","ast-breadcrumbs-content":"","ast-featured-img":"","footer-sml-layout":"","ast-disable-related-posts":"","theme-transparent-header-meta":"","adv-header-id-meta":"","stick-header-meta":"","header-above-stick-meta":"","header-main-stick-meta":"","header-below-stick-meta":"","astra-migrate-meta-layouts":"default","ast-page-background-enabled":"default","ast-page-background-meta":{"desktop":{"background-color":"var(--ast-global-color-4)","background-image":"","background-repeat":"repeat","background-position":"center center","background-size":"auto","background-attachment":"scroll","background-type":"","background-media":"","overlay-type":"","overlay-color":"","overlay-opacity":"","overlay-gradient":""},"tablet":{"background-color":"","background-image":"","background-repeat":"repeat","background-position":"center center","background-size":"auto","background-attachment":"scroll","background-type":"","background-media":"","overlay-type":"","overlay-color":"","overlay-opacity":"","overlay-gradient":""},"mobile":{"background-color":"","background-image":"","background-repeat":"repeat","background-position":"center center","background-size":"auto","background-attachment":"scroll","background-type":"","background-media":"","overlay-type":"","overlay-color":"","overlay-opacity":"","overlay-gradient":""}},"ast-content-background-meta":{"desktop":{"background-color":"var(--ast-global-color-5)","background-image":"","background-repeat":"repeat","background-position":"center center","background-size":"auto","background-attachment":"scroll","background-type":"","background-media":"","overlay-type":"","overlay-color":"","overlay-opacity":"","overlay-gradient":""},"tablet":{"background-color":"var(--ast-global-color-5)","background-image":"","background-repeat":"repeat","background-position":"center center","background-size":"auto","background-attachment":"scroll","background-type":"","background-media":"","overlay-type":"","overlay-color":"","overlay-opacity":"","overlay-gradient":""},"mobile":{"background-color":"var(--ast-global-color-5)","background-image":"","background-repeat":"repeat","background-position":"center center","background-size":"auto","background-attachment":"scroll","background-type":"","background-media":"","overlay-type":"","overlay-color":"","overlay-opacity":"","overlay-gradient":""}},"footnotes":""},"categories":[124],"tags":[179,43,161,160,121,155,188],"class_list":["post-1432","post","type-post","status-publish","format-standard","hentry","category-communique-de-presse","tag-avocat-et-loi-deconomie-sociale-et-solidaire","tag-colas-amblard","tag-dalloz","tag-juris-associations","tag-loi-deconomie-sociale-et-solidaire","tag-poles-territoriaux-de-cooperation-economique","tag-ptce"],"_links":{"self":[{"href":"https:\/\/www.npsconsulting-avocats.fr\/NPS\/wp-json\/wp\/v2\/posts\/1432","targetHints":{"allow":["GET"]}}],"collection":[{"href":"https:\/\/www.npsconsulting-avocats.fr\/NPS\/wp-json\/wp\/v2\/posts"}],"about":[{"href":"https:\/\/www.npsconsulting-avocats.fr\/NPS\/wp-json\/wp\/v2\/types\/post"}],"author":[{"embeddable":true,"href":"https:\/\/www.npsconsulting-avocats.fr\/NPS\/wp-json\/wp\/v2\/users\/2"}],"replies":[{"embeddable":true,"href":"https:\/\/www.npsconsulting-avocats.fr\/NPS\/wp-json\/wp\/v2\/comments?post=1432"}],"version-history":[{"count":7,"href":"https:\/\/www.npsconsulting-avocats.fr\/NPS\/wp-json\/wp\/v2\/posts\/1432\/revisions"}],"predecessor-version":[{"id":1483,"href":"https:\/\/www.npsconsulting-avocats.fr\/NPS\/wp-json\/wp\/v2\/posts\/1432\/revisions\/1483"}],"wp:attachment":[{"href":"https:\/\/www.npsconsulting-avocats.fr\/NPS\/wp-json\/wp\/v2\/media?parent=1432"}],"wp:term":[{"taxonomy":"category","embeddable":true,"href":"https:\/\/www.npsconsulting-avocats.fr\/NPS\/wp-json\/wp\/v2\/categories?post=1432"},{"taxonomy":"post_tag","embeddable":true,"href":"https:\/\/www.npsconsulting-avocats.fr\/NPS\/wp-json\/wp\/v2\/tags?post=1432"}],"curies":[{"name":"wp","href":"https:\/\/api.w.org\/{rel}","templated":true}]}}