{"id":1271,"date":"2014-07-08T11:09:03","date_gmt":"2014-07-08T09:09:03","guid":{"rendered":"http:\/\/www.npsconsulting-avocats.fr\/NPS\/?p=1271"},"modified":"2014-07-08T19:04:13","modified_gmt":"2014-07-08T17:04:13","slug":"secteur-associatif-comment-anticiper-les-changements-decoulant-de-la-loi-deconomie-sociale-et-solidaire","status":"publish","type":"post","link":"https:\/\/www.npsconsulting-avocats.fr\/NPS\/secteur-associatif-comment-anticiper-les-changements-decoulant-de-la-loi-deconomie-sociale-et-solidaire\/","title":{"rendered":"Formation \u00ab\u00a0Associations : comment anticiper les changements d\u00e9coulant de la loi d&rsquo;\u00e9conomie sociale et solidaire ?\u00a0\u00bb , Lyon 19 septembre 2014"},"content":{"rendered":"<p>Le 19 septembre 2014 aura lieu \u00e0 Lyon une formation Atelier-D\u00e9bat ISBL CONSULTANTS sur le th\u00e8me \u00ab\u00a0<em>Associations : comment anticiper les changements d\u00e9coulant de la loi d\u2019\u00c9conomie sociale et solidaire.<\/em>\u00a0\u00bb<\/p>\n<p><!--more--><\/p>\n<p>Cette formation est assur\u00e9e par Ma\u00eetre Colas AMBLARD, Docteur en droit, avocat au Barreau de Lyon. Il est l&rsquo;auteur de plusieurs articles sur la loi d&rsquo;ESS dans les revues Juris-associations et Lamy Associations et est intervenu sur ce th\u00e8me pour l&rsquo;ADDES &#8211; Fondation Cr\u00e9dit Coop\u00e9ratif (Paris, 17 juin 2014) et pour le Barreau de Lyon (Sainte Foy Les-Lyon, 04 juillet 2014).<\/p>\n<p>Th\u00e9matiques propos\u00e9es :<\/p>\n<p>&#8211; L&rsquo;ESS en chiffres<\/p>\n<p>&#8211; P\u00e9rim\u00e8tre Loi ESS\/ articulation Loi 1901<\/p>\n<p>&#8211; L&rsquo;ESS : quels int\u00e9r\u00eats pour les associations et les fondations ?<\/p>\n<p>&#8211; Les changements institutionnels (Chambre fran\u00e7aise de l&rsquo;ESS, CSESS, CRESS, DLA&#8230;)<\/p>\n<p>&#8211; D\u00e9finition l\u00e9gale de la notion de subvention\/ Achats socialement responsables (march\u00e9s publics)<\/p>\n<p>&#8211; Innovation sociale \/ Agr\u00e9ment entreprise sociale et solidaire<\/p>\n<p>&#8211; Renforcement des fonds propres (titre associatif, dons et legs)<\/p>\n<p>&#8211; R\u00e9gime juridique et fiscal des fusions, scissions et apports partiels d&rsquo;actif (A jour des instructions fiscales du 13 juin 2014)<\/p>\n<p>&#8211; Contrats d&rsquo;avenir\/VAE<\/p>\n<p>&#8211; Les mineurs dans les associations<\/p>\n<p>&#8211; Les changements en mati\u00e8re de fondations\/fonds de dotation\/m\u00e9c\u00e9nat<\/p>\n<p>La formation ISBL CONSULTANTS est organis\u00e9e en partenariat avec la Soci\u00e9t\u00e9 d&rsquo;\u00e9ditions Wolters-Kluwer Lamy associations.<\/p>\n<p>Nombre de places limit\u00e9.<\/p>\n<p>Pour r\u00e9server d\u00e8s maintenant votre Atelier-D\u00e9bat : <a title=\"cliquez ici\" href=\"http:\/\/www.isbl-consultants.fr\/formation_atelierdebat_isbl_consultants_secteur_associatif_comment_anticiper_les_changements_decoulant_de_la_loi_deconomie_sociale_et_solidaire_.html\">cliquez ici<\/a><\/p>\n<p>&nbsp;<\/p>\n","protected":false},"excerpt":{"rendered":"<p>Le 19 septembre 2014 aura lieu \u00e0 Lyon une formation Atelier-D\u00e9bat ISBL CONSULTANTS sur le th\u00e8me \u00ab\u00a0Associations : comment anticiper les changements d\u00e9coulant de la loi d\u2019\u00c9conomie sociale et solidaire.\u00a0\u00bb<\/p>\n","protected":false},"author":2,"featured_media":0,"comment_status":"open","ping_status":"open","sticky":false,"template":"","format":"standard","meta":{"site-sidebar-layout":"default","site-content-layout":"","ast-site-content-layout":"default","site-content-style":"default","site-sidebar-style":"default","ast-global-header-display":"","ast-banner-title-visibility":"","ast-main-header-display":"","ast-hfb-above-header-display":"","ast-hfb-below-header-display":"","ast-hfb-mobile-header-display":"","site-post-title":"","ast-breadcrumbs-content":"","ast-featured-img":"","footer-sml-layout":"","ast-disable-related-posts":"","theme-transparent-header-meta":"","adv-header-id-meta":"","stick-header-meta":"","header-above-stick-meta":"","header-main-stick-meta":"","header-below-stick-meta":"","astra-migrate-meta-layouts":"default","ast-page-background-enabled":"default","ast-page-background-meta":{"desktop":{"background-color":"var(--ast-global-color-4)","background-image":"","background-repeat":"repeat","background-position":"center center","background-size":"auto","background-attachment":"scroll","background-type":"","background-media":"","overlay-type":"","overlay-color":"","overlay-opacity":"","overlay-gradient":""},"tablet":{"background-color":"","background-image":"","background-repeat":"repeat","background-position":"center center","background-size":"auto","background-attachment":"scroll","background-type":"","background-media":"","overlay-type":"","overlay-color":"","overlay-opacity":"","overlay-gradient":""},"mobile":{"background-color":"","background-image":"","background-repeat":"repeat","background-position":"center center","background-size":"auto","background-attachment":"scroll","background-type":"","background-media":"","overlay-type":"","overlay-color":"","overlay-opacity":"","overlay-gradient":""}},"ast-content-background-meta":{"desktop":{"background-color":"var(--ast-global-color-5)","background-image":"","background-repeat":"repeat","background-position":"center center","background-size":"auto","background-attachment":"scroll","background-type":"","background-media":"","overlay-type":"","overlay-color":"","overlay-opacity":"","overlay-gradient":""},"tablet":{"background-color":"var(--ast-global-color-5)","background-image":"","background-repeat":"repeat","background-position":"center center","background-size":"auto","background-attachment":"scroll","background-type":"","background-media":"","overlay-type":"","overlay-color":"","overlay-opacity":"","overlay-gradient":""},"mobile":{"background-color":"var(--ast-global-color-5)","background-image":"","background-repeat":"repeat","background-position":"center center","background-size":"auto","background-attachment":"scroll","background-type":"","background-media":"","overlay-type":"","overlay-color":"","overlay-opacity":"","overlay-gradient":""}},"footnotes":""},"categories":[105],"tags":[10,22,139,140,15,13,21],"class_list":["post-1271","post","type-post","status-publish","format-standard","hentry","category-formation-2","tag-association","tag-benoit-hamon","tag-droit-des-fondations","tag-droit-des-fonds-de-dotation","tag-economie-sociale-et-solidaire","tag-fusion","tag-loi-dess"],"_links":{"self":[{"href":"https:\/\/www.npsconsulting-avocats.fr\/NPS\/wp-json\/wp\/v2\/posts\/1271","targetHints":{"allow":["GET"]}}],"collection":[{"href":"https:\/\/www.npsconsulting-avocats.fr\/NPS\/wp-json\/wp\/v2\/posts"}],"about":[{"href":"https:\/\/www.npsconsulting-avocats.fr\/NPS\/wp-json\/wp\/v2\/types\/post"}],"author":[{"embeddable":true,"href":"https:\/\/www.npsconsulting-avocats.fr\/NPS\/wp-json\/wp\/v2\/users\/2"}],"replies":[{"embeddable":true,"href":"https:\/\/www.npsconsulting-avocats.fr\/NPS\/wp-json\/wp\/v2\/comments?post=1271"}],"version-history":[{"count":15,"href":"https:\/\/www.npsconsulting-avocats.fr\/NPS\/wp-json\/wp\/v2\/posts\/1271\/revisions"}],"predecessor-version":[{"id":1397,"href":"https:\/\/www.npsconsulting-avocats.fr\/NPS\/wp-json\/wp\/v2\/posts\/1271\/revisions\/1397"}],"wp:attachment":[{"href":"https:\/\/www.npsconsulting-avocats.fr\/NPS\/wp-json\/wp\/v2\/media?parent=1271"}],"wp:term":[{"taxonomy":"category","embeddable":true,"href":"https:\/\/www.npsconsulting-avocats.fr\/NPS\/wp-json\/wp\/v2\/categories?post=1271"},{"taxonomy":"post_tag","embeddable":true,"href":"https:\/\/www.npsconsulting-avocats.fr\/NPS\/wp-json\/wp\/v2\/tags?post=1271"}],"curies":[{"name":"wp","href":"https:\/\/api.w.org\/{rel}","templated":true}]}}