{"id":1262,"date":"2014-02-14T12:19:11","date_gmt":"2014-02-14T10:19:11","guid":{"rendered":"http:\/\/www.npsconsulting-avocats.fr\/NPS\/?p=1262"},"modified":"2014-02-21T18:00:57","modified_gmt":"2014-02-21T16:00:57","slug":"retrouver-linterview-de-me-colas-amblard-dans-la-revue-directions-du-mois-de-fevrier-2014","status":"publish","type":"post","link":"https:\/\/www.npsconsulting-avocats.fr\/NPS\/retrouver-linterview-de-me-colas-amblard-dans-la-revue-directions-du-mois-de-fevrier-2014\/","title":{"rendered":"Retrouver l&rsquo;interview de Me Colas AMBLARD dans la revue Direction(s) du mois de f\u00e9vrier 2014"},"content":{"rendered":"<p style=\"text-align: center;\"><strong>\u00ab\u00a0Le fonds de dotation, un r\u00e9servoir financier\u00a0\u00bb Revue Direction(s), n\u00b0117, f\u00e9vrier 2014<\/strong><\/p>\n<p>Tr\u00e8s souples en mati\u00e8re de constitution et de gouvernance, les fonds de dotation sont appr\u00e9ci\u00e9s par les acteurs du secteur social et m\u00e9dico-social pour faire fructifier leurs projets d&rsquo;int\u00e9r\u00eat g\u00e9n\u00e9ral. Quelques cl\u00e9s pour optimiser leur gestion.<\/p>\n<p>Retrouvez ce mois-ci l&rsquo;interview de Me Colas AMBLARD dans l&rsquo;article intitul\u00e9 \u00ab\u00a0Le fonds de dotation, un r\u00e9servoir financier\u00a0\u00bb<\/p>\n<p><!--more--><\/p>\n<p>Direction(s) (n\u00b0117 &#8211; F\u00e9vr. 2014) est la revue de r\u00e9f\u00e9rence des directeurs et cadres du secteur social et m\u00e9dico-social.<\/p>\n<p>Pour consulter l&rsquo;article : <a title=\"cliquez ici\" href=\"http:\/\/www.directions.fr\/Gerer\/financement-tarification\/2014\/2\/Le-fonds-de-dotation-un-reservoir-financier-2018463W\/\">cliquez ici<\/a><\/p>\n<p>&nbsp;<\/p>\n","protected":false},"excerpt":{"rendered":"<p>\u00ab\u00a0Le fonds de dotation, un r\u00e9servoir financier\u00a0\u00bb Revue Direction(s), n\u00b0117, f\u00e9vrier 2014 Tr\u00e8s souples en mati\u00e8re de constitution et de gouvernance, les fonds de dotation sont appr\u00e9ci\u00e9s par les acteurs du secteur social et m\u00e9dico-social pour faire fructifier leurs projets d&rsquo;int\u00e9r\u00eat g\u00e9n\u00e9ral. Quelques cl\u00e9s pour optimiser leur gestion. Retrouvez ce mois-ci l&rsquo;interview de Me Colas [&hellip;]<\/p>\n","protected":false},"author":2,"featured_media":0,"comment_status":"open","ping_status":"open","sticky":false,"template":"","format":"standard","meta":{"site-sidebar-layout":"default","site-content-layout":"","ast-site-content-layout":"default","site-content-style":"default","site-sidebar-style":"default","ast-global-header-display":"","ast-banner-title-visibility":"","ast-main-header-display":"","ast-hfb-above-header-display":"","ast-hfb-below-header-display":"","ast-hfb-mobile-header-display":"","site-post-title":"","ast-breadcrumbs-content":"","ast-featured-img":"","footer-sml-layout":"","ast-disable-related-posts":"","theme-transparent-header-meta":"","adv-header-id-meta":"","stick-header-meta":"","header-above-stick-meta":"","header-main-stick-meta":"","header-below-stick-meta":"","astra-migrate-meta-layouts":"default","ast-page-background-enabled":"default","ast-page-background-meta":{"desktop":{"background-color":"var(--ast-global-color-4)","background-image":"","background-repeat":"repeat","background-position":"center center","background-size":"auto","background-attachment":"scroll","background-type":"","background-media":"","overlay-type":"","overlay-color":"","overlay-opacity":"","overlay-gradient":""},"tablet":{"background-color":"","background-image":"","background-repeat":"repeat","background-position":"center center","background-size":"auto","background-attachment":"scroll","background-type":"","background-media":"","overlay-type":"","overlay-color":"","overlay-opacity":"","overlay-gradient":""},"mobile":{"background-color":"","background-image":"","background-repeat":"repeat","background-position":"center center","background-size":"auto","background-attachment":"scroll","background-type":"","background-media":"","overlay-type":"","overlay-color":"","overlay-opacity":"","overlay-gradient":""}},"ast-content-background-meta":{"desktop":{"background-color":"var(--ast-global-color-5)","background-image":"","background-repeat":"repeat","background-position":"center center","background-size":"auto","background-attachment":"scroll","background-type":"","background-media":"","overlay-type":"","overlay-color":"","overlay-opacity":"","overlay-gradient":""},"tablet":{"background-color":"var(--ast-global-color-5)","background-image":"","background-repeat":"repeat","background-position":"center center","background-size":"auto","background-attachment":"scroll","background-type":"","background-media":"","overlay-type":"","overlay-color":"","overlay-opacity":"","overlay-gradient":""},"mobile":{"background-color":"var(--ast-global-color-5)","background-image":"","background-repeat":"repeat","background-position":"center center","background-size":"auto","background-attachment":"scroll","background-type":"","background-media":"","overlay-type":"","overlay-color":"","overlay-opacity":"","overlay-gradient":""}},"footnotes":""},"categories":[124,1],"tags":[146,147,148,145,43,143,79,77,49,76,144],"class_list":["post-1262","post","type-post","status-publish","format-standard","hentry","category-communique-de-presse","category-non-classe","tag-avocat-et-fonds-de-dotation","tag-avocat-et-mecenat","tag-avocat-et-restructuration-des-associations","tag-avocat-specialise-dans-le-secteur-des-osbl","tag-colas-amblard","tag-directions","tag-fonds-de-dotation","tag-isbl-consultants","tag-mecenat","tag-nps-consulting","tag-secteur-social-et-medico-social"],"_links":{"self":[{"href":"https:\/\/www.npsconsulting-avocats.fr\/NPS\/wp-json\/wp\/v2\/posts\/1262","targetHints":{"allow":["GET"]}}],"collection":[{"href":"https:\/\/www.npsconsulting-avocats.fr\/NPS\/wp-json\/wp\/v2\/posts"}],"about":[{"href":"https:\/\/www.npsconsulting-avocats.fr\/NPS\/wp-json\/wp\/v2\/types\/post"}],"author":[{"embeddable":true,"href":"https:\/\/www.npsconsulting-avocats.fr\/NPS\/wp-json\/wp\/v2\/users\/2"}],"replies":[{"embeddable":true,"href":"https:\/\/www.npsconsulting-avocats.fr\/NPS\/wp-json\/wp\/v2\/comments?post=1262"}],"version-history":[{"count":4,"href":"https:\/\/www.npsconsulting-avocats.fr\/NPS\/wp-json\/wp\/v2\/posts\/1262\/revisions"}],"predecessor-version":[{"id":1270,"href":"https:\/\/www.npsconsulting-avocats.fr\/NPS\/wp-json\/wp\/v2\/posts\/1262\/revisions\/1270"}],"wp:attachment":[{"href":"https:\/\/www.npsconsulting-avocats.fr\/NPS\/wp-json\/wp\/v2\/media?parent=1262"}],"wp:term":[{"taxonomy":"category","embeddable":true,"href":"https:\/\/www.npsconsulting-avocats.fr\/NPS\/wp-json\/wp\/v2\/categories?post=1262"},{"taxonomy":"post_tag","embeddable":true,"href":"https:\/\/www.npsconsulting-avocats.fr\/NPS\/wp-json\/wp\/v2\/tags?post=1262"}],"curies":[{"name":"wp","href":"https:\/\/api.w.org\/{rel}","templated":true}]}}