{"id":1147,"date":"2013-09-27T10:38:12","date_gmt":"2013-09-27T08:38:12","guid":{"rendered":"http:\/\/www.npsconsulting-avocats.fr\/NPS\/?p=1147"},"modified":"2013-12-18T17:13:43","modified_gmt":"2013-12-18T15:13:43","slug":"prochaine-formation-creer-et-gerer-son-fonds-de-dotation-lyon-29-novembre-2013","status":"publish","type":"post","link":"https:\/\/www.npsconsulting-avocats.fr\/NPS\/prochaine-formation-creer-et-gerer-son-fonds-de-dotation-lyon-29-novembre-2013\/","title":{"rendered":"Prochaine formation : \u00ab\u00a0Cr\u00e9er et g\u00e9rer son fonds de dotation\u00a0\u00bb (Lyon, 29 novembre 2013)"},"content":{"rendered":"<p class=\"spip\">Le vendredi <strong>29 novembre\u00a0prochain<\/strong>\u00a0aura lieu \u00e0 Lyon une formation Atelier-D\u00e9bat ISBL CONSULTANTS sur le th\u00e8me\u00a0: \u00ab\u00a0<a href=\"http:\/\/www.isbl-consultants.fr\/creer_et_gerer_son_fonds_de_dotation1c0.html?PHPSESSID=a81c58dee6841a91094558b072452358\">Cr\u00e9er et g\u00e9rer son fonds de dotation\u00a0<\/a>\u00bb.<\/p>\n<p class=\"spip\">Anim\u00e9e par\u00a0<a href=\"http:\/\/www.isbl-consultants.com\/equip_10.html\" target=\"_blank\">Colas AMBLARD<\/a>,\u00a0Docteur en droit &#8211; Avocat &#8211; Auteur de l&rsquo;ouvrage <a href=\"http:\/\/librairie-droit.lamy.fr\/epages\/wkdroit.sf\/produit\/21271\/les-fonds-de-dotation?referent=home\">\u00ab\u00a0Fonds de dotation : une r\u00e9volution dans le monde des institutions sans but lucratif ?\u00a0\u00bb<\/a> (Lamy, collec. Axe droit 2010) &#8211; Directeur des Publications ISBL CONSULTANTS.<\/p>\n<p class=\"spip\">Cette formation est organis\u00e9e par <a title=\"ISBL consultants\" href=\"http:\/\/www.isbl-consultants.fr\">ISBL consultants<\/a> en partenariat avec la\u00a0<a href=\"http:\/\/www.wkf.fr\/fiche-produit\/editions-lamy\/secteur-public-associations\/302-lamy-associations.html\">Soci\u00e9t\u00e9 d\u2019\u00e9ditions Wolters-Kluwer Lamy Associations<\/a>.<\/p>\n<p class=\"spip\">R\u00e9servez votre Atelier-D\u00e9bat (<a href=\"http:\/\/www.isbl-consultants.com\/user_files\/\/bulletin_dinscription_-_29112013_.pdf\">bulletin d\u2019inscription ci-joint<\/a>).<\/p>\n<p class=\"spip\">Nombre de places restreint.<\/p>\n<p class=\"spip\">Pour plus d&rsquo;informations : <a title=\"cliquez ici\" href=\"http:\/\/www.isbl-consultants.fr\">cliquez ici<\/a><\/p>\n","protected":false},"excerpt":{"rendered":"<p>Le vendredi 29 novembre\u00a0prochain\u00a0aura lieu \u00e0 Lyon une formation Atelier-D\u00e9bat ISBL CONSULTANTS sur le th\u00e8me\u00a0: \u00ab\u00a0Cr\u00e9er et g\u00e9rer son fonds de dotation\u00a0\u00bb. Anim\u00e9e par\u00a0Colas AMBLARD,\u00a0Docteur en droit &#8211; Avocat &#8211; Auteur de l&rsquo;ouvrage \u00ab\u00a0Fonds de dotation : une r\u00e9volution dans le monde des institutions sans but lucratif ?\u00a0\u00bb (Lamy, collec. Axe droit 2010) &#8211; Directeur [&hellip;]<\/p>\n","protected":false},"author":2,"featured_media":0,"comment_status":"open","ping_status":"open","sticky":false,"template":"","format":"standard","meta":{"site-sidebar-layout":"default","site-content-layout":"","ast-site-content-layout":"default","site-content-style":"default","site-sidebar-style":"default","ast-global-header-display":"","ast-banner-title-visibility":"","ast-main-header-display":"","ast-hfb-above-header-display":"","ast-hfb-below-header-display":"","ast-hfb-mobile-header-display":"","site-post-title":"","ast-breadcrumbs-content":"","ast-featured-img":"","footer-sml-layout":"","ast-disable-related-posts":"","theme-transparent-header-meta":"","adv-header-id-meta":"","stick-header-meta":"","header-above-stick-meta":"","header-main-stick-meta":"","header-below-stick-meta":"","astra-migrate-meta-layouts":"default","ast-page-background-enabled":"default","ast-page-background-meta":{"desktop":{"background-color":"var(--ast-global-color-4)","background-image":"","background-repeat":"repeat","background-position":"center center","background-size":"auto","background-attachment":"scroll","background-type":"","background-media":"","overlay-type":"","overlay-color":"","overlay-opacity":"","overlay-gradient":""},"tablet":{"background-color":"","background-image":"","background-repeat":"repeat","background-position":"center center","background-size":"auto","background-attachment":"scroll","background-type":"","background-media":"","overlay-type":"","overlay-color":"","overlay-opacity":"","overlay-gradient":""},"mobile":{"background-color":"","background-image":"","background-repeat":"repeat","background-position":"center center","background-size":"auto","background-attachment":"scroll","background-type":"","background-media":"","overlay-type":"","overlay-color":"","overlay-opacity":"","overlay-gradient":""}},"ast-content-background-meta":{"desktop":{"background-color":"var(--ast-global-color-5)","background-image":"","background-repeat":"repeat","background-position":"center center","background-size":"auto","background-attachment":"scroll","background-type":"","background-media":"","overlay-type":"","overlay-color":"","overlay-opacity":"","overlay-gradient":""},"tablet":{"background-color":"var(--ast-global-color-5)","background-image":"","background-repeat":"repeat","background-position":"center center","background-size":"auto","background-attachment":"scroll","background-type":"","background-media":"","overlay-type":"","overlay-color":"","overlay-opacity":"","overlay-gradient":""},"mobile":{"background-color":"var(--ast-global-color-5)","background-image":"","background-repeat":"repeat","background-position":"center center","background-size":"auto","background-attachment":"scroll","background-type":"","background-media":"","overlay-type":"","overlay-color":"","overlay-opacity":"","overlay-gradient":""}},"footnotes":""},"categories":[105],"tags":[9,22,43,67,138,139,140,17,15,126,46,78,79,35,42,77,21,49,68,18,6,76,14,11,20,107],"class_list":["post-1147","post","type-post","status-publish","format-standard","hentry","category-formation-2","tag-avocat","tag-benoit-hamon","tag-colas-amblard","tag-culture","tag-droit-des-associations","tag-droit-des-fondations","tag-droit-des-fonds-de-dotation","tag-droit-du-sport","tag-economie-sociale-et-solidaire","tag-fiscalite-des-associations","tag-fiscalite-du-sport","tag-fondation","tag-fonds-de-dotation","tag-interet-general","tag-isbl","tag-isbl-consultants","tag-loi-dess","tag-mecenat","tag-mecenat-culturel","tag-mecenat-sportif","tag-nonprofit-sector","tag-nps-consulting","tag-organisme-sans-but-lucratif","tag-restructuration","tag-sponsoring","tag-www-isbl-consultants-fr"],"_links":{"self":[{"href":"https:\/\/www.npsconsulting-avocats.fr\/NPS\/wp-json\/wp\/v2\/posts\/1147","targetHints":{"allow":["GET"]}}],"collection":[{"href":"https:\/\/www.npsconsulting-avocats.fr\/NPS\/wp-json\/wp\/v2\/posts"}],"about":[{"href":"https:\/\/www.npsconsulting-avocats.fr\/NPS\/wp-json\/wp\/v2\/types\/post"}],"author":[{"embeddable":true,"href":"https:\/\/www.npsconsulting-avocats.fr\/NPS\/wp-json\/wp\/v2\/users\/2"}],"replies":[{"embeddable":true,"href":"https:\/\/www.npsconsulting-avocats.fr\/NPS\/wp-json\/wp\/v2\/comments?post=1147"}],"version-history":[{"count":3,"href":"https:\/\/www.npsconsulting-avocats.fr\/NPS\/wp-json\/wp\/v2\/posts\/1147\/revisions"}],"predecessor-version":[{"id":1208,"href":"https:\/\/www.npsconsulting-avocats.fr\/NPS\/wp-json\/wp\/v2\/posts\/1147\/revisions\/1208"}],"wp:attachment":[{"href":"https:\/\/www.npsconsulting-avocats.fr\/NPS\/wp-json\/wp\/v2\/media?parent=1147"}],"wp:term":[{"taxonomy":"category","embeddable":true,"href":"https:\/\/www.npsconsulting-avocats.fr\/NPS\/wp-json\/wp\/v2\/categories?post=1147"},{"taxonomy":"post_tag","embeddable":true,"href":"https:\/\/www.npsconsulting-avocats.fr\/NPS\/wp-json\/wp\/v2\/tags?post=1147"}],"curies":[{"name":"wp","href":"https:\/\/api.w.org\/{rel}","templated":true}]}}